{"id":4597,"date":"2011-11-28T16:46:26","date_gmt":"2011-11-28T19:46:26","guid":{"rendered":"http:\/\/caballitotequiero.com.ar\/portal\/?p=4597"},"modified":"2011-11-28T19:58:49","modified_gmt":"2011-11-28T22:58:49","slug":"la-comunidad-de-santa-julia-celebro-los-40-anos-de-sacerdocio-de-monsenor-antonio-aloisio","status":"publish","type":"post","link":"http:\/\/caballitotequiero.com.ar\/portal\/2011\/11\/28\/la-comunidad-de-santa-julia-celebro-los-40-anos-de-sacerdocio-de-monsenor-antonio-aloisio\/","title":{"rendered":"LA COMUNIDAD DE SANTA JULIA CELEBR\u00d3 LOS 40 A\u00d1OS DE SACERDOCIO DE MONSE\u00d1OR ANTONIO ALOISIO"},"content":{"rendered":"<p>El domingo 27 de noviembre, el p\u00e1rroco de Santa Julia, Monse\u00f1or Antonio \u201cToto\u201d Aloisio, cumplio 40 a\u00f1os de sacerdocio.<\/p>\n<p>Por tal motivo, a las 19.00, se oficio una misa concelebrada en la parroquia. Acompa\u00f1aron a Monse\u00f1or Aloisio los siguientes sacerdotes: Monse\u00f1or Enrique Egu\u00eda Segu\u00ed, Monse\u00f1or Jorge Schoeffer, Monse\u00f1or Vicente B\u00e1rtolo, Pbro. Ricardo Larken, Pbro.\u00a0Oscar Mercado Bolton, Pbro. Esteban Casella, Pbro.\u00a0Jos\u00e9 Mar\u00eda\u00a0 Vallarino, Pbro. Marcelo Herdegen, Pbro. Diego Ibarvia, Pbro. Adolfo Granillo Ocampo, Pbro. Juan Francisco Gargheis, Pbro. Rodolfo Arroyo, Pbro.\u00a0Juli\u00e1n Ant\u00f3n, Pbro.\u00a0Fabio\u00a0 Porcel, \u00a0Pbro. Gustavo Gil, Pbro.\u00a0Juan Mart\u00edn Andr\u00e9, Pbro. Adri\u00e1n Leonelli, Pbro. Mart\u00edn Bordieu, Pbro.\u00a0Alberto Sorace, Pbro. Mariano Tello, Pbro. Andr\u00e9s Tello, Pbro. Marcelo Tabbia, Pbro. \u00a0Dar\u00edo Quintana, Pbro.\u00a0Fernando Giannetti, Pbro.\u00a0Juan Bautista Xatruch, Pbro.\u00a0Abel Contreras, Pbro.\u00a0Leopoldo Messer, Pbro. \u00a0Carlos Bouzz\u00f3n, Pbro.\u00a0Alois Bachmann, Pbro. Jorge Lettera.<\/p>\n<p>Los fieles concurrieron masivamente a la misa para, posteriormente, saludar a su p\u00e1rroco.<\/p>\n<p>Esta ser\u00eda una nota correcta que, cumplir\u00eda su funci\u00f3n de informar al vecino sobre un acontecimiento sucedido en el barrio.<\/p>\n<p>Sin embargo, un medio barrial que, es tambi\u00e9n vecino, no puede abstraerse de lo que existe m\u00e1s all\u00e1 de la fr\u00eda cr\u00f3nica. No puede, tan solo, expresar que los feligreses asistieron en gran n\u00famero a la parroquia.<\/p>\n<p>Es necesario decir que el domingo 27, la iglesia de Santa Julia, colmada en su capacidad, con sillas agregadas y p\u00fablico de pie fue obra del amor. Del amor que los vecinos sienten por Toto que, corresponde el amor de Toto por todos ellos. Ese Toto que fue dejando jirones de su cuerpo, de su salud, en estos cuarenta a\u00f1os.<\/p>\n<p>Ese Toto al que no le basta hacer mucho por la gente, tambi\u00e9n sabe estar con ellos.<\/p>\n<p>Un cura que comparte y se conmueve con el dolor. Alguien que tiene la capacidad de descubrir, en sus hermanos sacerdotes, la pobreza y, los asiste, tanto en la enfermedad como en la necesidad.<\/p>\n<p>Ese Toto que descubre y entiende el coraz\u00f3n de los pecadores. Alguien que descubri\u00f3, hace mucho, el gozo de servir en la misericordia.<\/p>\n<p>Esa iglesia llena de bote a bote, escuch\u00f3 las palabras de humildad y de agradecimiento de Toto: \u201cAgradezco a los feligreses, a mi familia, a mis hermanos sacerdotes, a mis amigos. Especialmente al padre Severino, de la parroquia de Santa Rita, quien me ense\u00f1ara el catecismo\u201d.<\/p>\n<p>Una iglesia que se conmovi\u00f3 ante un recuerdo \u00edntimo de Monse\u00f1or Aloisio: \u201cA los 14 a\u00f1os, yo era monaguillo. Le ped\u00ed a la Virgen que aclarara mi vocaci\u00f3n\u00bb.<\/p>\n<p>\u00abPaso una semana y yo no ve\u00eda se\u00f1ales de una respuesta. Pero, en una procesi\u00f3n, mientras ve\u00eda alejarse la imagen de la Virgen, paso a mi lado una persona con un rosario en la mano y, me dijo: Ya le ped\u00ed a la Virgen un lugar en el Seminario, para vos. Un a\u00f1o mas tarde estaba cursando el Seminario\u201d.<\/p>\n<p>Un p\u00e1rroco que record\u00f3 en su misa a su pap\u00e1, Rafael Cayetano Aloisio, quien falleciera hace poco tiempo. Tambi\u00e9n al joven padre Chifri, fallecido en Salta el ultimo jueves 24 de noviembre. Recordado con inmenso cari\u00f1o en la parroquia de Santa Julia.<\/p>\n<p>Un Toto que, llor\u00f3 abrazando a su mam\u00e1, quien, mezclo las l\u00e1grimas de un dolor cercano, con las de alegr\u00eda por ver los sue\u00f1os realizados de un hijo.<\/p>\n<p>Es por eso que, el cronista-vecino, no puede menos que emocionarse al ver el fervor de un hombre. Un simple hombre que se dejo seducir por el amor de Cristo y, lo hizo parte de su vida. Una larga vida de 40 a\u00f1os sirviendo a los dem\u00e1s.<\/p>\n<p>Santa Julia repleta de feligreses que, hicieron largas colas para abrazar y felicitar a su p\u00e1rroco; es la muestra concreta del \u00e9xito de 40 a\u00f1os de sacerdocio del padre Toto.<\/p>\n<p>Monse\u00f1or Antonio \u201cToto\u201d Aloisio, \u00a1Las felicitaciones y las gracias de sus feligreses y vecinos de Caballito!<\/p>\n<p><img loading=\"lazy\" decoding=\"async\" class=\"alignleft size-full wp-image-4598\" src=\"http:\/\/caballitotequiero.com.ar\/portal\/wp-content\/uploads\/2011\/11\/0-monse\u00f1or-aloisio-1.jpg\" alt=\"\" width=\"510\" height=\"383\" srcset=\"http:\/\/caballitotequiero.com.ar\/portal\/wp-content\/uploads\/2011\/11\/0-monse\u00f1or-aloisio-1.jpg 510w, http:\/\/caballitotequiero.com.ar\/portal\/wp-content\/uploads\/2011\/11\/0-monse\u00f1or-aloisio-1-300x225.jpg 300w, http:\/\/caballitotequiero.com.ar\/portal\/wp-content\/uploads\/2011\/11\/0-monse\u00f1or-aloisio-1-80x60.jpg 80w\" sizes=\"auto, (max-width: 510px) 100vw, 510px\" \/><\/p>\n<div id=\"attachment_4599\" style=\"width: 520px\" class=\"wp-caption alignleft\"><img loading=\"lazy\" decoding=\"async\" aria-describedby=\"caption-attachment-4599\" class=\"size-full wp-image-4599\" src=\"http:\/\/caballitotequiero.com.ar\/portal\/wp-content\/uploads\/2011\/11\/0-monse\u00f1or-aloisio-2.jpg\" alt=\"\" width=\"510\" height=\"383\" srcset=\"http:\/\/caballitotequiero.com.ar\/portal\/wp-content\/uploads\/2011\/11\/0-monse\u00f1or-aloisio-2.jpg 510w, http:\/\/caballitotequiero.com.ar\/portal\/wp-content\/uploads\/2011\/11\/0-monse\u00f1or-aloisio-2-300x225.jpg 300w, http:\/\/caballitotequiero.com.ar\/portal\/wp-content\/uploads\/2011\/11\/0-monse\u00f1or-aloisio-2-80x60.jpg 80w\" sizes=\"auto, (max-width: 510px) 100vw, 510px\" \/><p id=\"caption-attachment-4599\" class=\"wp-caption-text\">Participaron en la misa concelebrada m\u00e1s de 20 sacerdotes<\/p><\/div>\n<div id=\"attachment_4600\" style=\"width: 520px\" class=\"wp-caption alignleft\"><img loading=\"lazy\" decoding=\"async\" aria-describedby=\"caption-attachment-4600\" class=\"size-full wp-image-4600\" src=\"http:\/\/caballitotequiero.com.ar\/portal\/wp-content\/uploads\/2011\/11\/0-monse\u00f1or-aloisio-3.jpg\" alt=\"\" width=\"510\" height=\"383\" srcset=\"http:\/\/caballitotequiero.com.ar\/portal\/wp-content\/uploads\/2011\/11\/0-monse\u00f1or-aloisio-3.jpg 510w, http:\/\/caballitotequiero.com.ar\/portal\/wp-content\/uploads\/2011\/11\/0-monse\u00f1or-aloisio-3-300x225.jpg 300w, http:\/\/caballitotequiero.com.ar\/portal\/wp-content\/uploads\/2011\/11\/0-monse\u00f1or-aloisio-3-80x60.jpg 80w\" sizes=\"auto, (max-width: 510px) 100vw, 510px\" \/><p id=\"caption-attachment-4600\" class=\"wp-caption-text\">En la primera fila se ubic\u00f3 la madre y la hermana del Padre Aloisio<\/p><\/div>\n<div id=\"attachment_4601\" style=\"width: 520px\" class=\"wp-caption alignleft\"><img loading=\"lazy\" decoding=\"async\" aria-describedby=\"caption-attachment-4601\" class=\"size-full wp-image-4601\" src=\"http:\/\/caballitotequiero.com.ar\/portal\/wp-content\/uploads\/2011\/11\/0-monse\u00f1or-aloisio-4.jpg\" alt=\"\" width=\"510\" height=\"384\" srcset=\"http:\/\/caballitotequiero.com.ar\/portal\/wp-content\/uploads\/2011\/11\/0-monse\u00f1or-aloisio-4.jpg 510w, http:\/\/caballitotequiero.com.ar\/portal\/wp-content\/uploads\/2011\/11\/0-monse\u00f1or-aloisio-4-300x225.jpg 300w, http:\/\/caballitotequiero.com.ar\/portal\/wp-content\/uploads\/2011\/11\/0-monse\u00f1or-aloisio-4-80x60.jpg 80w\" sizes=\"auto, (max-width: 510px) 100vw, 510px\" \/><p id=\"caption-attachment-4601\" class=\"wp-caption-text\">Como no pod\u00eda ser de otra manera, la homilia, seguida con atenci\u00f3n por los vecinos,  estuvo dedicada a los 40 a\u00f1os de &quot;Toto&quot; <\/p><\/div>\n<p><img loading=\"lazy\" decoding=\"async\" class=\"alignleft size-full wp-image-4602\" src=\"http:\/\/caballitotequiero.com.ar\/portal\/wp-content\/uploads\/2011\/11\/0-monse\u00f1or-aloisio-5.jpg\" alt=\"\" width=\"510\" height=\"383\" srcset=\"http:\/\/caballitotequiero.com.ar\/portal\/wp-content\/uploads\/2011\/11\/0-monse\u00f1or-aloisio-5.jpg 510w, http:\/\/caballitotequiero.com.ar\/portal\/wp-content\/uploads\/2011\/11\/0-monse\u00f1or-aloisio-5-300x225.jpg 300w, http:\/\/caballitotequiero.com.ar\/portal\/wp-content\/uploads\/2011\/11\/0-monse\u00f1or-aloisio-5-80x60.jpg 80w\" sizes=\"auto, (max-width: 510px) 100vw, 510px\" \/><\/p>\n<div id=\"attachment_4603\" style=\"width: 520px\" class=\"wp-caption alignleft\"><img loading=\"lazy\" decoding=\"async\" aria-describedby=\"caption-attachment-4603\" class=\"size-full wp-image-4603\" src=\"http:\/\/caballitotequiero.com.ar\/portal\/wp-content\/uploads\/2011\/11\/0-monse\u00f1or-aloisio-6.jpg\" alt=\"\" width=\"510\" height=\"484\" srcset=\"http:\/\/caballitotequiero.com.ar\/portal\/wp-content\/uploads\/2011\/11\/0-monse\u00f1or-aloisio-6.jpg 510w, http:\/\/caballitotequiero.com.ar\/portal\/wp-content\/uploads\/2011\/11\/0-monse\u00f1or-aloisio-6-300x284.jpg 300w\" sizes=\"auto, (max-width: 510px) 100vw, 510px\" \/><p id=\"caption-attachment-4603\" class=\"wp-caption-text\">Diferentes im\u00e1genes de &quot;Toto&quot; durante la misa<\/p><\/div>\n<div id=\"attachment_4604\" style=\"width: 520px\" class=\"wp-caption alignleft\"><img loading=\"lazy\" decoding=\"async\" aria-describedby=\"caption-attachment-4604\" class=\"size-full wp-image-4604\" src=\"http:\/\/caballitotequiero.com.ar\/portal\/wp-content\/uploads\/2011\/11\/0-monse\u00f1or-aloisio-7.jpg\" alt=\"\" width=\"510\" height=\"404\" srcset=\"http:\/\/caballitotequiero.com.ar\/portal\/wp-content\/uploads\/2011\/11\/0-monse\u00f1or-aloisio-7.jpg 510w, http:\/\/caballitotequiero.com.ar\/portal\/wp-content\/uploads\/2011\/11\/0-monse\u00f1or-aloisio-7-300x237.jpg 300w\" sizes=\"auto, (max-width: 510px) 100vw, 510px\" \/><p id=\"caption-attachment-4604\" class=\"wp-caption-text\">El coro realiz\u00f3 una excelente interpretaci\u00f3n del Ave Mar\u00eda<\/p><\/div>\n<p><img loading=\"lazy\" decoding=\"async\" class=\"alignleft size-full wp-image-4605\" src=\"http:\/\/caballitotequiero.com.ar\/portal\/wp-content\/uploads\/2011\/11\/0-monse\u00f1or-aloisio-8.jpg\" alt=\"\" width=\"510\" height=\"402\" srcset=\"http:\/\/caballitotequiero.com.ar\/portal\/wp-content\/uploads\/2011\/11\/0-monse\u00f1or-aloisio-8.jpg 510w, http:\/\/caballitotequiero.com.ar\/portal\/wp-content\/uploads\/2011\/11\/0-monse\u00f1or-aloisio-8-300x236.jpg 300w\" sizes=\"auto, (max-width: 510px) 100vw, 510px\" \/><\/p>\n<div id=\"attachment_4606\" style=\"width: 520px\" class=\"wp-caption alignleft\"><img loading=\"lazy\" decoding=\"async\" aria-describedby=\"caption-attachment-4606\" class=\"size-full wp-image-4606\" src=\"http:\/\/caballitotequiero.com.ar\/portal\/wp-content\/uploads\/2011\/11\/0-monse\u00f1or-aloisio-9.jpg\" alt=\"\" width=\"510\" height=\"383\" srcset=\"http:\/\/caballitotequiero.com.ar\/portal\/wp-content\/uploads\/2011\/11\/0-monse\u00f1or-aloisio-9.jpg 510w, http:\/\/caballitotequiero.com.ar\/portal\/wp-content\/uploads\/2011\/11\/0-monse\u00f1or-aloisio-9-300x225.jpg 300w, http:\/\/caballitotequiero.com.ar\/portal\/wp-content\/uploads\/2011\/11\/0-monse\u00f1or-aloisio-9-80x60.jpg 80w\" sizes=\"auto, (max-width: 510px) 100vw, 510px\" \/><p id=\"caption-attachment-4606\" class=\"wp-caption-text\">La emoci\u00f3n de Antonio &quot;Toto&quot; Aloisio<\/p><\/div>\n<div id=\"attachment_4607\" style=\"width: 520px\" class=\"wp-caption alignleft\"><img loading=\"lazy\" decoding=\"async\" aria-describedby=\"caption-attachment-4607\" class=\"size-full wp-image-4607\" src=\"http:\/\/caballitotequiero.com.ar\/portal\/wp-content\/uploads\/2011\/11\/0-monse\u00f1or-aloisio-10.jpg\" alt=\"\" width=\"510\" height=\"348\" srcset=\"http:\/\/caballitotequiero.com.ar\/portal\/wp-content\/uploads\/2011\/11\/0-monse\u00f1or-aloisio-10.jpg 510w, http:\/\/caballitotequiero.com.ar\/portal\/wp-content\/uploads\/2011\/11\/0-monse\u00f1or-aloisio-10-300x204.jpg 300w\" sizes=\"auto, (max-width: 510px) 100vw, 510px\" \/><p id=\"caption-attachment-4607\" class=\"wp-caption-text\">Durante la celebraci\u00f3n fue le\u00eddo un texto de Su Santidad Benedicto XVI, felicitando a Monse\u00f1or por sus 40 a\u00f1os de sacerdocio.<\/p><\/div>\n<div id=\"attachment_4608\" style=\"width: 520px\" class=\"wp-caption alignleft\"><img loading=\"lazy\" decoding=\"async\" aria-describedby=\"caption-attachment-4608\" class=\"size-full wp-image-4608\" src=\"http:\/\/caballitotequiero.com.ar\/portal\/wp-content\/uploads\/2011\/11\/0-monse\u00f1or-aloisio-11.jpg\" alt=\"\" width=\"510\" height=\"383\" srcset=\"http:\/\/caballitotequiero.com.ar\/portal\/wp-content\/uploads\/2011\/11\/0-monse\u00f1or-aloisio-11.jpg 510w, http:\/\/caballitotequiero.com.ar\/portal\/wp-content\/uploads\/2011\/11\/0-monse\u00f1or-aloisio-11-300x225.jpg 300w, http:\/\/caballitotequiero.com.ar\/portal\/wp-content\/uploads\/2011\/11\/0-monse\u00f1or-aloisio-11-80x60.jpg 80w\" sizes=\"auto, (max-width: 510px) 100vw, 510px\" \/><p id=\"caption-attachment-4608\" class=\"wp-caption-text\">Al finalizar la ceremonia, los vecinos se acercaron a saludar y felicitar a Toto<\/p><\/div>\n<p><img loading=\"lazy\" decoding=\"async\" class=\"alignleft size-full wp-image-4609\" src=\"http:\/\/caballitotequiero.com.ar\/portal\/wp-content\/uploads\/2011\/11\/0-monse\u00f1or-aloisio-12.jpg\" alt=\"\" width=\"510\" height=\"495\" srcset=\"http:\/\/caballitotequiero.com.ar\/portal\/wp-content\/uploads\/2011\/11\/0-monse\u00f1or-aloisio-12.jpg 510w, http:\/\/caballitotequiero.com.ar\/portal\/wp-content\/uploads\/2011\/11\/0-monse\u00f1or-aloisio-12-300x291.jpg 300w\" sizes=\"auto, (max-width: 510px) 100vw, 510px\" \/><img loading=\"lazy\" decoding=\"async\" class=\"alignleft size-full wp-image-4610\" src=\"http:\/\/caballitotequiero.com.ar\/portal\/wp-content\/uploads\/2011\/11\/0-monse\u00f1or-aloisio-13.jpg\" alt=\"\" width=\"510\" height=\"383\" srcset=\"http:\/\/caballitotequiero.com.ar\/portal\/wp-content\/uploads\/2011\/11\/0-monse\u00f1or-aloisio-13.jpg 510w, http:\/\/caballitotequiero.com.ar\/portal\/wp-content\/uploads\/2011\/11\/0-monse\u00f1or-aloisio-13-300x225.jpg 300w, http:\/\/caballitotequiero.com.ar\/portal\/wp-content\/uploads\/2011\/11\/0-monse\u00f1or-aloisio-13-80x60.jpg 80w\" sizes=\"auto, (max-width: 510px) 100vw, 510px\" \/><\/p>\n<div id=\"attachment_4611\" style=\"width: 520px\" class=\"wp-caption alignleft\"><img loading=\"lazy\" decoding=\"async\" aria-describedby=\"caption-attachment-4611\" class=\"size-full wp-image-4611\" title=\"0 monse\u00f1or aloisio 14\" src=\"http:\/\/caballitotequiero.com.ar\/portal\/wp-content\/uploads\/2011\/11\/0-monse\u00f1or-aloisio-14.jpg\" alt=\"\" width=\"510\" height=\"217\" srcset=\"http:\/\/caballitotequiero.com.ar\/portal\/wp-content\/uploads\/2011\/11\/0-monse\u00f1or-aloisio-14.jpg 510w, http:\/\/caballitotequiero.com.ar\/portal\/wp-content\/uploads\/2011\/11\/0-monse\u00f1or-aloisio-14-300x127.jpg 300w\" sizes=\"auto, (max-width: 510px) 100vw, 510px\" \/><p id=\"caption-attachment-4611\" class=\"wp-caption-text\">En el patio del Colegio parroquial &quot;Monse\u00f1or Sabelli&quot; se organiz\u00f3 un peque\u00f1o brindis para el homenejeado, su familia y vecinos.<\/p><\/div>\n","protected":false},"excerpt":{"rendered":"<p>El domingo 27 de noviembre, el p\u00e1rroco de Santa Julia, Monse\u00f1or Antonio \u201cToto\u201d Aloisio, cumplio 40 a\u00f1os de sacerdocio. Por tal motivo, a las 19.00, se oficio una misa concelebrada en la parroquia. Acompa\u00f1aron a Monse\u00f1or Aloisio los siguientes sacerdotes: Monse\u00f1or Enrique Egu\u00eda Segu\u00ed, Monse\u00f1or Jorge Schoeffer, Monse\u00f1or Vicente B\u00e1rtolo, Pbro. Ricardo Larken, Pbro.\u00a0Oscar Mercado [&hellip;]<\/p>\n","protected":false},"author":1,"featured_media":4612,"comment_status":"open","ping_status":"open","sticky":false,"template":"","format":"standard","meta":{"footnotes":""},"categories":[5],"tags":[],"class_list":["post-4597","post","type-post","status-publish","format-standard","has-post-thumbnail","hentry","category-noticias"],"_links":{"self":[{"href":"http:\/\/caballitotequiero.com.ar\/portal\/wp-json\/wp\/v2\/posts\/4597","targetHints":{"allow":["GET"]}}],"collection":[{"href":"http:\/\/caballitotequiero.com.ar\/portal\/wp-json\/wp\/v2\/posts"}],"about":[{"href":"http:\/\/caballitotequiero.com.ar\/portal\/wp-json\/wp\/v2\/types\/post"}],"author":[{"embeddable":true,"href":"http:\/\/caballitotequiero.com.ar\/portal\/wp-json\/wp\/v2\/users\/1"}],"replies":[{"embeddable":true,"href":"http:\/\/caballitotequiero.com.ar\/portal\/wp-json\/wp\/v2\/comments?post=4597"}],"version-history":[{"count":3,"href":"http:\/\/caballitotequiero.com.ar\/portal\/wp-json\/wp\/v2\/posts\/4597\/revisions"}],"predecessor-version":[{"id":4614,"href":"http:\/\/caballitotequiero.com.ar\/portal\/wp-json\/wp\/v2\/posts\/4597\/revisions\/4614"}],"wp:featuredmedia":[{"embeddable":true,"href":"http:\/\/caballitotequiero.com.ar\/portal\/wp-json\/wp\/v2\/media\/4612"}],"wp:attachment":[{"href":"http:\/\/caballitotequiero.com.ar\/portal\/wp-json\/wp\/v2\/media?parent=4597"}],"wp:term":[{"taxonomy":"category","embeddable":true,"href":"http:\/\/caballitotequiero.com.ar\/portal\/wp-json\/wp\/v2\/categories?post=4597"},{"taxonomy":"post_tag","embeddable":true,"href":"http:\/\/caballitotequiero.com.ar\/portal\/wp-json\/wp\/v2\/tags?post=4597"}],"curies":[{"name":"wp","href":"https:\/\/api.w.org\/{rel}","templated":true}]}}