{"id":4616,"date":"2011-11-29T00:21:55","date_gmt":"2011-11-29T03:21:55","guid":{"rendered":"http:\/\/caballitotequiero.com.ar\/portal\/?p=4616"},"modified":"2011-11-29T00:23:07","modified_gmt":"2011-11-29T03:23:07","slug":"acompanamos-a-lidia-colimodio","status":"publish","type":"post","link":"http:\/\/caballitotequiero.com.ar\/portal\/2011\/11\/29\/acompanamos-a-lidia-colimodio\/","title":{"rendered":"ACOMPA\u00d1AMOS A LIDIA COLIMODIO"},"content":{"rendered":"<p>El lunes 28 de noviembre, falleci\u00f3 Carlos J. Colimodio, esposo de la Directora del Centro Cultural \u201cLola Mora\u201d, Sra. Lidia Colimodio.<\/p>\n<p>Ante la temprana y sorpresiva desaparici\u00f3n de su se\u00f1or esposo, Horizonte, La Revista de Caballito, acompa\u00f1a a Lidia y a sus hijas en el profundo dolor por tan lamentable p\u00e9rdida.<\/p>\n<p>Los restos de Carlos Colimodio son velados, hasta las 11.00 del 29 de noviembre, en la sala mortuoria de la calle Colpayo 276. Desde all\u00ed, ser\u00e1n trasladados al cementerio de la Chacarita.<\/p>\n","protected":false},"excerpt":{"rendered":"<p>El lunes 28 de noviembre, falleci\u00f3 Carlos J. Colimodio, esposo de la Directora del Centro Cultural \u201cLola Mora\u201d, Sra. Lidia Colimodio. Ante la temprana y sorpresiva desaparici\u00f3n de su se\u00f1or esposo, Horizonte, La Revista de Caballito, acompa\u00f1a a Lidia y a sus hijas en el profundo dolor por tan lamentable p\u00e9rdida. Los restos de Carlos [&hellip;]<\/p>\n","protected":false},"author":1,"featured_media":4619,"comment_status":"open","ping_status":"open","sticky":false,"template":"","format":"standard","meta":{"footnotes":""},"categories":[5],"tags":[],"class_list":["post-4616","post","type-post","status-publish","format-standard","has-post-thumbnail","hentry","category-noticias"],"_links":{"self":[{"href":"http:\/\/caballitotequiero.com.ar\/portal\/wp-json\/wp\/v2\/posts\/4616","targetHints":{"allow":["GET"]}}],"collection":[{"href":"http:\/\/caballitotequiero.com.ar\/portal\/wp-json\/wp\/v2\/posts"}],"about":[{"href":"http:\/\/caballitotequiero.com.ar\/portal\/wp-json\/wp\/v2\/types\/post"}],"author":[{"embeddable":true,"href":"http:\/\/caballitotequiero.com.ar\/portal\/wp-json\/wp\/v2\/users\/1"}],"replies":[{"embeddable":true,"href":"http:\/\/caballitotequiero.com.ar\/portal\/wp-json\/wp\/v2\/comments?post=4616"}],"version-history":[{"count":2,"href":"http:\/\/caballitotequiero.com.ar\/portal\/wp-json\/wp\/v2\/posts\/4616\/revisions"}],"predecessor-version":[{"id":4620,"href":"http:\/\/caballitotequiero.com.ar\/portal\/wp-json\/wp\/v2\/posts\/4616\/revisions\/4620"}],"wp:featuredmedia":[{"embeddable":true,"href":"http:\/\/caballitotequiero.com.ar\/portal\/wp-json\/wp\/v2\/media\/4619"}],"wp:attachment":[{"href":"http:\/\/caballitotequiero.com.ar\/portal\/wp-json\/wp\/v2\/media?parent=4616"}],"wp:term":[{"taxonomy":"category","embeddable":true,"href":"http:\/\/caballitotequiero.com.ar\/portal\/wp-json\/wp\/v2\/categories?post=4616"},{"taxonomy":"post_tag","embeddable":true,"href":"http:\/\/caballitotequiero.com.ar\/portal\/wp-json\/wp\/v2\/tags?post=4616"}],"curies":[{"name":"wp","href":"https:\/\/api.w.org\/{rel}","templated":true}]}}