{"id":4630,"date":"2011-11-29T19:14:04","date_gmt":"2011-11-29T22:14:04","guid":{"rendered":"http:\/\/caballitotequiero.com.ar\/portal\/?p=4630"},"modified":"2011-11-30T09:24:12","modified_gmt":"2011-11-30T12:24:12","slug":"inauguran-una-unidad-basica-en-caballito","status":"publish","type":"post","link":"http:\/\/caballitotequiero.com.ar\/portal\/2011\/11\/29\/inauguran-una-unidad-basica-en-caballito\/","title":{"rendered":"INAUGURAN UNA UNIDAD B\u00c1SICA EN CABALLITO"},"content":{"rendered":"<p>La agrupaci\u00f3n La C\u00e1mpora informa que el viernes 2 de diciembre a las 19 hs., \u00a0inaugurar\u00e1n la Unidad B\u00e1sica \u00abLealtad al Pueblo\u00bb en <strong>Parral \u00a0119, entre Yerbal y las v\u00edas<\/strong>.<\/p>\n<p>Habr\u00e1 shows de arte, exposici\u00f3n de fotos, bandas y cerrar\u00e1 la Conducci\u00f3n Nacional de La C\u00e1mpora.<\/p>\n<p><img loading=\"lazy\" decoding=\"async\" class=\"alignleft size-full wp-image-4631\" src=\"http:\/\/caballitotequiero.com.ar\/portal\/wp-content\/uploads\/2011\/11\/un-lealtad-al-pueblo.jpg\" alt=\"\" width=\"425\" height=\"596\" srcset=\"http:\/\/caballitotequiero.com.ar\/portal\/wp-content\/uploads\/2011\/11\/un-lealtad-al-pueblo.jpg 425w, http:\/\/caballitotequiero.com.ar\/portal\/wp-content\/uploads\/2011\/11\/un-lealtad-al-pueblo-213x300.jpg 213w\" sizes=\"auto, (max-width: 425px) 100vw, 425px\" \/><\/p>\n","protected":false},"excerpt":{"rendered":"<p>La agrupaci\u00f3n La C\u00e1mpora informa que el viernes 2 de diciembre a las 19 hs., \u00a0inaugurar\u00e1n la Unidad B\u00e1sica \u00abLealtad al Pueblo\u00bb en Parral \u00a0119, entre Yerbal y las v\u00edas. Habr\u00e1 shows de arte, exposici\u00f3n de fotos, bandas y cerrar\u00e1 la Conducci\u00f3n Nacional de La C\u00e1mpora.<\/p>\n","protected":false},"author":1,"featured_media":4632,"comment_status":"open","ping_status":"open","sticky":false,"template":"","format":"standard","meta":{"footnotes":""},"categories":[5],"tags":[],"class_list":["post-4630","post","type-post","status-publish","format-standard","has-post-thumbnail","hentry","category-noticias"],"_links":{"self":[{"href":"http:\/\/caballitotequiero.com.ar\/portal\/wp-json\/wp\/v2\/posts\/4630","targetHints":{"allow":["GET"]}}],"collection":[{"href":"http:\/\/caballitotequiero.com.ar\/portal\/wp-json\/wp\/v2\/posts"}],"about":[{"href":"http:\/\/caballitotequiero.com.ar\/portal\/wp-json\/wp\/v2\/types\/post"}],"author":[{"embeddable":true,"href":"http:\/\/caballitotequiero.com.ar\/portal\/wp-json\/wp\/v2\/users\/1"}],"replies":[{"embeddable":true,"href":"http:\/\/caballitotequiero.com.ar\/portal\/wp-json\/wp\/v2\/comments?post=4630"}],"version-history":[{"count":2,"href":"http:\/\/caballitotequiero.com.ar\/portal\/wp-json\/wp\/v2\/posts\/4630\/revisions"}],"predecessor-version":[{"id":4647,"href":"http:\/\/caballitotequiero.com.ar\/portal\/wp-json\/wp\/v2\/posts\/4630\/revisions\/4647"}],"wp:featuredmedia":[{"embeddable":true,"href":"http:\/\/caballitotequiero.com.ar\/portal\/wp-json\/wp\/v2\/media\/4632"}],"wp:attachment":[{"href":"http:\/\/caballitotequiero.com.ar\/portal\/wp-json\/wp\/v2\/media?parent=4630"}],"wp:term":[{"taxonomy":"category","embeddable":true,"href":"http:\/\/caballitotequiero.com.ar\/portal\/wp-json\/wp\/v2\/categories?post=4630"},{"taxonomy":"post_tag","embeddable":true,"href":"http:\/\/caballitotequiero.com.ar\/portal\/wp-json\/wp\/v2\/tags?post=4630"}],"curies":[{"name":"wp","href":"https:\/\/api.w.org\/{rel}","templated":true}]}}