{"id":4639,"date":"2011-11-30T00:39:38","date_gmt":"2011-11-30T03:39:38","guid":{"rendered":"http:\/\/caballitotequiero.com.ar\/portal\/?p=4639"},"modified":"2011-11-30T00:39:38","modified_gmt":"2011-11-30T03:39:38","slug":"fiesta-de-fin-de-ano-en-el-centro-cultural-sebastian-piana","status":"publish","type":"post","link":"http:\/\/caballitotequiero.com.ar\/portal\/2011\/11\/30\/fiesta-de-fin-de-ano-en-el-centro-cultural-sebastian-piana\/","title":{"rendered":"FIESTA DE FIN DE A\u00d1O EN EL CENTRO CULTURAL SEBASTI\u00c1N PIANA"},"content":{"rendered":"<p>El Centro Cultural Sebasti\u00e1n Piana invita a la Fiesta de A\u00f1o, donde realizar\u00e1n una muestra de los talleres que tuvieron lugar durante el a\u00f1o.<\/p>\n<p>El evento ser\u00e1 el viernes 2 de diciembre a las 20 hs en Pu\u00e1n 360 con entrada libre y gratuita.<\/p>\n<p><img loading=\"lazy\" decoding=\"async\" class=\"alignleft size-full wp-image-4640\" src=\"http:\/\/caballitotequiero.com.ar\/portal\/wp-content\/uploads\/2011\/11\/sebastian-piana.jpg\" alt=\"\" width=\"510\" height=\"360\" srcset=\"http:\/\/caballitotequiero.com.ar\/portal\/wp-content\/uploads\/2011\/11\/sebastian-piana.jpg 510w, http:\/\/caballitotequiero.com.ar\/portal\/wp-content\/uploads\/2011\/11\/sebastian-piana-300x211.jpg 300w\" sizes=\"auto, (max-width: 510px) 100vw, 510px\" \/><\/p>\n","protected":false},"excerpt":{"rendered":"<p>El Centro Cultural Sebasti\u00e1n Piana invita a la Fiesta de A\u00f1o, donde realizar\u00e1n una muestra de los talleres que tuvieron lugar durante el a\u00f1o. El evento ser\u00e1 el viernes 2 de diciembre a las 20 hs en Pu\u00e1n 360 con entrada libre y gratuita.<\/p>\n","protected":false},"author":1,"featured_media":4641,"comment_status":"open","ping_status":"open","sticky":false,"template":"","format":"standard","meta":{"footnotes":""},"categories":[5],"tags":[],"class_list":["post-4639","post","type-post","status-publish","format-standard","has-post-thumbnail","hentry","category-noticias"],"_links":{"self":[{"href":"http:\/\/caballitotequiero.com.ar\/portal\/wp-json\/wp\/v2\/posts\/4639","targetHints":{"allow":["GET"]}}],"collection":[{"href":"http:\/\/caballitotequiero.com.ar\/portal\/wp-json\/wp\/v2\/posts"}],"about":[{"href":"http:\/\/caballitotequiero.com.ar\/portal\/wp-json\/wp\/v2\/types\/post"}],"author":[{"embeddable":true,"href":"http:\/\/caballitotequiero.com.ar\/portal\/wp-json\/wp\/v2\/users\/1"}],"replies":[{"embeddable":true,"href":"http:\/\/caballitotequiero.com.ar\/portal\/wp-json\/wp\/v2\/comments?post=4639"}],"version-history":[{"count":1,"href":"http:\/\/caballitotequiero.com.ar\/portal\/wp-json\/wp\/v2\/posts\/4639\/revisions"}],"predecessor-version":[{"id":4642,"href":"http:\/\/caballitotequiero.com.ar\/portal\/wp-json\/wp\/v2\/posts\/4639\/revisions\/4642"}],"wp:featuredmedia":[{"embeddable":true,"href":"http:\/\/caballitotequiero.com.ar\/portal\/wp-json\/wp\/v2\/media\/4641"}],"wp:attachment":[{"href":"http:\/\/caballitotequiero.com.ar\/portal\/wp-json\/wp\/v2\/media?parent=4639"}],"wp:term":[{"taxonomy":"category","embeddable":true,"href":"http:\/\/caballitotequiero.com.ar\/portal\/wp-json\/wp\/v2\/categories?post=4639"},{"taxonomy":"post_tag","embeddable":true,"href":"http:\/\/caballitotequiero.com.ar\/portal\/wp-json\/wp\/v2\/tags?post=4639"}],"curies":[{"name":"wp","href":"https:\/\/api.w.org\/{rel}","templated":true}]}}