{"id":4643,"date":"2011-11-30T00:48:53","date_gmt":"2011-11-30T03:48:53","guid":{"rendered":"http:\/\/caballitotequiero.com.ar\/portal\/?p=4643"},"modified":"2011-11-30T00:48:53","modified_gmt":"2011-11-30T03:48:53","slug":"fiesta-en-ferro","status":"publish","type":"post","link":"http:\/\/caballitotequiero.com.ar\/portal\/2011\/11\/30\/fiesta-en-ferro\/","title":{"rendered":"FIESTA EN FERRO"},"content":{"rendered":"<p>El pr\u00f3ximo viernes 2 de diciembre, a partir de las 20.30 hs, la Mutual de Socios del Club Ferro Carril Oeste organiza la Fiesta de Fin de A\u00f1o. Habr\u00e1 m\u00fasica, artistas en vivo, participar\u00e1 el coro del club y est\u00e1n previstos sorteos y muchas m\u00e1s sorpresas. Est\u00e1 dirigido a socios, simpatizantes y vecinos.<\/p>\n<p>Avellaneda 1240. Puerta 6. Entrada libre y gratuita.<\/p>\n<p><img loading=\"lazy\" decoding=\"async\" class=\"alignleft size-full wp-image-4644\" src=\"http:\/\/caballitotequiero.com.ar\/portal\/wp-content\/uploads\/2011\/11\/ferro-fiesta.jpg\" alt=\"\" width=\"510\" height=\"700\" srcset=\"http:\/\/caballitotequiero.com.ar\/portal\/wp-content\/uploads\/2011\/11\/ferro-fiesta.jpg 510w, http:\/\/caballitotequiero.com.ar\/portal\/wp-content\/uploads\/2011\/11\/ferro-fiesta-218x300.jpg 218w\" sizes=\"auto, (max-width: 510px) 100vw, 510px\" \/><\/p>\n","protected":false},"excerpt":{"rendered":"<p>El pr\u00f3ximo viernes 2 de diciembre, a partir de las 20.30 hs, la Mutual de Socios del Club Ferro Carril Oeste organiza la Fiesta de Fin de A\u00f1o. Habr\u00e1 m\u00fasica, artistas en vivo, participar\u00e1 el coro del club y est\u00e1n previstos sorteos y muchas m\u00e1s sorpresas. Est\u00e1 dirigido a socios, simpatizantes y vecinos. Avellaneda 1240. [&hellip;]<\/p>\n","protected":false},"author":1,"featured_media":4645,"comment_status":"open","ping_status":"open","sticky":false,"template":"","format":"standard","meta":{"footnotes":""},"categories":[5],"tags":[],"class_list":["post-4643","post","type-post","status-publish","format-standard","has-post-thumbnail","hentry","category-noticias"],"_links":{"self":[{"href":"http:\/\/caballitotequiero.com.ar\/portal\/wp-json\/wp\/v2\/posts\/4643","targetHints":{"allow":["GET"]}}],"collection":[{"href":"http:\/\/caballitotequiero.com.ar\/portal\/wp-json\/wp\/v2\/posts"}],"about":[{"href":"http:\/\/caballitotequiero.com.ar\/portal\/wp-json\/wp\/v2\/types\/post"}],"author":[{"embeddable":true,"href":"http:\/\/caballitotequiero.com.ar\/portal\/wp-json\/wp\/v2\/users\/1"}],"replies":[{"embeddable":true,"href":"http:\/\/caballitotequiero.com.ar\/portal\/wp-json\/wp\/v2\/comments?post=4643"}],"version-history":[{"count":1,"href":"http:\/\/caballitotequiero.com.ar\/portal\/wp-json\/wp\/v2\/posts\/4643\/revisions"}],"predecessor-version":[{"id":4646,"href":"http:\/\/caballitotequiero.com.ar\/portal\/wp-json\/wp\/v2\/posts\/4643\/revisions\/4646"}],"wp:featuredmedia":[{"embeddable":true,"href":"http:\/\/caballitotequiero.com.ar\/portal\/wp-json\/wp\/v2\/media\/4645"}],"wp:attachment":[{"href":"http:\/\/caballitotequiero.com.ar\/portal\/wp-json\/wp\/v2\/media?parent=4643"}],"wp:term":[{"taxonomy":"category","embeddable":true,"href":"http:\/\/caballitotequiero.com.ar\/portal\/wp-json\/wp\/v2\/categories?post=4643"},{"taxonomy":"post_tag","embeddable":true,"href":"http:\/\/caballitotequiero.com.ar\/portal\/wp-json\/wp\/v2\/tags?post=4643"}],"curies":[{"name":"wp","href":"https:\/\/api.w.org\/{rel}","templated":true}]}}