{"id":4648,"date":"2011-11-30T19:36:48","date_gmt":"2011-11-30T22:36:48","guid":{"rendered":"http:\/\/caballitotequiero.com.ar\/portal\/?p=4648"},"modified":"2011-11-30T20:22:33","modified_gmt":"2011-11-30T23:22:33","slug":"cierre-de-la-encuesta-sobre-la-construccion-de-un-nuevo-shopping","status":"publish","type":"post","link":"http:\/\/caballitotequiero.com.ar\/portal\/2011\/11\/30\/cierre-de-la-encuesta-sobre-la-construccion-de-un-nuevo-shopping\/","title":{"rendered":"CIERRE DE LA ENCUESTA SOBRE LA CONSTRUCCI\u00d3N DE UN NUEVO SHOPPING"},"content":{"rendered":"<p>\ufeff<\/p>\n<p>Caballito Te Quiero inicio el 26\/08\/11, una consulta a los vecinos del barrio de Caballito respecto a la construcci\u00f3n de un nuevo centro comercial en el predio ubicado sobre la avenida Avellaneda al 1400 (entre el puente Nicol\u00e1s Vila y la Comisaria 13\u00b0).<\/p>\n<p>Luego de 3 meses y 22 d\u00edas, votaron 2.725 personas. Si consideramos que, el total de habitantes del barrio, seg\u00fan el \u00faltimo censo del a\u00f1o 2010, es de 178.116; el n\u00famero de votantes en la encuesta representa el 1,53 % de la poblaci\u00f3n de Caballito.<\/p>\n<p>Este 1,53 % votaron por las siguientes opciones:<\/p>\n<p><strong>S\u00ed estoy de acuerdo con la construcci\u00f3n de un nuevo Shopping:\u00a0 64 %<\/strong><\/p>\n<p><strong>No estoy de acuerdo con la construcci\u00f3n de un nuevo Shopping: 33 %<\/strong><\/p>\n<p><strong>No sabe. No contesta:\u00a0\u00a0\u00a0\u00a0\u00a0\u00a0\u00a0\u00a0\u00a0\u00a0\u00a0\u00a0\u00a0\u00a0\u00a0\u00a0\u00a0\u00a0\u00a0\u00a0\u00a0\u00a0\u00a0\u00a0\u00a0\u00a0\u00a0\u00a0\u00a0\u00a0\u00a0\u00a0\u00a0\u00a0\u00a0\u00a0\u00a0\u00a0\u00a0\u00a0\u00a0\u00a0\u00a0\u00a0\u00a0\u00a0\u00a0\u00a0\u00a0\u00a0\u00a0\u00a0\u00a0\u00a0\u00a0\u00a0\u00a0\u00a0\u00a0\u00a0\u00a0\u00a0\u00a0\u00a0\u00a0\u00a0\u00a0\u00a0\u00a0 \u00a0\u00a0\u00a0\u00a0\u00a03 %<\/strong><\/p>\n<p>El 15,3 % de la poblaci\u00f3n total es, a los efectos de una encuesta, un n\u00famero suficiente para indicar una tendencia general.<\/p>\n<p>Por ello, esta encuesta realizada por Caballito Te Quiero, donde \u00a0vecinos de todo el barrio de Caballito, pudieron votar libremente y, as\u00ed expresar su opini\u00f3n; es una demostraci\u00f3n v\u00e1lida de que la construcci\u00f3n del centro comercial es un anhelo del barrio.<\/p>\n<p>M\u00e1s de dos mil personas opinando en esta p\u00e1gina, supera en mucho las escuetas y pat\u00e9ticas cantidades de participantes en las marchas y protestas apoyando la postura de NO AL SHOPPING organizadas por distintas organizaciones, partidos pol\u00edticos y c\u00e1maras de comercio.<\/p>\n<p>Escuetas y pat\u00e9ticas, en tanto y en cuanto, un grup\u00fasculo que, en las m\u00e1s numerosas de sus marchas no alcanza a reunir al 0,11 % del total de los 178.116 habitantes del \u00a0barrio, se arrogan, soberbiamente, la representatividad de los mismos. A\u00fan cuando, una poderosa organizaci\u00f3n como CAME, respondiendo a intereses sectoriales, aportara grandes sumas de dinero, log\u00edstica, difusi\u00f3n e, incluso micros con manifestantes de otros barrios; a\u00fan as\u00ed, nunca pudieron superar las doscientas personas.<\/p>\n<p>Esta encuesta que, finaliza hoy, junto a la domiciliaria, hecha hace tres a\u00f1os por Horizonte que, arrojara un resultado similar, son una demostraci\u00f3n de la realidad. Sin duda no hay mejores instrumentos que la consulta popular y democr\u00e1tica para dejar que sean los ciudadanos los que elijan su calidad de vida y el tipo de barrio que quieren.<\/p>\n<p>Estas herramientas superan, en mucho, las protestas callejeras que, no por estent\u00f3reas y medi\u00e1ticas, son cre\u00edbles ni representativas. Adem\u00e1s, en muchos casos responden a intereses sectoriales, personales y\u00a0 pol\u00edticos.<\/p>\n<p>Los vecinos que anhelan que el centro comercial de vida y mejore la parte m\u00e1s sumergida, oscura y peligrosa de Caballito son los mismos vecinos que, tambi\u00e9n anhelan el soterrado de las v\u00edas del ferrocarril, para ver hecho realidad el Corredor Verde del Oeste o Parque del Bicentenario; esos vecinos deber\u00e1n esperar hasta el pr\u00f3ximo a\u00f1o para que el shopping sea un sue\u00f1o cumplido.<\/p>\n<p>Esto se debe a que, las sesiones de la Legislatura, tocan a su fin el pr\u00f3ximo 9 de diciembre, para ser retomadas en marzo y, all\u00ed es donde se definir\u00e1 la posibilidad de construirlo.<\/p>\n<p>Es notable observar, como el resultado del 64 % por el SI al centro comercial, tiene indudables cercan\u00edas con otros, recientes, resultados en las pasadas elecciones para Jefe de Gobierno o Presidente de la Naci\u00f3n.<\/p>\n<p>Vox populi, vox Dei.<\/p>\n<p><img loading=\"lazy\" decoding=\"async\" class=\"alignleft size-full wp-image-4649\" src=\"http:\/\/caballitotequiero.com.ar\/portal\/wp-content\/uploads\/2011\/11\/encuesta.jpg\" alt=\"\" width=\"425\" height=\"534\" srcset=\"http:\/\/caballitotequiero.com.ar\/portal\/wp-content\/uploads\/2011\/11\/encuesta.jpg 425w, http:\/\/caballitotequiero.com.ar\/portal\/wp-content\/uploads\/2011\/11\/encuesta-238x300.jpg 238w\" sizes=\"auto, (max-width: 425px) 100vw, 425px\" \/><\/p>\n","protected":false},"excerpt":{"rendered":"<p>\ufeff Caballito Te Quiero inicio el 26\/08\/11, una consulta a los vecinos del barrio de Caballito respecto a la construcci\u00f3n de un nuevo centro comercial en el predio ubicado sobre la avenida Avellaneda al 1400 (entre el puente Nicol\u00e1s Vila y la Comisaria 13\u00b0). Luego de 3 meses y 22 d\u00edas, votaron 2.725 personas. Si [&hellip;]<\/p>\n","protected":false},"author":1,"featured_media":4650,"comment_status":"open","ping_status":"open","sticky":false,"template":"","format":"standard","meta":{"footnotes":""},"categories":[5],"tags":[],"class_list":["post-4648","post","type-post","status-publish","format-standard","has-post-thumbnail","hentry","category-noticias"],"_links":{"self":[{"href":"http:\/\/caballitotequiero.com.ar\/portal\/wp-json\/wp\/v2\/posts\/4648","targetHints":{"allow":["GET"]}}],"collection":[{"href":"http:\/\/caballitotequiero.com.ar\/portal\/wp-json\/wp\/v2\/posts"}],"about":[{"href":"http:\/\/caballitotequiero.com.ar\/portal\/wp-json\/wp\/v2\/types\/post"}],"author":[{"embeddable":true,"href":"http:\/\/caballitotequiero.com.ar\/portal\/wp-json\/wp\/v2\/users\/1"}],"replies":[{"embeddable":true,"href":"http:\/\/caballitotequiero.com.ar\/portal\/wp-json\/wp\/v2\/comments?post=4648"}],"version-history":[{"count":6,"href":"http:\/\/caballitotequiero.com.ar\/portal\/wp-json\/wp\/v2\/posts\/4648\/revisions"}],"predecessor-version":[{"id":4652,"href":"http:\/\/caballitotequiero.com.ar\/portal\/wp-json\/wp\/v2\/posts\/4648\/revisions\/4652"}],"wp:featuredmedia":[{"embeddable":true,"href":"http:\/\/caballitotequiero.com.ar\/portal\/wp-json\/wp\/v2\/media\/4650"}],"wp:attachment":[{"href":"http:\/\/caballitotequiero.com.ar\/portal\/wp-json\/wp\/v2\/media?parent=4648"}],"wp:term":[{"taxonomy":"category","embeddable":true,"href":"http:\/\/caballitotequiero.com.ar\/portal\/wp-json\/wp\/v2\/categories?post=4648"},{"taxonomy":"post_tag","embeddable":true,"href":"http:\/\/caballitotequiero.com.ar\/portal\/wp-json\/wp\/v2\/tags?post=4648"}],"curies":[{"name":"wp","href":"https:\/\/api.w.org\/{rel}","templated":true}]}}