{"id":46789,"date":"2024-10-16T14:48:01","date_gmt":"2024-10-16T17:48:01","guid":{"rendered":"http:\/\/caballitotequiero.com.ar\/portal\/?p=46789"},"modified":"2024-10-18T14:53:30","modified_gmt":"2024-10-18T17:53:30","slug":"encuentro-de-vecinos-con-funcionarios-de-la-ciudad","status":"publish","type":"post","link":"http:\/\/caballitotequiero.com.ar\/portal\/2024\/10\/16\/encuentro-de-vecinos-con-funcionarios-de-la-ciudad\/","title":{"rendered":"ENCUENTRO DE VECINOS CON FUNCIONARIOS DE LA CIUDAD"},"content":{"rendered":"\n<p>El mi\u00e9rcoles 16 de octubre tuvo lugar una reuni\u00f3n con vecinos y funcionarios en los salones de la Confiter\u00eda El Greco, Rivadavia al 5300.<br>Concurri\u00f3 la vicejefa de gobierno de la Ciudad, Clara Muzzio, el Ministro de Infraestructura Pablo Bereciartua; Juan Pablo Vacas del Ministerio de Espacio P\u00fablico; Federico Ball\u00e1n presidente de la Junta Comunal 6, los comuneros Ignacio Abarca y Samanta Pepe, entre otros funcionarios.<br>La modalidad de trabajo fue armar mesas de diez vecinos y en cada una de ellas participaba un funcionario de la Ciudad y otro de la Comuna. De esta forma todos pudieron opinar y presentar propuestas. Se trabaj\u00f3 sobre un plano de Caballito para poder ubicar los puntos a tratar. Entre otros temas se habl\u00f3 de la necesidad de m\u00e1s seguridad, se trat\u00f3 la obra pr\u00f3xima a comenzar del t\u00fanel en la calle Federico Garc\u00eda Lorca, el parque lineal en la calle Honorio Pueyrred\u00f3n, y muchos otros temas que los vecinos fueron planteando.<br>Clara Muzzio y Federico Ball\u00e1n fueron recorriendo cada una de las mesas escuchando las diferentes propuestas y dando respuestas.<br>Finalmente cada mesa de trabajo hizo un resumen de los temas tratados y todas las propuestas fueron recogidas para ser estudiadas por los funcionarios.<\/p>\n\n\n\n<figure class=\"wp-block-image size-full\"><a href=\"http:\/\/caballitotequiero.com.ar\/portal\/wp-content\/uploads\/2024\/10\/reunion-vecinos-2.jpg\"><img loading=\"lazy\" decoding=\"async\" width=\"700\" height=\"886\" src=\"http:\/\/caballitotequiero.com.ar\/portal\/wp-content\/uploads\/2024\/10\/reunion-vecinos-2.jpg\" alt=\"\" class=\"wp-image-46790\" srcset=\"http:\/\/caballitotequiero.com.ar\/portal\/wp-content\/uploads\/2024\/10\/reunion-vecinos-2.jpg 700w, http:\/\/caballitotequiero.com.ar\/portal\/wp-content\/uploads\/2024\/10\/reunion-vecinos-2-237x300.jpg 237w, http:\/\/caballitotequiero.com.ar\/portal\/wp-content\/uploads\/2024\/10\/reunion-vecinos-2-557x705.jpg 557w\" sizes=\"auto, (max-width: 700px) 100vw, 700px\" \/><\/a><\/figure>\n\n\n\n<p><\/p>\n\n\n\n<figure class=\"wp-block-image size-full\"><a href=\"http:\/\/caballitotequiero.com.ar\/portal\/wp-content\/uploads\/2024\/10\/reunion-vecinos-1.jpg\"><img loading=\"lazy\" decoding=\"async\" width=\"700\" height=\"467\" src=\"http:\/\/caballitotequiero.com.ar\/portal\/wp-content\/uploads\/2024\/10\/reunion-vecinos-1.jpg\" alt=\"\" class=\"wp-image-46791\" srcset=\"http:\/\/caballitotequiero.com.ar\/portal\/wp-content\/uploads\/2024\/10\/reunion-vecinos-1.jpg 700w, http:\/\/caballitotequiero.com.ar\/portal\/wp-content\/uploads\/2024\/10\/reunion-vecinos-1-300x200.jpg 300w\" sizes=\"auto, (max-width: 700px) 100vw, 700px\" \/><\/a><\/figure>\n\n\n\n<figure class=\"wp-block-image size-full\"><a href=\"http:\/\/caballitotequiero.com.ar\/portal\/wp-content\/uploads\/2024\/10\/reunion-vecinos-4.jpg\"><img loading=\"lazy\" decoding=\"async\" width=\"700\" height=\"434\" src=\"http:\/\/caballitotequiero.com.ar\/portal\/wp-content\/uploads\/2024\/10\/reunion-vecinos-4.jpg\" alt=\"\" class=\"wp-image-46792\" srcset=\"http:\/\/caballitotequiero.com.ar\/portal\/wp-content\/uploads\/2024\/10\/reunion-vecinos-4.jpg 700w, http:\/\/caballitotequiero.com.ar\/portal\/wp-content\/uploads\/2024\/10\/reunion-vecinos-4-300x186.jpg 300w\" sizes=\"auto, (max-width: 700px) 100vw, 700px\" \/><\/a><\/figure>\n","protected":false},"excerpt":{"rendered":"<p>El mi\u00e9rcoles 16 de octubre tuvo lugar una reuni\u00f3n con vecinos y funcionarios en los salones de la Confiter\u00eda El Greco, Rivadavia al 5300.Concurri\u00f3 la vicejefa de gobierno de la Ciudad, Clara Muzzio, el Ministro de Infraestructura Pablo Bereciartua; Juan Pablo Vacas del Ministerio de Espacio P\u00fablico; Federico Ball\u00e1n presidente de la Junta Comunal 6, [&hellip;]<\/p>\n","protected":false},"author":1,"featured_media":46790,"comment_status":"closed","ping_status":"open","sticky":false,"template":"","format":"standard","meta":{"footnotes":""},"categories":[5],"tags":[],"class_list":["post-46789","post","type-post","status-publish","format-standard","has-post-thumbnail","hentry","category-noticias"],"_links":{"self":[{"href":"http:\/\/caballitotequiero.com.ar\/portal\/wp-json\/wp\/v2\/posts\/46789","targetHints":{"allow":["GET"]}}],"collection":[{"href":"http:\/\/caballitotequiero.com.ar\/portal\/wp-json\/wp\/v2\/posts"}],"about":[{"href":"http:\/\/caballitotequiero.com.ar\/portal\/wp-json\/wp\/v2\/types\/post"}],"author":[{"embeddable":true,"href":"http:\/\/caballitotequiero.com.ar\/portal\/wp-json\/wp\/v2\/users\/1"}],"replies":[{"embeddable":true,"href":"http:\/\/caballitotequiero.com.ar\/portal\/wp-json\/wp\/v2\/comments?post=46789"}],"version-history":[{"count":1,"href":"http:\/\/caballitotequiero.com.ar\/portal\/wp-json\/wp\/v2\/posts\/46789\/revisions"}],"predecessor-version":[{"id":46793,"href":"http:\/\/caballitotequiero.com.ar\/portal\/wp-json\/wp\/v2\/posts\/46789\/revisions\/46793"}],"wp:featuredmedia":[{"embeddable":true,"href":"http:\/\/caballitotequiero.com.ar\/portal\/wp-json\/wp\/v2\/media\/46790"}],"wp:attachment":[{"href":"http:\/\/caballitotequiero.com.ar\/portal\/wp-json\/wp\/v2\/media?parent=46789"}],"wp:term":[{"taxonomy":"category","embeddable":true,"href":"http:\/\/caballitotequiero.com.ar\/portal\/wp-json\/wp\/v2\/categories?post=46789"},{"taxonomy":"post_tag","embeddable":true,"href":"http:\/\/caballitotequiero.com.ar\/portal\/wp-json\/wp\/v2\/tags?post=46789"}],"curies":[{"name":"wp","href":"https:\/\/api.w.org\/{rel}","templated":true}]}}