{"id":46801,"date":"2024-10-22T20:03:08","date_gmt":"2024-10-22T23:03:08","guid":{"rendered":"http:\/\/caballitotequiero.com.ar\/portal\/?p=46801"},"modified":"2024-10-26T20:05:31","modified_gmt":"2024-10-26T23:05:31","slug":"las-tres-esquinas-del-caballito-3","status":"publish","type":"post","link":"http:\/\/caballitotequiero.com.ar\/portal\/2024\/10\/22\/las-tres-esquinas-del-caballito-3\/","title":{"rendered":"LAS TRES ESQUINAS DEL CABALLITO"},"content":{"rendered":"<p>En 1968, poco se sab\u00eda sobre la ubicaci\u00f3n de la pulper\u00eda que dio nombre al barrio. Se inici\u00f3 entonces una pol\u00e9mica en el diario Clar\u00edn, en la cual participaron entre otros investigadores, el autor de este art\u00edculo, quien m\u00e1s tarde, document\u00f3 sus descubrimientos en su libro \u201cSan Jos\u00e9 de Flores. El pueblo y el partido. 1580-1880\u201d. All\u00ed se\u00f1alaba, por primera vez, que existieron tres sucesivas pulper\u00edas del Caballito, ubicadas en tres esquinas diferentes. Este descubrimiento, dado a conocer en 1977, pas\u00f3 sin embargo desapercibido, pues el enga\u00f1oso t\u00edtulo del libro no hac\u00eda imaginar al lector desprevenido que uno de sus cap\u00edtulos se desarrollaba la historia del famoso almac\u00e9n. A partir de entonces, muchos autores y periodistas que escribieron sobre Caballito, copiaron impunemente mi relato sin mencionar la fuente. Por esta raz\u00f3n, lo reproducimos aqu\u00ed tal como apareci\u00f3 hace 30 a\u00f1os atr\u00e1s. Creemos que es de justicia, reivindicar la paternidad de nuestra investigaci\u00f3n hist\u00f3rica.<\/p>\n<p>Entre las pulper\u00edas o esquinas del partido de San Jos\u00e9 de Flores, la m\u00e1s afamada fue la del Caballito, porque su nombre perdur\u00f3 en la toponimia porte\u00f1a en el floreciente barrio hom\u00f3nimo. Hubo otras esquinas famosas que no tuvieron igual suerte, tal la de \u201cBachicha\u201d (Acoyte y Rivadavia) que tom\u00f3 su nombre de su due\u00f1o, el genov\u00e9s Juan Bautista Grimaldi, establecimiento que funcionaba ya a fines del siglo XVIII y que fue trabajado por don Tom\u00e1s Grigera, pasando luego a propiedad de Luis Na\u00f3n. Su aviso de venta aparece en la \u201cGaceta Mercantil\u201d del 6 de febrero de 1828.<br \/>\nSobre la famosa del Caballito, a mediados del siglo XX todav\u00eda se discut\u00eda sobre el lugar de su ubicaci\u00f3n, pues para esa \u00e9poca ya no exist\u00edan contempor\u00e1neos que pudieran dar una versi\u00f3n cierta de d\u00f3nde estaba instalada. Aclaramos que siempre se pens\u00f3 en un solo local, al que Bernardino Fern\u00e1ndez, en una serie de notas sobre el barrio, publicadas en Noticias Gr\u00e1ficas en 1955, denomina err\u00f2neamente como \u201cLa Posta del Caballito\u201d.<br \/>\nEn el a\u00f1o 1903, el tradicionalista Manuel Bilbao expresaba sobre el barrio: \u201cParece que el origen de este nombre ha sido un almac\u00e9n donde paraban las carretas que ven\u00edan del oeste. El se\u00f1or Enrique Ropes fue uno de los primeros propietarios del Caballito. Las quintas de Mulhall, Lezica, Cousandier, etc. se encuentran en este barrio, el que ha adelantado mucho en estos \u00faltimos a\u00f1os\u201d. Nada aporta Bilbao sobre d\u00f3nde estaba ubicado el almac\u00e9n o pulper\u00eda, ni quien fue su primer propietario.<br \/>\nLa m\u00e1s importante versi\u00f3n escrita, fue publicada por un inhallable diario local denominado \u201cEl Heraldo del Oeste\u201d que hizo en 1904, un reportaje a Teodoro Vila, hijo del primitivo fundador, don Nicol\u00e1s Vila. De esta nota evocativa, Bilbao dio a conocer la versi\u00f3n \u201ccl\u00e1sica\u201d del origen de Caballito.<br \/>\nPor su parte, un cronista de \u201cLa Naci\u00f3n\u201d entrevist\u00f3 en 1910 a don Leopoldo Domato, entonces propietario del establecimiento, quien hizo un resumen aproximado de su historia. Dice as\u00ed:<br \/>\n\u201cConoc\u00edamos de o\u00eddas que el barrio de Caballito hab\u00eda recibido su denominaci\u00f3n de un almac\u00e9n existente en la esquina de Rivadavia y Polvor\u00edn, donde se exhib\u00eda una veleta de lat\u00f3n representando un caballo. Llegamos al almac\u00e9n y se nos indic\u00f3 la casa del propietario, don Leopoldo Domato, all\u00ed vecina, el que satisfizo nuestra curiosidad cont\u00e1ndolos la leyenda de la veleta. Seg\u00fan he o\u00eddo contar a mis antepasados \u2013nos dec\u00eda el se\u00f1or Domato-, el primer poblador del barrio fue un se\u00f1or Requejo que levant\u00f3 un rancho en 1804; pocos a\u00f1os despu\u00e9s un grupo de genoveses emprendedores y decididos se instalaron por estas soledades: se llamaban Villa, C\u00e1nova, Montarchioli y Navone, cuyos apellidos argentiniz\u00e1ndose despu\u00e9s se convirtieron en Vila, C\u00e1neva, Montarc\u00e9 y Na\u00f3n; tambi\u00e9n se instalaron dos espa\u00f1oles: \u00c1valos y Cabrera; este \u00faltimo edific\u00f3 en el a\u00f1o veinte y tantos una casita en el terreno que hoy se conoce por \u201clos cuatro chalets de Basualdo\u201d, casita que existe en ruinas a los fondos del \u00faltimo de los chalets.<br \/>\nDon Nicol\u00e1s Vila fue el primero de los genoveses nombrados que se dedic\u00f3 a construir un rancho donde habr\u00eda de instalar la pulper\u00eda del Caballito. Con el objeto de lograr sus prop\u00f3sitos, en el paseo de la Alameda, en casa de un tal Galeano, compr\u00f3 Don Nicola, como lo llamar\u00eda despu\u00e9s la clientela, una ballenera vieja, la desarm\u00f3, la condujo en carretas hasta sus solares y con la obra muerta cerc\u00f3 la casa que levant\u00f3 enseguida. En el palenque exterior plant\u00f3 el m\u00e1stil de la embarcaci\u00f3n, y en la perilla, a guisa de cataviento, ubic\u00f3 el famoso caballito de lat\u00f3n en el a\u00f1o 1821. El caballito fue comprado en la herrer\u00eda de Monteagudo, situada en la calle Venezuela entre Per\u00fa y Bol\u00edvar.<br \/>\nFue entonces que los clientes comenzaron a llamar a la casa la pulper\u00eda del Caballito y luego el caballito solamente, por abreviatura y natural pereza verbal del paisano. El mote se extendi\u00f3 y el vecindario recibi\u00f3 la denominaci\u00f3n que se hizo corriente desde el a\u00f1o 30.<br \/>\nLa pulper\u00eda de don Nicol\u00e1s Vila floreci\u00f3 bajo los buenos auspicios de los paisanos que mentaban las empanadas y la buena ginebra del caballito y durante muchos a\u00f1os continu\u00f3 adelantando el almac\u00e9n ostentando siempre el emblema mascota del caballito.<br \/>\nDon Nicola muri\u00f3 tr\u00e1gicamente en manos de las montoneras de Lavalle. En una ocasi\u00f3n intentaron asaltarle la casa y se defendi\u00f3 a trabucazos, matando a uno de los agresores, pero estos volvieron despu\u00e9s y lo asesinaron y saquearon. No obstante este contratiempo capital, don Isidoro Vila, el hijo de don Nicola, restableci\u00f3 el negocio el que entr\u00f3 luego en un nuevo per\u00edodo de prosperidad. Por sucesivas transferencias de la propiedad de Rivadavia y Polvor\u00edn, frente NE, donde estaba el caballito, pas\u00f3 despu\u00e9s de los Vila a las familias de Ropps, Rolleri, Na\u00f3n y Zubiaure, llegando por \u00faltimo a poder del se\u00f1or Domato que es pariente directo de los Vila y pol\u00edtico de los Montarc\u00e9 que, como dijimos, fue uno de los cuatro genoveses primitivos pobladores\u201d.<br \/>\nHasta aqu\u00ed la tradici\u00f3n. Veamos qu\u00e9 nos dicen los documentos.<br \/>\nEl 6 de noviembre de 1826, Nicol\u00e1s Vila adquiri\u00f3 a do\u00f1a Dolores Silva, viuda de Francisco Requejo: \u201cuna casa situada a inmediaciones de San Jos\u00e9 de Flores, edificada en terrenos que aunque por escritura de propiedad consta de cuadra y media en cuadro, debe entenderse que la venta se hace con lo que contiene cercado y plantado\u201d<br \/>\nEste terreno lindaba por su frente al norte, calle Real (Rivadavia) por medio, con don Luis Na\u00f3n; por su fondo, con los herederos de Justo Monrroy; por el este, con Andr\u00e9s C\u00e1neva, y por el oeste, calle por medio, con el comprador Vila. Las tierras hab\u00edan pertenecido a su esposa, quien compr\u00f3 la posesi\u00f3n en el a\u00f1o 1799. Y decimos, la posesi\u00f3n y no la propiedad, porque estas tierras que hab\u00edan sido de los jesuitas y ten\u00edan el antiguo nombre de \u201cChacarita de Bel\u00e9n\u201d, eran propiedad entonces del Estado que a\u00f1os despu\u00e9s, en plena \u00e9poca de Rosas, las vender\u00eda fraccionadas a sus ocupantes.<br \/>\nPor ese entonces, Vila era propietario de la fracci\u00f3n lindera que le hab\u00eda vendido don Juan Antonio \u00c1valos. Dec\u00eda este \u00faltimo propietario: \u201cque con fecha 15 de febrero de 1821 vendi\u00f3 a D. Nicol\u00e1s Vila del mismo vecindario, una poblaci\u00f3n que ten\u00eda en dicho partido por cantidad de 93 pesos 6 reales que recibi\u00f3 entonces en dinero usual y corriente a su entera satisfacci\u00f3n y contento, sin que, en raz\u00f3n de la confianza que entre ambos mediaba, le hubiese otorgado escritura p\u00fablica como corresponde sino un documento simple ante testigos.\u201d<br \/>\nLa escritura formal se extendi\u00f3 el 28 de marzo de 1827. Esta quinta lindaba por el este, calle por medio, con Andr\u00e9s Rivero, por el oeste con Mat\u00edas \u00c1valos, hermano del vendedor y por el sur, calle por medio, con Francisco Montarc\u00e9. Pertenec\u00eda la posesi\u00f3n a los \u00c1valos por herencia de su madre do\u00f1a Isidora Naranjo.<br \/>\nEstas son las dos quintas que compr\u00f3 y unific\u00f3 don Nicol\u00e1s, quien hab\u00eda ingresado al pa\u00eds en 1813 y casado con do\u00f1a Juana Agriente, siendo concu\u00f1ado de Francisco Montarc\u00e9. All\u00ed edific\u00f3 la famosa casa en la esquina sudoeste de las actuales Emilio Mitre (antes Polvor\u00edn o Camino de la P\u00f3lvora) y Rivadavia, en las circunstancias y con los materiales que relata la tradici\u00f3n y cuya veracidad hemos comprobado con las constancias del inventario de la sucesi\u00f3n de Vila.<br \/>\nPor nuestra parte, hemos encontrado una referencia a su propiedad en el \u201cDiario Pol\u00edtico y Literario\u201d del 13 de marzo de 1827, donde se lee el siguiente aviso:<br \/>\n\u201cSE VENDE. En la calle principal de S. Jos\u00e9 de Flores, barrio de Requejo, la casa de D. Nicolas Vila, con cuatro habitaciones, una de ellas forma esquina, todo de azotea, un galp\u00f3n, \u00e1rboles frutales, parrales, pozo de balde, etc. en la misma casa vive su due\u00f1o\u201d.<br \/>\nCon el asesinato de Vila en 1829 comienzan los problemas para su familia. Su propiedad principal, situada en la manzana limitada hoy por las calles Emilio Mitre, Juan Bautista Alberdi, V\u00edctor Mart\u00ednez y Rivadavia, se mand\u00f3 a remate para el pago de sus acreedores.<br \/>\nEn \u201cEl Lucero\u201d y \u201cLa Gaceta Mercantil\u201d de febrero de 1832 se anuncia: \u201cEn las tardes de los d\u00edas quince, diecis\u00e9is y diecisiete del corriente se han de celebrar almonedas y remate bajo los portales de la Casa de Justicia, de la casa, rancho y quintas ubicadas en San Jos\u00e9 de Flores de la propiedad del finado Don Nicol\u00e1s Vila sacado todo en la cantidad de 16.787 pesos 4 reales, cuyo remate se verificar\u00e1 para pago de sus acreedores. El que guste imponerse del pormenor de las tazaciones, puede ocurrir al oficio del que suscrive, donde se le manifestar\u00e1n. Buenos Aires, 12 de marzo de 1832. Miguel Mogrovejo\u201d.<br \/>\nAs\u00ed fue como el 18 de junio de 1833, ante el escribano Mogrovejo, comparecieron los s\u00edndicos del concurso de Vila, se\u00f1alando que habiendo quedado como \u00fanicos due\u00f1os de todos los bienes y \u201cla quinta grande del mencionado finado, a escepci\u00f3n, solamente, de la quinta peque\u00f1a que fue dada a la viuda, Da. Juana Agriente por convenio de 19 de abril de 1833\u201d, hab\u00edan convenido vender la Esquina del Caballito al vecino don Luis Na\u00f3n en la suma de 5.500 pesos moneda corriente.<br \/>\nLos Na\u00f3n eran dos hermanos genoveses, que se hab\u00edan afincado en la zona en 1903 participando Luis, en 1806, en el Regimiento de Quinteros que se form\u00f3 en los extramuros con los pobladores de las quintas durante la primera invasi\u00f3n inglesa. \u00c9l retir\u00f3 la veleta del Caballito y la coloc\u00f3 en su nuevo negocio de pulper\u00eda que abri\u00f3 en la actual esquina noroeste de Rivadavia y Cucha Cucha y el 11 de mayo de 1835 revendi\u00f3 la quinta de Vila a la familia del doctor Valerio Arditi.<\/p>\n<div id=\"attachment_31578\" style=\"width: 610px\" class=\"wp-caption aligncenter\"><a href=\"http:\/\/caballitotequiero.com.ar\/portal\/wp-content\/uploads\/2020\/10\/sanatorio-gutierrez-web.jpg\" rel=\"attachment wp-att-31578\"><img loading=\"lazy\" decoding=\"async\" aria-describedby=\"caption-attachment-31578\" class=\"size-full wp-image-31578\" src=\"http:\/\/caballitotequiero.com.ar\/portal\/wp-content\/uploads\/2020\/10\/sanatorio-gutierrez-web.jpg\" alt=\"El sanatorio Guti\u00e9rrez, construido en el predio de la segunda esquina del Caballito, con su frente sobre Cucha-Cucha, actual Federico Garc\u00eda Lorca. (colecci\u00f3n Alejandro Bassignani)., C. 1950.\" width=\"600\" height=\"388\" srcset=\"http:\/\/caballitotequiero.com.ar\/portal\/wp-content\/uploads\/2020\/10\/sanatorio-gutierrez-web.jpg 600w, http:\/\/caballitotequiero.com.ar\/portal\/wp-content\/uploads\/2020\/10\/sanatorio-gutierrez-web-300x194.jpg 300w, http:\/\/caballitotequiero.com.ar\/portal\/wp-content\/uploads\/2020\/10\/sanatorio-gutierrez-web-450x291.jpg 450w\" sizes=\"auto, (max-width: 600px) 100vw, 600px\" \/><\/a><p id=\"caption-attachment-31578\" class=\"wp-caption-text\">El sanatorio Guti\u00e9rrez, construido en el predio de la segunda esquina del Caballito, con su frente sobre Cucha-Cucha, actual Federico Garc\u00eda Lorca. (colecci\u00f3n Alejandro Bassignani)., C. 1950.<\/p><\/div>\n<p>El 3 de julio de ese a\u00f1o, \u201cLa Gaceta Mercantil\u201d publica un aviso de venta, donde se describe con bastante detalle la antigua quinta de Vila: \u201cSE VENDE. La casa esquina conocida por del Caballito, situada a las inmediaciones de Flores y en el camino principal, frente a la de D. Luis Na\u00f3n: tiene un hermoso granero para dep\u00f3sito de trigos, con otras habitaciones para vivir una familia, armaz\u00f3n y mostrador para establecer una pulper\u00eda o almac\u00e9n, con puertas a dos calles y una cuadra de frente y otra de fondo con plant\u00edo de monte de durazno que no se ha cortado este a\u00f1o. La persona que se interese en su compra puede ocurrir a la calle de las Piedras N\u00b0 74 donde hallar\u00e1 con quien tratar.\u201d<br \/>\nEn 1844 vuelve a venderse esta propiedad a don Manuel Casal Gaete y desparece definitivamente su antiguo nombre. La \u201cEsquina del Caballito\u201d pas\u00f3 a ser la de enfrente, establecida por Luis Na\u00f3n, quien falleci\u00f3 en el curso de ese a\u00f1o.<br \/>\nEsta esquina pas\u00f3, por diversas transacciones entre sus herederos, a poder de su hijo, don Carlos Na\u00f3n, figura destacada del partido de Flores, donde se desempe\u00f1\u00f3 varias veces como juez de paz, la \u00faltima durante el sitio de Buenos Aires por el coronel don Hilario Lagos.<br \/>\nDon Carlos don\u00f3 una manzana de su quinta a la Comisi\u00f3n del Ferrocarril Oeste en 1856 que en principio, denomin\u00f3 \u201cNa\u00f3n\u201d a la nueva estaci\u00f3n aleda\u00f1a, pero finalmente la popularidad del nombre de Caballito, que era casi la \u00fanica referencia para denominar al paraje, determin\u00f3 que se adoptara este nombre para la estaci\u00f3n del ferrocarril, lo que oficializ\u00f3 la denominaci\u00f3n popular.<br \/>\nPoco tiempo despu\u00e9s, Na\u00f3n, que hab\u00eda emprendido desafortunados negocios, se vio precisado a hipotecar sus propiedades y las de su esposa, do\u00f1a Mar\u00eda Eugenia Capanegra y, producido su fallecimiento en 1861, sus bienes fueron concursados.<br \/>\nLa quinta conocida por \u201cEsquina del Caballito\u201d fue loteada y rematada, habiendo adquirido la casa un norteamericano de Salem, estado de Massachusetts, Mr. Henry James Ropes.<br \/>\nFuerte comerciante, fundador del Club de Residentes Extranjeros y cumplido caballero, Ropes modific\u00f3 el negocio agreg\u00e1ndole nuevas construcciones, provey\u00e9ndolo de mercader\u00eda importada y rodeando a la propiedad de un hermoso y cuidado parque. Pero el 19 de julio de 1873, atacado repentinamente de viruelas, Ropes fallec\u00eda en esta ciudad.<br \/>\nLa quinta del Caballito fue adjudicada a sus hijos Enrique y Alberto, quienes poco tiempo despu\u00e9s la pon\u00edan en venta. El edificio se demoli\u00f3 para construir en ese lugar, el sanatorio de los doctores Avelino y \u00c1ngel Guti\u00e9rrez, establecimiento que se conserv\u00f3 con su parque y a\u00f1osa arboleda hasta hace poco m\u00e1s de medio siglo.<br \/>\nPero no termin\u00f3 all\u00ed la historia del Caballito. Haciendo cruz con la propiedad de Ropes, en la esquina sudoeste de Emilio Mitre y Rivadavia, exist\u00eda otro negocio de pulper\u00eda que arrendaban Manuel Domato y Celestino Montarc\u00e9.<br \/>\nEsta esquina formaba parte de una quinta que en la \u00e9poca de Rosas fue sucesivamente propiedad de Domingo Aubert, Celestino Pereda y Narciso S\u00e1enz. Este \u00faltimo, que la adquiri\u00f3 en 1849, estableci\u00f3 el mencionado negocio, que pas\u00f3 a ser a\u00f1os despu\u00e9s de exclusiva propiedad de la familia Domato, de origen portugu\u00e9s.<br \/>\nCuando comenz\u00f3 la demolici\u00f3n del segundo edificio del Caballito, Domato rescat\u00f3 la antigua veleta y la instal\u00f3 en lo alto de su esquina, aprovechando con ello la celebridad que hab\u00eda adquirido el nombre.<br \/>\nEn Emilio Mitre y Rivadavia transcurri\u00f3 la tercera y \u00faltima etapa de la veleta del Caballito. All\u00ed la conocieron muchos contempor\u00e1neos hasta que, en 1925, por gestiones de don Enrique Udaondo y gentileza de la familia de Domato, pas\u00f3 en car\u00e1cter de donaci\u00f3n a integrar el riqu\u00edsimo acervo del Museo Hist\u00f3rico de Luj\u00e1n, donde se conserva actualmente.<br \/>\nComo hemos visto, cuando se menciona gen\u00e9ricamente a la pulper\u00eda o esquina del Caballito, o err\u00f3neamente \u201cposta del Caballito\u201d, que dio origen al nombre del barrio, debe especificarse a cual de las tres queremos referirnos, con el fin de evitar las enojosas e inevitables pol\u00e9micas que hasta ahora diera lugar el tema.<\/p>\n<p>Investigaci\u00f3n:\u00a0<strong>Arnaldo J. Cunietti-Ferrando<\/strong><\/p>\n<p>Publicado en: www.buenosaireshistoria.org\u00a0 (perteneciente a la Junta Central de Estudios Hist\u00f3ricos de la Ciudad de Buenos Aires)<\/p>\n<p>&nbsp;<\/p>\n","protected":false},"excerpt":{"rendered":"<p>En 1968, poco se sab\u00eda sobre la ubicaci\u00f3n de la pulper\u00eda que dio nombre al barrio. Se inici\u00f3 entonces una pol\u00e9mica en el diario Clar\u00edn, en la cual participaron entre otros investigadores, el autor de este art\u00edculo, quien m\u00e1s tarde, document\u00f3 sus descubrimientos en su libro \u201cSan Jos\u00e9 de Flores. El pueblo y el partido. [&hellip;]<\/p>\n","protected":false},"author":1,"featured_media":31578,"comment_status":"open","ping_status":"open","sticky":false,"template":"","format":"standard","meta":{"footnotes":""},"categories":[5],"tags":[],"class_list":["post-46801","post","type-post","status-publish","format-standard","has-post-thumbnail","hentry","category-noticias"],"_links":{"self":[{"href":"http:\/\/caballitotequiero.com.ar\/portal\/wp-json\/wp\/v2\/posts\/46801","targetHints":{"allow":["GET"]}}],"collection":[{"href":"http:\/\/caballitotequiero.com.ar\/portal\/wp-json\/wp\/v2\/posts"}],"about":[{"href":"http:\/\/caballitotequiero.com.ar\/portal\/wp-json\/wp\/v2\/types\/post"}],"author":[{"embeddable":true,"href":"http:\/\/caballitotequiero.com.ar\/portal\/wp-json\/wp\/v2\/users\/1"}],"replies":[{"embeddable":true,"href":"http:\/\/caballitotequiero.com.ar\/portal\/wp-json\/wp\/v2\/comments?post=46801"}],"version-history":[{"count":2,"href":"http:\/\/caballitotequiero.com.ar\/portal\/wp-json\/wp\/v2\/posts\/46801\/revisions"}],"predecessor-version":[{"id":46803,"href":"http:\/\/caballitotequiero.com.ar\/portal\/wp-json\/wp\/v2\/posts\/46801\/revisions\/46803"}],"wp:featuredmedia":[{"embeddable":true,"href":"http:\/\/caballitotequiero.com.ar\/portal\/wp-json\/wp\/v2\/media\/31578"}],"wp:attachment":[{"href":"http:\/\/caballitotequiero.com.ar\/portal\/wp-json\/wp\/v2\/media?parent=46801"}],"wp:term":[{"taxonomy":"category","embeddable":true,"href":"http:\/\/caballitotequiero.com.ar\/portal\/wp-json\/wp\/v2\/categories?post=46801"},{"taxonomy":"post_tag","embeddable":true,"href":"http:\/\/caballitotequiero.com.ar\/portal\/wp-json\/wp\/v2\/tags?post=46801"}],"curies":[{"name":"wp","href":"https:\/\/api.w.org\/{rel}","templated":true}]}}