{"id":46804,"date":"2024-10-25T20:18:26","date_gmt":"2024-10-25T23:18:26","guid":{"rendered":"http:\/\/caballitotequiero.com.ar\/portal\/?p=46804"},"modified":"2024-10-26T20:22:33","modified_gmt":"2024-10-26T23:22:33","slug":"derrumbe-del-techo-de-una-pileta-en-pedro-goyena","status":"publish","type":"post","link":"http:\/\/caballitotequiero.com.ar\/portal\/2024\/10\/25\/derrumbe-del-techo-de-una-pileta-en-pedro-goyena\/","title":{"rendered":"DERRUMBE DEL TECHO DE UNA PILETA EN PEDRO GOYENA"},"content":{"rendered":"\n<p>El hecho ocurri\u00f3 en un natatorio ubicado en la avenida Pedro Goyena 30, donde funciona el hist\u00f3rico \u00abNatatorio Caballito\u00bb, un sitio que ofrece clases de nataci\u00f3n para ni\u00f1os y adultos.<br>Fuentes policiales informaron que, tras recibir el llamado de alerta al 911, personal de la Polic\u00eda de la Ciudad se dirigi\u00f3 al mencionado inmueble que se encuentra lindero a una obra en construcci\u00f3n.<br>Al entrevistar a los obreros presentes en el lugar, estos confirmaron que estaban realizando el llenado de una losa cuando, en determinado momento, se desprendi\u00f3 parte de la medianera que da al natatorio, provocando que cayera parte del techo y chapas dentro de la pileta.<br>Por el derrumbe, cinco personas resultaron heridas con contusiones y tuvieron que ser asistidas por el Sistema de Atenci\u00f3n M\u00e9dica de Emergencia (SAME). En tanto, se inform\u00f3 que no se registraron personas atrapadas o desaparecidas en el lugar del hecho.<\/p>\n\n\n\n<figure class=\"wp-block-image size-full\"><a href=\"http:\/\/caballitotequiero.com.ar\/portal\/wp-content\/uploads\/2024\/10\/natatorio.jpg\"><img loading=\"lazy\" decoding=\"async\" width=\"700\" height=\"467\" src=\"http:\/\/caballitotequiero.com.ar\/portal\/wp-content\/uploads\/2024\/10\/natatorio.jpg\" alt=\"\" class=\"wp-image-46805\" srcset=\"http:\/\/caballitotequiero.com.ar\/portal\/wp-content\/uploads\/2024\/10\/natatorio.jpg 700w, http:\/\/caballitotequiero.com.ar\/portal\/wp-content\/uploads\/2024\/10\/natatorio-300x200.jpg 300w\" sizes=\"auto, (max-width: 700px) 100vw, 700px\" \/><\/a><\/figure>\n","protected":false},"excerpt":{"rendered":"<p>El hecho ocurri\u00f3 en un natatorio ubicado en la avenida Pedro Goyena 30, donde funciona el hist\u00f3rico \u00abNatatorio Caballito\u00bb, un sitio que ofrece clases de nataci\u00f3n para ni\u00f1os y adultos.Fuentes policiales informaron que, tras recibir el llamado de alerta al 911, personal de la Polic\u00eda de la Ciudad se dirigi\u00f3 al mencionado inmueble que se [&hellip;]<\/p>\n","protected":false},"author":1,"featured_media":46805,"comment_status":"closed","ping_status":"open","sticky":false,"template":"","format":"standard","meta":{"footnotes":""},"categories":[5],"tags":[],"class_list":["post-46804","post","type-post","status-publish","format-standard","has-post-thumbnail","hentry","category-noticias"],"_links":{"self":[{"href":"http:\/\/caballitotequiero.com.ar\/portal\/wp-json\/wp\/v2\/posts\/46804","targetHints":{"allow":["GET"]}}],"collection":[{"href":"http:\/\/caballitotequiero.com.ar\/portal\/wp-json\/wp\/v2\/posts"}],"about":[{"href":"http:\/\/caballitotequiero.com.ar\/portal\/wp-json\/wp\/v2\/types\/post"}],"author":[{"embeddable":true,"href":"http:\/\/caballitotequiero.com.ar\/portal\/wp-json\/wp\/v2\/users\/1"}],"replies":[{"embeddable":true,"href":"http:\/\/caballitotequiero.com.ar\/portal\/wp-json\/wp\/v2\/comments?post=46804"}],"version-history":[{"count":1,"href":"http:\/\/caballitotequiero.com.ar\/portal\/wp-json\/wp\/v2\/posts\/46804\/revisions"}],"predecessor-version":[{"id":46806,"href":"http:\/\/caballitotequiero.com.ar\/portal\/wp-json\/wp\/v2\/posts\/46804\/revisions\/46806"}],"wp:featuredmedia":[{"embeddable":true,"href":"http:\/\/caballitotequiero.com.ar\/portal\/wp-json\/wp\/v2\/media\/46805"}],"wp:attachment":[{"href":"http:\/\/caballitotequiero.com.ar\/portal\/wp-json\/wp\/v2\/media?parent=46804"}],"wp:term":[{"taxonomy":"category","embeddable":true,"href":"http:\/\/caballitotequiero.com.ar\/portal\/wp-json\/wp\/v2\/categories?post=46804"},{"taxonomy":"post_tag","embeddable":true,"href":"http:\/\/caballitotequiero.com.ar\/portal\/wp-json\/wp\/v2\/tags?post=46804"}],"curies":[{"name":"wp","href":"https:\/\/api.w.org\/{rel}","templated":true}]}}