{"id":46824,"date":"2024-11-03T10:09:55","date_gmt":"2024-11-03T13:09:55","guid":{"rendered":"http:\/\/caballitotequiero.com.ar\/portal\/?p=46824"},"modified":"2024-11-06T10:14:22","modified_gmt":"2024-11-06T13:14:22","slug":"la-noche-de-los-museos-en-caballito-9","status":"publish","type":"post","link":"http:\/\/caballitotequiero.com.ar\/portal\/2024\/11\/03\/la-noche-de-los-museos-en-caballito-9\/","title":{"rendered":"LA NOCHE DE LOS MUSEOS EN CABALLITO"},"content":{"rendered":"\n<p>Tendr\u00e1 lugar el s\u00e1bado 9 de noviembre de 19 a 02 hs. Todas las actividades son libres y gratuitas.<br>Como cada a\u00f1o, el transporte p\u00fablico ser\u00e1 gratuito durante los horarios de La Noche de los Museos, para que los visitantes puedan desplazarse de un espacio a otro, con m\u00e1s facilidad.<br>Actividades previstas para La Noche de los Museos en el barrio de Caballito<\/p>\n\n\n\n<p><strong>Asociaci\u00f3n Argentina Amigos de la Astronom\u00eda<\/strong> | Av Patricias Argentinas 550<br>EXPOSICIONES<br>Muestra de la AAAA<br>Una exposici\u00f3n para conocer la historia y actividades de la Asociaci\u00f3n.<br>Tramas de nuestra identidad<br>Instalaci\u00f3n art\u00edstica del Colegio Aletheia. Concebida como una l\u00ednea de tiempo narrativa, esta instalaci\u00f3n no solo recorre la historia del colegio, sino que tambi\u00e9n se convierte en una met\u00e1fora viva del aprendizaje y la cultura de la infancia.<br>ACTIVIDADES<br>20 h | Observaci\u00f3n por telescopios<\/p>\n\n\n\n<p><strong>Centro Cultural de Jubilados Nuestra Se\u00f1ora de los Buenos Aires<\/strong> | Paysand\u00fa 1221<br>EXPOSICIONES<br>El Centro Cultural como ventana al barrio<br>Durante La Noche de los Museos el Centro Cultural Nuestra Se\u00f1ora de los Buenos Aires se transformar\u00e1 en un escenario abierto para que los dem\u00e1s centros culturales del barrio puedan exhibir sus muestras y compartirlas con toda la comunidad que nos visitar\u00e1 esa noche especial<br>ACTIVIDADES<br>De 19 a 02 h | Muestras de canto, danza, artes pl\u00e1sticas, audiovisuales, teatro y literatura<br>Espacio accesible para personas con movilidad reducida.<\/p>\n\n\n\n<p><strong>Centro Cultural Neville<\/strong> | Paysand\u00fa 1481<br>EXPOSICIONES<br>Noche de Artes Pl\u00e1sticas y M\u00fasica en Neville<br>Presentaci\u00f3n de pinturas de las artistas pl\u00e1sticas Claudia Toledano, Ana Safar , Analia Safar, Sonia Jacobo, Graciela Bosoglanian, Mar\u00eda Br\u00fa, Gladys Jim\u00e9nez, Carina Montemurro y Estela Mart\u00ednez.<br>ACTIVIDADES<br>20 h | Tr\u00edo de jazz<br>Shows mel\u00f2dicos<br>Presentaci\u00f3n de alumnos de la EMEP<br>Show de orquesta de tango<\/p>\n\n\n\n<p><strong>Club Italiano de Buenos Aires<\/strong> | Av. Rivadavia 4731<br>EXPOSICIONES<br>Muestra de escultores<br>Exposici\u00f3n de arte cer\u00e1mico, m\u00e1scaras tradicionales japonesas y recreaci\u00f3n de la Guerra de las Galaxias<br>Muestra de artistas pl\u00e1sticos y caricaturistas<br>ACTIVIDADES<br>20 h | Grace Tango<br>La cantante Graciela Panzitta presenta grandes cl\u00e1sicos de todos los tiempos.<br>20.30 h | Rowing Blues<br>Viviana Diaz se presenta con una Jazz Band integrada por Fabian Nesis, Anibal Delfino, Sergio Arias, Sandra Kaspierowicz y Sergio Kaspierowicz.<br>21 h | Joe Sorge<br>Show ac\u00fastico con covers de rock nacional<br>21.30 h | Flor Albarrac\u00edn y La Rel\u00e1mpago<br>La cantautora y acordeonista nacida en Buenos Aires se presenta con su banda La Rel\u00e1mpago, con la que tiene editados discos y singles en donde conjuga sus ra\u00edces latinas e italianas. Brindar\u00e1 un show \u00fanico y bailable junto a Pame Sleiman en clarinete, Pato Episcopo en bajo y Nat L\u00f3pez en bater\u00eda.<br>22 h | Jukebox Rockola<br>M\u00fasica Country y covers de rock and rol.<br>22.45 h | Ballet Asociaci\u00f3n Calabresa \u201cRadici\u201d Balletto Italiano en Argentina<br>23.15 h | Coro Gospel Joy<br>Un show especial de esta agrupaci\u00f3n que se dedica a cultivar y difundir el Gospel en la Argentina.<\/p>\n\n\n\n<p>Fundaci\u00f3n Caleidoscopio (Construyendo Lazos) | Beauchef 479<br>Espacio accesible para personas con movilidad reducida.<\/p>\n\n\n\n<p>Fundaci\u00f3n Instituto Leloir | Avda. Patricias Argentinas 435<br>EXPOSICIONES<br>Con 100 personas trabajando en simult\u00e1neo, durante La Noche de los Museos la Fundaci\u00f3n presentar\u00e1 un circuito de espacios interactivos, charlas de divulgaci\u00f3n, y exposiciones varias, en salas diferentes.<br>ACTIVIDADES<br>20 h | Stand de actividades cient\u00edficas<br>Edad recomendada: 8 a 12 a\u00f1os<\/p>\n\n\n\n<p><strong>Laboratorio Patrimonial Centenera<\/strong> | Del Barco Centenera 777<br>Espacio accesible para personas con movilidad reducida.<\/p>\n\n\n\n<p><strong>Museo Argentino de Ciencias Naturales \u201cBernardino Rivadavia\u201d<\/strong> | Av. Patricias Argentinas 490<br>EXPOSICIONES<br>Leo Vinci: La emancipaci\u00f3n de las formas.<br>Mediante su obra, el escultor Leo Vinci propone un abordaje est\u00e9tico problematizando los valores \u00e9ticos, morales y culturales que, como seres humanos y miembros de una sociedad globalizada, nos atraviesan.<br>Entrega de premios + Expo SAAP<br>Los tres premios y las tres menciones del Premio Bigatti ser\u00e1n expuestos en el Museo.<br>Fotograf\u00edas antiguas del barrio de Caballito<br>ACTIVIDADES<br>19.30, 21, 23 y 00.30 h | Visitas guiadas por las muestras<br>Espacio accesible para personas con movilidad reducida.<\/p>\n\n\n\n<p><strong>Museo Club Ferro Carril Oeste<\/strong> | Av. Avellaneda 1240<br>EXPOSICIONES<br>Arte Verdolaga<br>Exposici\u00f3n pict\u00f3rica de arte relacionada con el club y el barrio.<br>ACTIVIDADES<br>20 h | Shows de m\u00fasica y danza<br>Danzas Folkl\u00f3ricas Paraguayas Tajy Poty \u2013 Facundo Bevacqua (guitarra) \u2013 Lilian y Jorge d\u00fao \u2013 Banda de Blues \u2013 Simult\u00e1neas de Ajedrez<br>Este espacio cuenta con audiodescripciones, impresiones y\/o recorridos t\u00e1ctiles para personas con discapacidad visual.<\/p>\n\n\n\n<p><strong>Museo de Esculturas Luis Perlotti<\/strong> | Pujol 644<br>EXPOSICIONES<br>Leo Vinci: La emancipaci\u00f3n de las formas.<br>Mediante su obra, el escultor Leo Vinci propone un abordaje est\u00e9tico problematizando los valores \u00e9ticos, morales y culturales que, como seres humanos y miembros de una sociedad globalizada, nos atraviesan.<br>Entrega de premios + Expo SAAP<br>Los tres premios y las tres menciones del Premio Bigatti ser\u00e1n expuestos en el Museo.<br>Fotograf\u00edas antiguas del barrio de Caballito &#8211; Archivo Revista Horizonte<br>ACTIVIDADES<br>19.30, 21, 23 y 00.30 h | Visitas guiadas por las muestras<br>-Vida y obra de Luis Perlotti, leyendas y t\u00e9cnicas.<br>-La emancipaci\u00f3n de las formas<br>-Fragmentos de una colecci\u00f3n: paletas art\u00edsticas de artistas de reconocida trayectoria que<br>integran el patrimonio de la SAAP<br>\u2013 Premio Alfredo Bigatti de Esculturas 2024: estar\u00e1n expuestos los 3 premios y las 3<br>menciones<br>20 h y 23:30 h | Taller de arcilla \u00bfQui\u00e9n soy yo?<br>A cargo del equipo educativo. En el taller se ofrecer\u00e1 una introducci\u00f3n a la obra de Vinci. Los participantes trabajar\u00e1n con plantillas de distintas formas para recortar, pegar y pintar con colores fluorescentes, inspir\u00e1ndose en las piezas \u201cDistorsi\u00f3n\u201d y \u201c\u00bfQui\u00e9n soy yo?\u201d.<br>21:30 h y 00:30 h | Taller de collage: La veleta de Caballito<br>A cargo del equipo educativo. Inspirados en el patrimonio del Museo Luis Perlotti y el barrio de Caballito, se propone la intervenci\u00f3n de la famosa Veleta de Caballito, s\u00edmbolo del barrio.<br>Brass del Falla<br>Ensamble de bronces del Conservatorio Superior de M\u00fasica Manuel de Falla<\/p>\n\n\n\n<p><strong>Museo Hist\u00f3rico Desiderio Davel<\/strong> | Diaz Velez 4821<br>EXPOSICIONES<br>Memoria cient\u00edfica de la historia de la lucha contra la rabia<br>Exposici\u00f3n permanente, Sala 1<br>En este espacio se podr\u00e1n apreciar una serie de objetos que conforman el patrimonio hist\u00f3rico de la instituci\u00f3n, quien fue pionera en la lucha contra la rabia en nuestro pa\u00eds y en Am\u00e9rica Latina.<br>ACTIVIDADES<br>19 h | Museo de la Diabetes: mapping + juego interactivo<br>Desde su apertura en La Noche de los Museos 2023 este museo se convirti\u00f3 en un espacio destinado a la educaci\u00f3n alimentaria, nutricional y diabetol\u00f3gica.<br>En la ex cocina de la casa, se proyectar\u00e1 un mapping sobre el funcionamiento de la diabetes en el cuerpo y luego, al pasar al laboratorio, se profundizar\u00e1 en las tem\u00e1ticas de educaci\u00f3n alimentaria y diabetol\u00f3gica a trav\u00e9s de un juego interactivo.<br>20 h | Teatro: \u201cLa que sigue\u201d<br>Obra teatral de Griselda Gambaro. La acci\u00f3n transcurre en el consultorio de la mentalista Zoraida, a la que llega una clienta muy especial.<br>21.30 h | D\u00fao musical<br>Covers de rock<\/p>\n\n\n\n<p><strong>Museo Hospital Durand<\/strong> | Ambrosetti 643<br>EXPOSICIONES<br>Recorrido por la historia de la salud en Buenos Aires<br>Exposiciones permanentes:<br>1-Instrumental gastroenterol\u00f3gico: Exhibici\u00f3n de los diferentes instrumentos aparecidos en la evoluci\u00f3n de la endoscop\u00eda digestiva.<br>2-Elementos de la capilla demolida: Exposici\u00f3n de material recuperado de la primitiva capilla.<br>3-Aparatolog\u00eda de cardiolog\u00eda: aparatos de registro de la actividad cardiol\u00f3gica que eran utilizados en la pr\u00e1ctica cl\u00ednica.<br>4-\u00c1rea quir\u00fargica\/anest\u00e9sica: Se exponen los modelos innovadores del Dr. Finochietto, junto a instrumental de Cirug\u00eda, de Tocoginecolog\u00eda, de Urolog\u00eda y de Anestesiolog\u00eda.<br>5-Instrumentos obst\u00e9tricos en la historia: Instrumental inventado y utilizado en el siglo XIX para el parto complicado.<br>6-Enfermer\u00eda y el tiempo.<br>7-Equipamiento de laboratorio: Dotaci\u00f3n recuperada del viejo Laboratorio.<br>8-\u00c1rea de Anatom\u00eda Patol\u00f3gica con antiguas estufas, microscopios y preparados en formol.<br>9-Instrumental para pruebas de funci\u00f3n respiratoria:<br>10-Fotogaler\u00eda: Exposici\u00f3n de fotograf\u00edas del primitivo hospital<br>11-Actividades del Servicio Social<br>ACTIVIDADES<br>20.30 h | Charlas, teatro y m\u00fasica en vivo<br>Grupo musical Oncololos con el Dr. Mario Bruno<br>Compartiendo arte con Cristian Gui\u00f1ez<br>Canto y Guitarra con Juan Roldan<\/p>\n\n\n\n<p><strong>Museo y Biblioteca Hist\u00f3rica de Anestesia \u201cDr. Alberto Gonz\u00e1lez Varela\u201d<\/strong> | Fragata Pres. Sarmiento 541<br>EXPOSICIONES<br>R\u00e9plica de un quir\u00f3fano de las d\u00e9cadas de 1920 \u2013 1940<br>Se exhibir\u00e1 la r\u00e9plica de una sala operatoria de las d\u00e9cadas 1920-1940, \u00fanica en el mundo por los objetos patrimoniales que la conforman.<br>ACTIVIDADES<br>En continuado, desde las 19 h<br>Proyecci\u00f3n de la pelicula \u201cLa primera anestesia filmada en el mundo se hizo en Buenos Aires\u201d<br>Realizada en el a\u00f1o 1899 en el viejo Hospital de Cl\u00ednicas, esta pel\u00edcula tiene una duraci\u00f3n de 4 minutos. Adem\u00e1s se proyectar\u00e1n fotograf\u00edas de las salas operatorias de diversos hospitales porte\u00f1os en las d\u00e9cadas de 1910-1920.<br>El espacio cuenta con audiodescripciones, impresiones, recorridos t\u00e1ctiles para personas con discapacidad visual; y rampas y ascensores para personas con movilidad reducida.<\/p>\n\n\n\n<figure class=\"wp-block-image size-full\"><a href=\"http:\/\/caballitotequiero.com.ar\/portal\/wp-content\/uploads\/2024\/11\/Noche-de-los-Museos.jpg\"><img loading=\"lazy\" decoding=\"async\" width=\"700\" height=\"317\" src=\"http:\/\/caballitotequiero.com.ar\/portal\/wp-content\/uploads\/2024\/11\/Noche-de-los-Museos.jpg\" alt=\"\" class=\"wp-image-46825\" srcset=\"http:\/\/caballitotequiero.com.ar\/portal\/wp-content\/uploads\/2024\/11\/Noche-de-los-Museos.jpg 700w, http:\/\/caballitotequiero.com.ar\/portal\/wp-content\/uploads\/2024\/11\/Noche-de-los-Museos-300x136.jpg 300w\" sizes=\"auto, (max-width: 700px) 100vw, 700px\" \/><\/a><\/figure>\n","protected":false},"excerpt":{"rendered":"<p>Tendr\u00e1 lugar el s\u00e1bado 9 de noviembre de 19 a 02 hs. Todas las actividades son libres y gratuitas.Como cada a\u00f1o, el transporte p\u00fablico ser\u00e1 gratuito durante los horarios de La Noche de los Museos, para que los visitantes puedan desplazarse de un espacio a otro, con m\u00e1s facilidad.Actividades previstas para La Noche de los [&hellip;]<\/p>\n","protected":false},"author":1,"featured_media":46825,"comment_status":"closed","ping_status":"open","sticky":false,"template":"","format":"standard","meta":{"footnotes":""},"categories":[5],"tags":[],"class_list":["post-46824","post","type-post","status-publish","format-standard","has-post-thumbnail","hentry","category-noticias"],"_links":{"self":[{"href":"http:\/\/caballitotequiero.com.ar\/portal\/wp-json\/wp\/v2\/posts\/46824","targetHints":{"allow":["GET"]}}],"collection":[{"href":"http:\/\/caballitotequiero.com.ar\/portal\/wp-json\/wp\/v2\/posts"}],"about":[{"href":"http:\/\/caballitotequiero.com.ar\/portal\/wp-json\/wp\/v2\/types\/post"}],"author":[{"embeddable":true,"href":"http:\/\/caballitotequiero.com.ar\/portal\/wp-json\/wp\/v2\/users\/1"}],"replies":[{"embeddable":true,"href":"http:\/\/caballitotequiero.com.ar\/portal\/wp-json\/wp\/v2\/comments?post=46824"}],"version-history":[{"count":1,"href":"http:\/\/caballitotequiero.com.ar\/portal\/wp-json\/wp\/v2\/posts\/46824\/revisions"}],"predecessor-version":[{"id":46826,"href":"http:\/\/caballitotequiero.com.ar\/portal\/wp-json\/wp\/v2\/posts\/46824\/revisions\/46826"}],"wp:featuredmedia":[{"embeddable":true,"href":"http:\/\/caballitotequiero.com.ar\/portal\/wp-json\/wp\/v2\/media\/46825"}],"wp:attachment":[{"href":"http:\/\/caballitotequiero.com.ar\/portal\/wp-json\/wp\/v2\/media?parent=46824"}],"wp:term":[{"taxonomy":"category","embeddable":true,"href":"http:\/\/caballitotequiero.com.ar\/portal\/wp-json\/wp\/v2\/categories?post=46824"},{"taxonomy":"post_tag","embeddable":true,"href":"http:\/\/caballitotequiero.com.ar\/portal\/wp-json\/wp\/v2\/tags?post=46824"}],"curies":[{"name":"wp","href":"https:\/\/api.w.org\/{rel}","templated":true}]}}