{"id":46827,"date":"2024-11-05T11:40:34","date_gmt":"2024-11-05T14:40:34","guid":{"rendered":"http:\/\/caballitotequiero.com.ar\/portal\/?p=46827"},"modified":"2024-11-06T11:47:00","modified_gmt":"2024-11-06T14:47:00","slug":"charla-gratuita-en-la-junta-de-estudios-historicos","status":"publish","type":"post","link":"http:\/\/caballitotequiero.com.ar\/portal\/2024\/11\/05\/charla-gratuita-en-la-junta-de-estudios-historicos\/","title":{"rendered":"CHARLA GRATUITA EN LA JUNTA DE ESTUDIOS HIST\u00d3RICOS"},"content":{"rendered":"\n<p>La Junta de Estudios Hist\u00f3ricos del Caballito invita a la conferencia que ofrecer\u00e1 la Arquitecta Viviana Sanz el pr\u00f3ximo viernes 8 a las 18 hs. La disertaci\u00f3n ser\u00e1 sobre \u00abModificaciones del entorno cuando hay personas con enfermedad de Alzheimer\u00bb.<\/p>\n\n\n\n<p>Asociaci\u00f3n de Fomento y Biblioteca Popular Gral. Alvear. Avellaneda 542. Entrada libre y gratuita.<\/p>\n\n\n\n<figure class=\"wp-block-image size-full\"><a href=\"http:\/\/caballitotequiero.com.ar\/portal\/wp-content\/uploads\/2024\/11\/charla-junta.jpg\"><img loading=\"lazy\" decoding=\"async\" width=\"600\" height=\"576\" src=\"http:\/\/caballitotequiero.com.ar\/portal\/wp-content\/uploads\/2024\/11\/charla-junta.jpg\" alt=\"\" class=\"wp-image-46828\" srcset=\"http:\/\/caballitotequiero.com.ar\/portal\/wp-content\/uploads\/2024\/11\/charla-junta.jpg 600w, http:\/\/caballitotequiero.com.ar\/portal\/wp-content\/uploads\/2024\/11\/charla-junta-300x288.jpg 300w, http:\/\/caballitotequiero.com.ar\/portal\/wp-content\/uploads\/2024\/11\/charla-junta-36x36.jpg 36w\" sizes=\"auto, (max-width: 600px) 100vw, 600px\" \/><\/a><\/figure>\n","protected":false},"excerpt":{"rendered":"<p>La Junta de Estudios Hist\u00f3ricos del Caballito invita a la conferencia que ofrecer\u00e1 la Arquitecta Viviana Sanz el pr\u00f3ximo viernes 8 a las 18 hs. La disertaci\u00f3n ser\u00e1 sobre \u00abModificaciones del entorno cuando hay personas con enfermedad de Alzheimer\u00bb. Asociaci\u00f3n de Fomento y Biblioteca Popular Gral. Alvear. Avellaneda 542. Entrada libre y gratuita.<\/p>\n","protected":false},"author":1,"featured_media":46828,"comment_status":"closed","ping_status":"open","sticky":false,"template":"","format":"standard","meta":{"footnotes":""},"categories":[5],"tags":[],"class_list":["post-46827","post","type-post","status-publish","format-standard","has-post-thumbnail","hentry","category-noticias"],"_links":{"self":[{"href":"http:\/\/caballitotequiero.com.ar\/portal\/wp-json\/wp\/v2\/posts\/46827","targetHints":{"allow":["GET"]}}],"collection":[{"href":"http:\/\/caballitotequiero.com.ar\/portal\/wp-json\/wp\/v2\/posts"}],"about":[{"href":"http:\/\/caballitotequiero.com.ar\/portal\/wp-json\/wp\/v2\/types\/post"}],"author":[{"embeddable":true,"href":"http:\/\/caballitotequiero.com.ar\/portal\/wp-json\/wp\/v2\/users\/1"}],"replies":[{"embeddable":true,"href":"http:\/\/caballitotequiero.com.ar\/portal\/wp-json\/wp\/v2\/comments?post=46827"}],"version-history":[{"count":1,"href":"http:\/\/caballitotequiero.com.ar\/portal\/wp-json\/wp\/v2\/posts\/46827\/revisions"}],"predecessor-version":[{"id":46829,"href":"http:\/\/caballitotequiero.com.ar\/portal\/wp-json\/wp\/v2\/posts\/46827\/revisions\/46829"}],"wp:featuredmedia":[{"embeddable":true,"href":"http:\/\/caballitotequiero.com.ar\/portal\/wp-json\/wp\/v2\/media\/46828"}],"wp:attachment":[{"href":"http:\/\/caballitotequiero.com.ar\/portal\/wp-json\/wp\/v2\/media?parent=46827"}],"wp:term":[{"taxonomy":"category","embeddable":true,"href":"http:\/\/caballitotequiero.com.ar\/portal\/wp-json\/wp\/v2\/categories?post=46827"},{"taxonomy":"post_tag","embeddable":true,"href":"http:\/\/caballitotequiero.com.ar\/portal\/wp-json\/wp\/v2\/tags?post=46827"}],"curies":[{"name":"wp","href":"https:\/\/api.w.org\/{rel}","templated":true}]}}