{"id":46833,"date":"2024-11-08T10:09:47","date_gmt":"2024-11-08T13:09:47","guid":{"rendered":"http:\/\/caballitotequiero.com.ar\/portal\/?p=46833"},"modified":"2024-11-08T10:09:48","modified_gmt":"2024-11-08T13:09:48","slug":"seguridad-en-el-barrio-reunion-de-vecinos-con-autoridades","status":"publish","type":"post","link":"http:\/\/caballitotequiero.com.ar\/portal\/2024\/11\/08\/seguridad-en-el-barrio-reunion-de-vecinos-con-autoridades\/","title":{"rendered":"SEGURIDAD EN EL BARRIO: REUNI\u00d3N DE VECINOS CON AUTORIDADES"},"content":{"rendered":"\n<p>El jueves 7 de noviembre en las instalaciones del Club Ferro Carril Oeste tuvo lugar una nueva reuni\u00f3n sobre el tema Seguridad con la participaci\u00f3n de las autoridades de las Comisar\u00edas 6A, 6B, el Comisario Inspector Rodrigo Carafi y el presidente de la Junta Comunal 6, Federico Ball\u00e1n.<br>En el transcurso de la reuni\u00f3n los vecinos fueron presentando reclamos e inquietudes que luego fueron contestadas por las autoridades.<br>Algunos de los temas tratados:<br>Sobre la demora en la obra de parquizaci\u00f3n en la avenida Honorio Pueyrred\u00f3n, se explic\u00f3 que la misma obedece a los tantos amparos que fueron presentados, sin embargo para fin de a\u00f1o la obra estar\u00e1 terminada.<br>En referencia al t\u00fanel que se construir\u00e1 en la calle Federico Garc\u00eda Lorca bajo las v\u00edas, se inform\u00f3 que para garantizar la seguridad, habr\u00e1 c\u00e1maras, iluminaci\u00f3n y Puntos Seguros.<br>Otra inquietud planteada fue el crecimiento de los manteros en el Parque Rivadavia, se asegur\u00f3 que est\u00e1 prevista una pr\u00f3xima intervenci\u00f3n para retirarlos, como se hizo en Parque Centenario.<br>Por otra parte, el Comisario Carafi confirm\u00f3 que se volver\u00e1 a implementar el reconocimiento facial a trav\u00e9s de c\u00e1maras en la v\u00eda p\u00fablica. El sistema dio muy buenos resultados, pero fue retirado ya que se argument\u00f3 que es anticonstitucional.<br>Se trat\u00f3 tambi\u00e9n los cortes de la calle Pu\u00e1n que se realizan con frecuencia, en algunos casos como protesta estudiantil y en otros casos, solo para realizar partidos de f\u00fatbol. Tanto de Comuna como la Polic\u00eda intentaron establecer di\u00e1logo con el Centro de Estudiantes, sin obtener resultados. El tema est\u00e1 ahora en manos del Ministerio de Seguridad y del Jefe de Gobierno.<br>Estos fueron algunos de los temas tratados entre muchos otros, las autoridades tomaron nota y se comprometieron a trabajar en ellos.<\/p>\n\n\n\n<figure class=\"wp-block-image size-full\"><a href=\"http:\/\/caballitotequiero.com.ar\/portal\/wp-content\/uploads\/2024\/11\/seguridad-1.jpg\"><img loading=\"lazy\" decoding=\"async\" width=\"700\" height=\"771\" src=\"http:\/\/caballitotequiero.com.ar\/portal\/wp-content\/uploads\/2024\/11\/seguridad-1.jpg\" alt=\"\" class=\"wp-image-46835\" srcset=\"http:\/\/caballitotequiero.com.ar\/portal\/wp-content\/uploads\/2024\/11\/seguridad-1.jpg 700w, http:\/\/caballitotequiero.com.ar\/portal\/wp-content\/uploads\/2024\/11\/seguridad-1-272x300.jpg 272w, http:\/\/caballitotequiero.com.ar\/portal\/wp-content\/uploads\/2024\/11\/seguridad-1-640x705.jpg 640w\" sizes=\"auto, (max-width: 700px) 100vw, 700px\" \/><\/a><\/figure>\n\n\n\n<p>Federico Ball\u00e1n, presidente de la Junta Comunal y el Comisario Inspector Rodrigo Carlos Carafi<\/p>\n\n\n\n<figure class=\"wp-block-image size-full\"><a href=\"http:\/\/caballitotequiero.com.ar\/portal\/wp-content\/uploads\/2024\/11\/seguridad-3.jpg\"><img loading=\"lazy\" decoding=\"async\" width=\"700\" height=\"700\" src=\"http:\/\/caballitotequiero.com.ar\/portal\/wp-content\/uploads\/2024\/11\/seguridad-3.jpg\" alt=\"\" class=\"wp-image-46836\" srcset=\"http:\/\/caballitotequiero.com.ar\/portal\/wp-content\/uploads\/2024\/11\/seguridad-3.jpg 700w, http:\/\/caballitotequiero.com.ar\/portal\/wp-content\/uploads\/2024\/11\/seguridad-3-300x300.jpg 300w, http:\/\/caballitotequiero.com.ar\/portal\/wp-content\/uploads\/2024\/11\/seguridad-3-80x80.jpg 80w, http:\/\/caballitotequiero.com.ar\/portal\/wp-content\/uploads\/2024\/11\/seguridad-3-36x36.jpg 36w, http:\/\/caballitotequiero.com.ar\/portal\/wp-content\/uploads\/2024\/11\/seguridad-3-180x180.jpg 180w\" sizes=\"auto, (max-width: 700px) 100vw, 700px\" \/><\/a><\/figure>\n\n\n\n<figure class=\"wp-block-image size-full\"><a href=\"http:\/\/caballitotequiero.com.ar\/portal\/wp-content\/uploads\/2024\/11\/seguridad-2-1.jpg\"><img loading=\"lazy\" decoding=\"async\" width=\"500\" height=\"890\" src=\"http:\/\/caballitotequiero.com.ar\/portal\/wp-content\/uploads\/2024\/11\/seguridad-2-1.jpg\" alt=\"\" class=\"wp-image-46838\" srcset=\"http:\/\/caballitotequiero.com.ar\/portal\/wp-content\/uploads\/2024\/11\/seguridad-2-1.jpg 500w, http:\/\/caballitotequiero.com.ar\/portal\/wp-content\/uploads\/2024\/11\/seguridad-2-1-169x300.jpg 169w, http:\/\/caballitotequiero.com.ar\/portal\/wp-content\/uploads\/2024\/11\/seguridad-2-1-396x705.jpg 396w\" sizes=\"auto, (max-width: 500px) 100vw, 500px\" \/><\/a><\/figure>\n","protected":false},"excerpt":{"rendered":"<p>El jueves 7 de noviembre en las instalaciones del Club Ferro Carril Oeste tuvo lugar una nueva reuni\u00f3n sobre el tema Seguridad con la participaci\u00f3n de las autoridades de las Comisar\u00edas 6A, 6B, el Comisario Inspector Rodrigo Carafi y el presidente de la Junta Comunal 6, Federico Ball\u00e1n.En el transcurso de la reuni\u00f3n los vecinos [&hellip;]<\/p>\n","protected":false},"author":1,"featured_media":46837,"comment_status":"closed","ping_status":"open","sticky":false,"template":"","format":"standard","meta":{"footnotes":""},"categories":[5],"tags":[],"class_list":["post-46833","post","type-post","status-publish","format-standard","has-post-thumbnail","hentry","category-noticias"],"_links":{"self":[{"href":"http:\/\/caballitotequiero.com.ar\/portal\/wp-json\/wp\/v2\/posts\/46833","targetHints":{"allow":["GET"]}}],"collection":[{"href":"http:\/\/caballitotequiero.com.ar\/portal\/wp-json\/wp\/v2\/posts"}],"about":[{"href":"http:\/\/caballitotequiero.com.ar\/portal\/wp-json\/wp\/v2\/types\/post"}],"author":[{"embeddable":true,"href":"http:\/\/caballitotequiero.com.ar\/portal\/wp-json\/wp\/v2\/users\/1"}],"replies":[{"embeddable":true,"href":"http:\/\/caballitotequiero.com.ar\/portal\/wp-json\/wp\/v2\/comments?post=46833"}],"version-history":[{"count":1,"href":"http:\/\/caballitotequiero.com.ar\/portal\/wp-json\/wp\/v2\/posts\/46833\/revisions"}],"predecessor-version":[{"id":46839,"href":"http:\/\/caballitotequiero.com.ar\/portal\/wp-json\/wp\/v2\/posts\/46833\/revisions\/46839"}],"wp:featuredmedia":[{"embeddable":true,"href":"http:\/\/caballitotequiero.com.ar\/portal\/wp-json\/wp\/v2\/media\/46837"}],"wp:attachment":[{"href":"http:\/\/caballitotequiero.com.ar\/portal\/wp-json\/wp\/v2\/media?parent=46833"}],"wp:term":[{"taxonomy":"category","embeddable":true,"href":"http:\/\/caballitotequiero.com.ar\/portal\/wp-json\/wp\/v2\/categories?post=46833"},{"taxonomy":"post_tag","embeddable":true,"href":"http:\/\/caballitotequiero.com.ar\/portal\/wp-json\/wp\/v2\/tags?post=46833"}],"curies":[{"name":"wp","href":"https:\/\/api.w.org\/{rel}","templated":true}]}}