{"id":46840,"date":"2024-11-02T18:13:06","date_gmt":"2024-11-02T21:13:06","guid":{"rendered":"http:\/\/caballitotequiero.com.ar\/portal\/?p=46840"},"modified":"2024-11-13T18:19:02","modified_gmt":"2024-11-13T21:19:02","slug":"musica-en-el-anfiteatro-de-parque-centenario","status":"publish","type":"post","link":"http:\/\/caballitotequiero.com.ar\/portal\/2024\/11\/02\/musica-en-el-anfiteatro-de-parque-centenario\/","title":{"rendered":"M\u00daSICA EN EL ANFITEATRO DE PARQUE CENTENARIO"},"content":{"rendered":"\n<p>Los fines de semana de noviembre, el Anfiteatro del Parque Centenario se<br>convertir\u00e1 en el epicentro de la m\u00fasica sinf\u00f3nica, el tango, el jazz y el folklore,<\/p>\n\n\n\n<p>con presentaciones sin costo y al aire libre.<\/p>\n\n\n\n<p>Todos los fines de semana de noviembre el escenario del Anfiteatro del Parque<br>Centenario (Leopoldo Marechal y Av. Lillo) presentar\u00e1 una programaci\u00f3n diversa que<br>resaltar\u00e1 voces y obras atemporales. La entrada es sin costo y por orden de llegada<br>hasta completar la capacidad del lugar.<\/p>\n\n\n\n<p>Los espect\u00e1culos comenzar\u00e1n el s\u00e1bado 2 de noviembre a las 19 h con la Orquesta del<br>Tango de Buenos Aires, dirigida por el maestro N\u00e9stor Marconi, que presentar\u00e1 un<br>concierto con la participaci\u00f3n especial de Mar\u00eda Gra\u00f1a. El Anfiteatro ofrecer\u00e1 la<br>oportunidad de compartir una velada con una artista de lujo, considerada una de las<br>mejores voces femeninas del tango. El repertorio incluir\u00e1 obras de reconocida<br>trayectoria en el g\u00e9nero.<br>El domingo 3 a las 19 h, llegar\u00e1 la agrupaci\u00f3n folkl\u00f3rica Latiendo las Ra\u00edces de la<br>instituci\u00f3n C\u00edrculo Social Val Mi\u00f1or de Galicia en Buenos Aires. Por primera vez,<br>presentar\u00e1n un espect\u00e1culo que evocar\u00e1 la cultura transmitida oralmente a lo largo de<br>las generaciones. Ser\u00e1 un show que incluir\u00e1 m\u00fasica, danza y canto vinculando la cultura<br>gallega.<br>El siguiente concierto lo ofrecer\u00e1 la Banda Sinf\u00f3nica de la Ciudad, el s\u00e1bado 9 de<br>noviembre a las 19 h, en conmemoraci\u00f3n del centenario del destacado compositor<br>italiano Giacomo Puccini. Este homenaje ser\u00e1 dirigido por el maestro Carlos David<br>Jaimes con la participaci\u00f3n de los solistas Enrique Folger (tenor) y M\u00f3nica Ferracani<br>(soprano). El programa incluir\u00e1 una selecci\u00f3n de las obras m\u00e1s destacadas del m\u00fasico<br>italiano.<br>El domingo 10 a las 19 h, se presentar\u00e1 Yamile Burich Jazz Band. La saxofonista y<br>compositora dar\u00e1 un concierto junto a su banda, integrada por tres instrumentos de<br>viento, con Laura Molina en tromb\u00f3n y Joaqu\u00edn Muro en trompeta. Completan la<br>formaci\u00f3n Marco Scaravaglione en bater\u00eda, Ivo Mazzeo en guitarra, Maia Korosec en<br>contrabajo. El espect\u00e1culo contar\u00e1 con la participaci\u00f3n especial de la cantante Ayel\u00e9n<br>Zuker e incluir\u00e1 composiciones originales de Yamile, influenciada por grandes artistas<br>como Sonny Rollins y Charlie Parker, as\u00ed como cl\u00e1sicos del g\u00e9nero con arreglos propios<br>de la artista.<br>Asimismo, la Sinf\u00f3nica porte\u00f1a tendr\u00e1 una segunda fecha el s\u00e1bado 16 a las 19 h. Esta<br>vez, junto a la pianista Anna Miernik y bajo la direcci\u00f3n de Nicol\u00e1s Kapustiansky.<br>Brindar\u00e1n un concierto dedicado \u00edntegramente a obras del destacado compositor y<br>pianista estadounidense, George Gershwin.<br>Para cerrar el mes, el violinista, compositor y director, oriundo de Santa Fe, Ramiro<br>Gallo, presentar\u00e1 en el Anfiteatro, el s\u00e1bado 30 a las 19 h, su m\u00e1s reciente producci\u00f3n<br>discogr\u00e1fica titulada Todas las cosas, y el tiempo. El disco fue producido durante 2024<br>en la Ciudad de Buenos Aires y cuenta con la participaci\u00f3n de la cantante Patricia<br>Barone y el director y bandoneonista N\u00e9stor Marconi, destacados referentes del<br>g\u00e9nero y a quien Ramiro Gallo Quinteto dedic\u00f3 dos composiciones en este disco.<\/p>\n\n\n\n<p>Todos las presentaciones son con entradas sin costo y por orden de llegada hasta<br>completar capacidad de sala. Se suspenden por lluvia.<\/p>\n\n\n\n<figure class=\"wp-block-image size-full\"><a href=\"http:\/\/caballitotequiero.com.ar\/portal\/wp-content\/uploads\/2024\/11\/Anfiteatro.jpg\"><img loading=\"lazy\" decoding=\"async\" width=\"700\" height=\"387\" src=\"http:\/\/caballitotequiero.com.ar\/portal\/wp-content\/uploads\/2024\/11\/Anfiteatro.jpg\" alt=\"\" class=\"wp-image-46841\" srcset=\"http:\/\/caballitotequiero.com.ar\/portal\/wp-content\/uploads\/2024\/11\/Anfiteatro.jpg 700w, http:\/\/caballitotequiero.com.ar\/portal\/wp-content\/uploads\/2024\/11\/Anfiteatro-300x166.jpg 300w\" sizes=\"auto, (max-width: 700px) 100vw, 700px\" \/><\/a><\/figure>\n","protected":false},"excerpt":{"rendered":"<p>Los fines de semana de noviembre, el Anfiteatro del Parque Centenario seconvertir\u00e1 en el epicentro de la m\u00fasica sinf\u00f3nica, el tango, el jazz y el folklore, con presentaciones sin costo y al aire libre. Todos los fines de semana de noviembre el escenario del Anfiteatro del ParqueCentenario (Leopoldo Marechal y Av. Lillo) presentar\u00e1 una programaci\u00f3n [&hellip;]<\/p>\n","protected":false},"author":1,"featured_media":46841,"comment_status":"closed","ping_status":"open","sticky":false,"template":"","format":"standard","meta":{"footnotes":""},"categories":[5],"tags":[],"class_list":["post-46840","post","type-post","status-publish","format-standard","has-post-thumbnail","hentry","category-noticias"],"_links":{"self":[{"href":"http:\/\/caballitotequiero.com.ar\/portal\/wp-json\/wp\/v2\/posts\/46840","targetHints":{"allow":["GET"]}}],"collection":[{"href":"http:\/\/caballitotequiero.com.ar\/portal\/wp-json\/wp\/v2\/posts"}],"about":[{"href":"http:\/\/caballitotequiero.com.ar\/portal\/wp-json\/wp\/v2\/types\/post"}],"author":[{"embeddable":true,"href":"http:\/\/caballitotequiero.com.ar\/portal\/wp-json\/wp\/v2\/users\/1"}],"replies":[{"embeddable":true,"href":"http:\/\/caballitotequiero.com.ar\/portal\/wp-json\/wp\/v2\/comments?post=46840"}],"version-history":[{"count":1,"href":"http:\/\/caballitotequiero.com.ar\/portal\/wp-json\/wp\/v2\/posts\/46840\/revisions"}],"predecessor-version":[{"id":46842,"href":"http:\/\/caballitotequiero.com.ar\/portal\/wp-json\/wp\/v2\/posts\/46840\/revisions\/46842"}],"wp:featuredmedia":[{"embeddable":true,"href":"http:\/\/caballitotequiero.com.ar\/portal\/wp-json\/wp\/v2\/media\/46841"}],"wp:attachment":[{"href":"http:\/\/caballitotequiero.com.ar\/portal\/wp-json\/wp\/v2\/media?parent=46840"}],"wp:term":[{"taxonomy":"category","embeddable":true,"href":"http:\/\/caballitotequiero.com.ar\/portal\/wp-json\/wp\/v2\/categories?post=46840"},{"taxonomy":"post_tag","embeddable":true,"href":"http:\/\/caballitotequiero.com.ar\/portal\/wp-json\/wp\/v2\/tags?post=46840"}],"curies":[{"name":"wp","href":"https:\/\/api.w.org\/{rel}","templated":true}]}}