{"id":46843,"date":"2024-11-10T14:34:55","date_gmt":"2024-11-10T17:34:55","guid":{"rendered":"http:\/\/caballitotequiero.com.ar\/portal\/?p=46843"},"modified":"2024-11-18T14:39:00","modified_gmt":"2024-11-18T17:39:00","slug":"mas-de-un-millon-de-visitantes-en-la-noche-de-los-museos","status":"publish","type":"post","link":"http:\/\/caballitotequiero.com.ar\/portal\/2024\/11\/10\/mas-de-un-millon-de-visitantes-en-la-noche-de-los-museos\/","title":{"rendered":"M\u00c1S DE UN MILL\u00d3N DE VISITANTES EN LA NOCHE DE LOS MUSEOS"},"content":{"rendered":"\n<p>El s\u00e1bado 9 de noviembre tuvo lugar la edici\u00f3n n\u00famero veinte de La Noche de los Museos. Participaron m\u00e1s de 250 espacios que ofrecieron muestras art\u00edsticas, exposiciones, charlas, proyecciones, show art\u00edsticos, muestras fotogr\u00e1ficas y mucho m\u00e1s. El evento se extendi\u00f3 desde las 19 del s\u00e1bado y hasta las 2 de la ma\u00f1ana del domingo, con una afluencia de p\u00fablico que super\u00f3 con creces la de a\u00f1os anteriores.<br>El gobierno de la Ciudad Aut\u00f3noma de Buenos Aires dispuso que el transporte p\u00fablico fuera gratuito para facilitar la visita a los lugares participantes.<br>En el barrio de Caballito participaron los espacios tradicionales que intervienen todos los a\u00f1os y tambi\u00e9n hubo nuevas sedes que se sumaron para participar en esta edici\u00f3n.<br>Algunos de ellos fueron:<br>Museo de Esculturas Luis Perlotti<br>Museo Nacional de Ciencias Naturales<br>Tramway Hist\u00f3rico de Buenos Aires<br>Museo y Biblioteca Hist\u00f3rica de la Anestesia<br>Museo Hip\u00f3lito Vieytes<br>Laboratorio Patrimonial Centenera<br>Fundaci\u00f3n Instituto Leloir<br>Club Italiano Buenos Aires<br>Club Ferro Carril Oeste<br>Centro Cultural de Jubilados \u201cNuestra Se\u00f1ora de los Buenos Aires\u201d<br>Centro Burgal\u00e9s<br>Centro Cultural Neville<br>Barber\u00eda La \u00c9poca<br>Asociaci\u00f3n Argentina Amigos de la Astronom\u00eda<br>Asociaci\u00f3n Amigos del Tranv\u00eda y Biblioteca Popular Federico Lacroze<\/p>\n\n\n\n<figure class=\"wp-block-image size-full\"><a href=\"http:\/\/caballitotequiero.com.ar\/portal\/wp-content\/uploads\/2024\/11\/museos-subte.jpg\"><img loading=\"lazy\" decoding=\"async\" width=\"700\" height=\"394\" src=\"http:\/\/caballitotequiero.com.ar\/portal\/wp-content\/uploads\/2024\/11\/museos-subte.jpg\" alt=\"\" class=\"wp-image-46844\" srcset=\"http:\/\/caballitotequiero.com.ar\/portal\/wp-content\/uploads\/2024\/11\/museos-subte.jpg 700w, http:\/\/caballitotequiero.com.ar\/portal\/wp-content\/uploads\/2024\/11\/museos-subte-300x169.jpg 300w\" sizes=\"auto, (max-width: 700px) 100vw, 700px\" \/><\/a><\/figure>\n","protected":false},"excerpt":{"rendered":"<p>El s\u00e1bado 9 de noviembre tuvo lugar la edici\u00f3n n\u00famero veinte de La Noche de los Museos. Participaron m\u00e1s de 250 espacios que ofrecieron muestras art\u00edsticas, exposiciones, charlas, proyecciones, show art\u00edsticos, muestras fotogr\u00e1ficas y mucho m\u00e1s. El evento se extendi\u00f3 desde las 19 del s\u00e1bado y hasta las 2 de la ma\u00f1ana del domingo, con [&hellip;]<\/p>\n","protected":false},"author":1,"featured_media":46844,"comment_status":"closed","ping_status":"open","sticky":false,"template":"","format":"standard","meta":{"footnotes":""},"categories":[5],"tags":[],"class_list":["post-46843","post","type-post","status-publish","format-standard","has-post-thumbnail","hentry","category-noticias"],"_links":{"self":[{"href":"http:\/\/caballitotequiero.com.ar\/portal\/wp-json\/wp\/v2\/posts\/46843","targetHints":{"allow":["GET"]}}],"collection":[{"href":"http:\/\/caballitotequiero.com.ar\/portal\/wp-json\/wp\/v2\/posts"}],"about":[{"href":"http:\/\/caballitotequiero.com.ar\/portal\/wp-json\/wp\/v2\/types\/post"}],"author":[{"embeddable":true,"href":"http:\/\/caballitotequiero.com.ar\/portal\/wp-json\/wp\/v2\/users\/1"}],"replies":[{"embeddable":true,"href":"http:\/\/caballitotequiero.com.ar\/portal\/wp-json\/wp\/v2\/comments?post=46843"}],"version-history":[{"count":1,"href":"http:\/\/caballitotequiero.com.ar\/portal\/wp-json\/wp\/v2\/posts\/46843\/revisions"}],"predecessor-version":[{"id":46845,"href":"http:\/\/caballitotequiero.com.ar\/portal\/wp-json\/wp\/v2\/posts\/46843\/revisions\/46845"}],"wp:featuredmedia":[{"embeddable":true,"href":"http:\/\/caballitotequiero.com.ar\/portal\/wp-json\/wp\/v2\/media\/46844"}],"wp:attachment":[{"href":"http:\/\/caballitotequiero.com.ar\/portal\/wp-json\/wp\/v2\/media?parent=46843"}],"wp:term":[{"taxonomy":"category","embeddable":true,"href":"http:\/\/caballitotequiero.com.ar\/portal\/wp-json\/wp\/v2\/categories?post=46843"},{"taxonomy":"post_tag","embeddable":true,"href":"http:\/\/caballitotequiero.com.ar\/portal\/wp-json\/wp\/v2\/tags?post=46843"}],"curies":[{"name":"wp","href":"https:\/\/api.w.org\/{rel}","templated":true}]}}