{"id":46919,"date":"2025-01-06T10:20:54","date_gmt":"2025-01-06T13:20:54","guid":{"rendered":"http:\/\/caballitotequiero.com.ar\/portal\/?p=46919"},"modified":"2025-01-09T10:30:38","modified_gmt":"2025-01-09T13:30:38","slug":"los-reyes-magos-en-caballito","status":"publish","type":"post","link":"http:\/\/caballitotequiero.com.ar\/portal\/2025\/01\/06\/los-reyes-magos-en-caballito\/","title":{"rendered":"LOS REYES MAGOS EN CABALLITO"},"content":{"rendered":"<p>El 6 de enero, D\u00eda de Reyes se realiz\u00f3 una vez m\u00e1s la tradicional Caravana Solidaria que organiza la C\u00e1mara de Bares de la Asociaci\u00f3n de Hoteles y Restaurantes, Confiter\u00edas y Caf\u00e9s . Con la coordinaci\u00f3n de Felipe Toto Evangelista, propietario del Caf\u00e9 Notable El Viejo Buz\u00f3n, la caravana pas\u00f3 por distintos bares y finaliz\u00f3 con una donaci\u00f3n de cientos de juegues en la ex Casa Cuna.<\/p>\n<p>Esta es la s\u00e9ptima edici\u00f3n de este recorrido que se inici\u00f3 en la ex tienda Gath &amp; Chaves, recordando el sitio donde los ni\u00f1os porte\u00f1os visitaban a los Reyes Magos hasta la d\u00e9cada del setenta. Luego la caravana continu\u00f3 por una serie de Bares Notables: London City, Confiter\u00eda Las Violetas, Caf\u00e9 Margot, Rotiser\u00eda Miramar para finalizar en Caballito en El Viejo Buz\u00f3n.<br \/>\nEn cada parada, los Reyes Magos descienden de la carroza para saludar y fotografiarse con los ni\u00f1os presentes. Cerca de las 13, la carroza lleg\u00f3 al Hospital de Ni\u00f1os Ricardo Guti\u00e9rrez para hacer entrega de las donaciones de juguetes y libros a los ni\u00f1os internados.<br \/>\nLa Asociaci\u00f3n de Hoteles, Restaurantes, Confiter\u00edas y Caf\u00e9s est\u00e1 celebrando su 120\u00ba aniversario ya que e1\u00b0 de enero de 1905 Santiago Canale, Lorenzo Semino y Andr\u00e9s Luzio dieron el primer paso para la uni\u00f3n de los empresarios de los sectores hoteleros, gastron\u00f3micos y pasteleros.<\/p>\n<p><a href=\"http:\/\/caballitotequiero.com.ar\/portal\/wp-content\/uploads\/2025\/01\/Reyes-Magos-1.jpg\"><img loading=\"lazy\" decoding=\"async\" class=\"aligncenter size-full wp-image-46920\" src=\"http:\/\/caballitotequiero.com.ar\/portal\/wp-content\/uploads\/2025\/01\/Reyes-Magos-1.jpg\" alt=\"\" width=\"700\" height=\"673\" srcset=\"http:\/\/caballitotequiero.com.ar\/portal\/wp-content\/uploads\/2025\/01\/Reyes-Magos-1.jpg 700w, http:\/\/caballitotequiero.com.ar\/portal\/wp-content\/uploads\/2025\/01\/Reyes-Magos-1-300x288.jpg 300w, http:\/\/caballitotequiero.com.ar\/portal\/wp-content\/uploads\/2025\/01\/Reyes-Magos-1-36x36.jpg 36w\" sizes=\"auto, (max-width: 700px) 100vw, 700px\" \/><\/a><\/p>\n","protected":false},"excerpt":{"rendered":"<p>El 6 de enero, D\u00eda de Reyes se realiz\u00f3 una vez m\u00e1s la tradicional Caravana Solidaria que organiza la C\u00e1mara de Bares de la Asociaci\u00f3n de Hoteles y Restaurantes, Confiter\u00edas y Caf\u00e9s . Con la coordinaci\u00f3n de Felipe Toto Evangelista, propietario del Caf\u00e9 Notable El Viejo Buz\u00f3n, la caravana pas\u00f3 por distintos bares y finaliz\u00f3 [&hellip;]<\/p>\n","protected":false},"author":1,"featured_media":46920,"comment_status":"closed","ping_status":"open","sticky":false,"template":"","format":"standard","meta":{"footnotes":""},"categories":[5],"tags":[],"class_list":["post-46919","post","type-post","status-publish","format-standard","has-post-thumbnail","hentry","category-noticias"],"_links":{"self":[{"href":"http:\/\/caballitotequiero.com.ar\/portal\/wp-json\/wp\/v2\/posts\/46919","targetHints":{"allow":["GET"]}}],"collection":[{"href":"http:\/\/caballitotequiero.com.ar\/portal\/wp-json\/wp\/v2\/posts"}],"about":[{"href":"http:\/\/caballitotequiero.com.ar\/portal\/wp-json\/wp\/v2\/types\/post"}],"author":[{"embeddable":true,"href":"http:\/\/caballitotequiero.com.ar\/portal\/wp-json\/wp\/v2\/users\/1"}],"replies":[{"embeddable":true,"href":"http:\/\/caballitotequiero.com.ar\/portal\/wp-json\/wp\/v2\/comments?post=46919"}],"version-history":[{"count":1,"href":"http:\/\/caballitotequiero.com.ar\/portal\/wp-json\/wp\/v2\/posts\/46919\/revisions"}],"predecessor-version":[{"id":46921,"href":"http:\/\/caballitotequiero.com.ar\/portal\/wp-json\/wp\/v2\/posts\/46919\/revisions\/46921"}],"wp:featuredmedia":[{"embeddable":true,"href":"http:\/\/caballitotequiero.com.ar\/portal\/wp-json\/wp\/v2\/media\/46920"}],"wp:attachment":[{"href":"http:\/\/caballitotequiero.com.ar\/portal\/wp-json\/wp\/v2\/media?parent=46919"}],"wp:term":[{"taxonomy":"category","embeddable":true,"href":"http:\/\/caballitotequiero.com.ar\/portal\/wp-json\/wp\/v2\/categories?post=46919"},{"taxonomy":"post_tag","embeddable":true,"href":"http:\/\/caballitotequiero.com.ar\/portal\/wp-json\/wp\/v2\/tags?post=46919"}],"curies":[{"name":"wp","href":"https:\/\/api.w.org\/{rel}","templated":true}]}}