{"id":46934,"date":"2025-01-14T23:33:32","date_gmt":"2025-01-15T02:33:32","guid":{"rendered":"http:\/\/caballitotequiero.com.ar\/portal\/?p=46934"},"modified":"2025-01-14T23:33:32","modified_gmt":"2025-01-15T02:33:32","slug":"aniversario-de-caballito-concurso-caballito-me-inspira","status":"publish","type":"post","link":"http:\/\/caballitotequiero.com.ar\/portal\/2025\/01\/14\/aniversario-de-caballito-concurso-caballito-me-inspira\/","title":{"rendered":"ANIVERSARIO DE CABALLITO: CONCURSO \u00abCABALLITO ME INSPIRA\u00bb"},"content":{"rendered":"<div class=\"meSK8 M7eMe\" role=\"heading\" aria-level=\"2\"><b>BASES\u00a0 Y CONDICIONES<\/b><\/div>\n<div class=\"spb5Rd OIC90c\">Con el objetivo de generar una instancia de encuentro social y cultural en el marco del 204 Aniversario del Barrio de Caballito, la\u00a0<b>Asociaci\u00f3n Amigos del Museo de Esculturas \u201cLuis Perlotti\u201d<\/b>, organiza el presente\u00a0<b>Concurso Literario de Cuento y Poes\u00eda \u00abCaballito Me Inspira\u00bb<\/b>, conforme a las siguientes\u00a0Bases y Condiciones<\/p>\n<div>\n<div>\n<p>Hasta el <b>10 de febrero de 2025<\/b> permanecer\u00e1 abierta la convocatoria para participar del concurso literario de poes\u00eda y cuentos <b>\u00abCABALLITO ME INSPIRA\u201d<\/b> organizado por la <b>Asociaci\u00f3n Amigos del Museo de Esculturas Luis Perlotti, <\/b>en el marco del 204 Aniversario del Barrio de Caballito.<\/p>\n<p><b>BASES Y CONDICIONES CATEGOR\u00cdA CUENTO <\/b><\/p>\n<p>Los relatos (uno por autor), que se ajustar\u00e1n al t\u00edtulo de la convocatoria, habr\u00e1n de estar escritos en castellano.<\/p>\n<p>La extensi\u00f3n del relato no podr\u00e1 ser superior a 8000 caracteres con espacio a una sola carilla, espaciado de 1.5 y fuente Arial 11.<\/p>\n<p>No se admitir\u00e1n textos manuscritos.<\/p>\n<p>La tem\u00e1tica del relato es libre con una \u00fanica condici\u00f3n: el \u00e1mbito del mismo deber\u00e1 estar ubicado geogr\u00e1ficamente en el <b>Barrio de Caballito<\/b> y deber\u00e1 tener un papel relevante en la acci\u00f3n del texto concursante. Ese \u00e1mbito o protagonismo podr\u00e1 ser tambi\u00e9n alg\u00fan domicilio, entidad, club, museo, parque, plaza, bar, etc. ubicado en los l\u00edmites de la Comuna 6.<\/p>\n<p>La idea central de esta condici\u00f3n es rescatar y promover nuestro barrio como un \u00e1mbito social o individual en el que transcurren o se recrean las historias de la comunidad.<\/p>\n<p><b>BASES Y CONDICIONES CATEGOR\u00cdA POES\u00cdA<\/b><\/p>\n<p>Se puede participar con un poema por autor, que deber\u00e1 tener una extensi\u00f3n m\u00ednima de 18 versos y una extensi\u00f3n m\u00e1xima de 110. El concepto l\u00ednea incluye t\u00edtulo + versos + espacio entre t\u00edtulo y 1\u00ba verso + espacio entre versos (si los hubiera).<\/p>\n<p>La tem\u00e1tica es libre con una \u00fanica condici\u00f3n: la misma deber\u00e1 estar relacionada directamente con el <b>Barrio de Caballito<\/b> o con alg\u00fan domicilio, entidad, club, museo, parque, plaza, bar, etc. ubicado en los l\u00edmites de la Comuna 6.<\/p>\n<p>La idea central de esta condici\u00f3n es rescatar y promover nuestro barrio como un \u00e1mbito social o individual en el que transcurren o se recrean las historias de la comunidad.<\/p>\n<p><b>CONDICIONES GENERALES <\/b><\/p>\n<p>1) La participaci\u00f3n en el concurso es absolutamente gratuita, quedando a cargo de los postulantes los gastos que insuma su participaci\u00f3n.<\/p>\n<p>2) Podr\u00e1n participar personas f\u00edsicas de cualquier nacionalidad, que hayan cumplido los 18 a\u00f1os de edad.<\/p>\n<p>3) Cada concursante no podr\u00e1 participar con m\u00e1s de un relato y una poes\u00eda.<\/p>\n<p>4) Los textos habr\u00e1n de ser originales e in\u00e9ditos. Todo concursante declara bajo su exclusiva responsabilidad, la autor\u00eda del relato o cuento concursante. El texto no debe haber participado en otros cert\u00e1menes.<\/p>\n<p>5) Los relatos se entregar\u00e1n en formato digital al correo electr\u00f3nico\u00a0<b>aamelper@gmail.com\u00a0<\/b>El asunto del mail ser\u00e1 <b>Concurso \u201cCABALLITO ME INSPIRA\u201d\u00a0<\/b>indicando categor\u00eda y el nombre de su autor. Datos personales a consignar: &#8211; T\u00edtulo de la obra &#8211; Nombre(s) y apellido(s) &#8211; Domicilio y pa\u00eds de origen &#8211; Tel\u00e9fono(s) &#8211; Fecha de nacimiento &#8211; N\u00famero y tipo de Documento de Identidad &#8211; Correo electr\u00f3nico.<\/p>\n<p>6) La presentaci\u00f3n a este concurso implica, sin necesidad de declaraci\u00f3n alguna por parte del autor, el reconocimiento del derecho de propiedad exclusivo a favor de los organizadores.<\/p>\n<p>7) La admisi\u00f3n de textos comienza el d\u00eda 6 de enero de 2025 y finaliza el 10 de febrero de 2025 y cada autor podr\u00e1 participar en la categor\u00eda que elija o en las dos si lo desea, no siendo obligatorio presentar en las dos categor\u00edas una obra.<\/p>\n<p>8)\u00a0Se otorgar\u00e1n los siguientes premios y distinciones:<\/p>\n<div>1\u00ba, 2\u00ba y 3\u00ba\u00a0Premio &#8211; Medalla y Diploma.<\/div>\n<div>1\u00ba a 10\u00ba\u00a0Menci\u00f3n &#8211; Diploma<\/div>\n<div>Se extender\u00e1n Certificados de participaci\u00f3n a todos los autores.<\/div>\n<p>Todos los seleccionados ser\u00e1n distinguidos en el acto a realizarse en conmemoraci\u00f3n del 204 Aniversario del Barrio de Caballito a realizarse en el Parque Rivadavia, el s\u00e1bado 15 de febrero a las 17:00 hs.<\/p>\n<p>9) La decisi\u00f3n del Jurado ser\u00e1 inapelable, pudi\u00e9ndose declarar desierto alguno de los premios.<\/p>\n<p>10)\u00a0La participaci\u00f3n en este concurso implica la\u00a0<b>aceptaci\u00f3n de las Bases y Condiciones<\/b>.<\/p>\n<p><a href=\"http:\/\/caballitotequiero.com.ar\/portal\/wp-content\/uploads\/2025\/01\/Concurso-Literario.jpg\"><img loading=\"lazy\" decoding=\"async\" class=\"aligncenter size-full wp-image-46935\" src=\"http:\/\/caballitotequiero.com.ar\/portal\/wp-content\/uploads\/2025\/01\/Concurso-Literario.jpg\" alt=\"\" width=\"700\" height=\"589\" srcset=\"http:\/\/caballitotequiero.com.ar\/portal\/wp-content\/uploads\/2025\/01\/Concurso-Literario.jpg 700w, http:\/\/caballitotequiero.com.ar\/portal\/wp-content\/uploads\/2025\/01\/Concurso-Literario-300x252.jpg 300w\" sizes=\"auto, (max-width: 700px) 100vw, 700px\" \/><\/a><\/p>\n<\/div>\n<\/div>\n<\/div>\n","protected":false},"excerpt":{"rendered":"<p>BASES\u00a0 Y CONDICIONES Con el objetivo de generar una instancia de encuentro social y cultural en el marco del 204 Aniversario del Barrio de Caballito, la\u00a0Asociaci\u00f3n Amigos del Museo de Esculturas \u201cLuis Perlotti\u201d, organiza el presente\u00a0Concurso Literario de Cuento y Poes\u00eda \u00abCaballito Me Inspira\u00bb, conforme a las siguientes\u00a0Bases y Condiciones Hasta el 10 de febrero [&hellip;]<\/p>\n","protected":false},"author":1,"featured_media":46935,"comment_status":"closed","ping_status":"open","sticky":false,"template":"","format":"standard","meta":{"footnotes":""},"categories":[5],"tags":[],"class_list":["post-46934","post","type-post","status-publish","format-standard","has-post-thumbnail","hentry","category-noticias"],"_links":{"self":[{"href":"http:\/\/caballitotequiero.com.ar\/portal\/wp-json\/wp\/v2\/posts\/46934","targetHints":{"allow":["GET"]}}],"collection":[{"href":"http:\/\/caballitotequiero.com.ar\/portal\/wp-json\/wp\/v2\/posts"}],"about":[{"href":"http:\/\/caballitotequiero.com.ar\/portal\/wp-json\/wp\/v2\/types\/post"}],"author":[{"embeddable":true,"href":"http:\/\/caballitotequiero.com.ar\/portal\/wp-json\/wp\/v2\/users\/1"}],"replies":[{"embeddable":true,"href":"http:\/\/caballitotequiero.com.ar\/portal\/wp-json\/wp\/v2\/comments?post=46934"}],"version-history":[{"count":1,"href":"http:\/\/caballitotequiero.com.ar\/portal\/wp-json\/wp\/v2\/posts\/46934\/revisions"}],"predecessor-version":[{"id":46936,"href":"http:\/\/caballitotequiero.com.ar\/portal\/wp-json\/wp\/v2\/posts\/46934\/revisions\/46936"}],"wp:featuredmedia":[{"embeddable":true,"href":"http:\/\/caballitotequiero.com.ar\/portal\/wp-json\/wp\/v2\/media\/46935"}],"wp:attachment":[{"href":"http:\/\/caballitotequiero.com.ar\/portal\/wp-json\/wp\/v2\/media?parent=46934"}],"wp:term":[{"taxonomy":"category","embeddable":true,"href":"http:\/\/caballitotequiero.com.ar\/portal\/wp-json\/wp\/v2\/categories?post=46934"},{"taxonomy":"post_tag","embeddable":true,"href":"http:\/\/caballitotequiero.com.ar\/portal\/wp-json\/wp\/v2\/tags?post=46934"}],"curies":[{"name":"wp","href":"https:\/\/api.w.org\/{rel}","templated":true}]}}