{"id":46940,"date":"2025-01-25T21:31:57","date_gmt":"2025-01-26T00:31:57","guid":{"rendered":"http:\/\/caballitotequiero.com.ar\/portal\/?p=46940"},"modified":"2025-02-02T21:58:47","modified_gmt":"2025-02-03T00:58:47","slug":"mercado-del-progreso-un-icono-de-caballito","status":"publish","type":"post","link":"http:\/\/caballitotequiero.com.ar\/portal\/2025\/01\/25\/mercado-del-progreso-un-icono-de-caballito\/","title":{"rendered":"MERCADO DEL PROGRESO, UN \u00cdCONO DE CABALLITO"},"content":{"rendered":"<p>Con m\u00e1s de 130 a\u00f1os de historia, el Mercado del Progreso es un \u00edcono de Caballito que combina tradici\u00f3n, calidad y cultura.<\/p>\n<p>Si hay un lugar que respira historia y tradici\u00f3n en Buenos Aires, ese es el\u00a0<strong>Mercado del Progreso<\/strong>. Ubicado en el coraz\u00f3n de\u00a0<strong>Caballito<\/strong>, es mucho m\u00e1s que un simple espacio para comprar frutas o carnes: es una c\u00e1psula del tiempo que sigue funcionando\u00a0<strong>tal como lo hac\u00eda hace m\u00e1s de 100 a\u00f1os<\/strong>.<\/p>\n<p>Inaugurado un\u00a0<strong>9 de noviembre de 1889<\/strong>, el Mercado del Progreso fue un proyecto de la Sociedad de Progreso de Caballito. En aquellos d\u00edas, los carros entraban por\u00a0<strong>Rivadavia, Silva (hoy Del Barco Centenera)<\/strong>\u00a0o el Pasaje Coronda.<\/p>\n<p>Los materiales con el que fue constru\u00eddo fueron\u00a0<strong>hierro, ladrillo y m\u00e1rmol<\/strong>, y la disposici\u00f3n de su estructura hac\u00edan que las condiciones de ventilaci\u00f3n y limpieza y su estudiada orientaci\u00f3n, lo convirtieran en\u00a0<strong>uno de los m\u00e1s higi\u00e9nicos para su \u00e9poca<\/strong>.<\/p>\n<p>Desde el principio,\u00a0<strong>su dise\u00f1o arquitect\u00f3nico rompi\u00f3 esquemas: un pabell\u00f3n central con naves abiertas, galer\u00edas laterales y un sistema de ventilaci\u00f3n que era toda una innovaci\u00f3n para la \u00e9poca<\/strong>.<\/p>\n<p>Y si hablamos de estilo, el\u00a0<strong>art dec\u00f3<\/strong>\u00a0tambi\u00e9n tiene su momento de gloria en el mercado, especialmente en la fachada renovada durante los a\u00f1os &#8217;20 y &#8217;30, cuando se incorporan elementos como el\u00a0<strong>famoso reloj y cartel ic\u00f3nico<\/strong>.<\/p>\n<p>Aunque los a\u00f1os pasaron, el mercado conserva su\u00a0<strong>esencia original<\/strong>, algo que se siente al recorrer sus 3.600 m2. Con\u00a0<strong>17 locales a la calle y 174 puestos interiores<\/strong>, es un im\u00e1n para vecinos y chefs de toda la ciudad que buscan productos frescos y de calidad.<\/p>\n<p>En \u00e9l se pueden conseguir desde frutas y verduras nacionales o importadas, hasta carnes frescas y frutos de mar preparados con recetas que combinan lo moderno y lo tradicional.<\/p>\n<p>Un dato curioso:\u00a0<strong>muchos de los puestos son atendidos por nietos y bisnietos de los comerciantes originales<\/strong>.<\/p>\n<p>El Mercado del Progreso no solo es historia. Tambi\u00e9n sabe adaptarse a los tiempos. En 2020, el Gobierno de la Ciudad de Buenos Aires le dio una merecida puesta en valor.<\/p>\n<p>La obra estuvo a cargo del\u00a0<strong>Ministerio de Espacio P\u00fablico e Higiene Urbana<\/strong> que puso en valor la fachada que estaba deteriorada, parte del interior del mercado y la renovaci\u00f3n completa de la iluminaci\u00f3n exterior.<\/p>\n<p><a href=\"http:\/\/caballitotequiero.com.ar\/portal\/wp-content\/uploads\/2025\/02\/mercado-1.jpg\">Fuente:ParaT\u00ed\u00a0 &#8211; Pilar Passamonte<\/a><a href=\"http:\/\/caballitotequiero.com.ar\/portal\/wp-content\/uploads\/2025\/02\/mercado-1.jpg\"><img loading=\"lazy\" decoding=\"async\" class=\"aligncenter size-full wp-image-46941\" src=\"http:\/\/caballitotequiero.com.ar\/portal\/wp-content\/uploads\/2025\/02\/mercado-1.jpg\" alt=\"\" width=\"700\" height=\"524\" srcset=\"http:\/\/caballitotequiero.com.ar\/portal\/wp-content\/uploads\/2025\/02\/mercado-1.jpg 700w, http:\/\/caballitotequiero.com.ar\/portal\/wp-content\/uploads\/2025\/02\/mercado-1-300x225.jpg 300w\" sizes=\"auto, (max-width: 700px) 100vw, 700px\" \/><\/a><\/p>\n<p>&nbsp;<\/p>\n<p>&nbsp;<\/p>\n<p>&nbsp;<\/p>\n<p>&nbsp;<\/p>\n<p>&nbsp;<\/p>\n","protected":false},"excerpt":{"rendered":"<p>Con m\u00e1s de 130 a\u00f1os de historia, el Mercado del Progreso es un \u00edcono de Caballito que combina tradici\u00f3n, calidad y cultura. Si hay un lugar que respira historia y tradici\u00f3n en Buenos Aires, ese es el\u00a0Mercado del Progreso. Ubicado en el coraz\u00f3n de\u00a0Caballito, es mucho m\u00e1s que un simple espacio para comprar frutas o [&hellip;]<\/p>\n","protected":false},"author":1,"featured_media":46941,"comment_status":"closed","ping_status":"open","sticky":false,"template":"","format":"standard","meta":{"footnotes":""},"categories":[5],"tags":[],"class_list":["post-46940","post","type-post","status-publish","format-standard","has-post-thumbnail","hentry","category-noticias"],"_links":{"self":[{"href":"http:\/\/caballitotequiero.com.ar\/portal\/wp-json\/wp\/v2\/posts\/46940","targetHints":{"allow":["GET"]}}],"collection":[{"href":"http:\/\/caballitotequiero.com.ar\/portal\/wp-json\/wp\/v2\/posts"}],"about":[{"href":"http:\/\/caballitotequiero.com.ar\/portal\/wp-json\/wp\/v2\/types\/post"}],"author":[{"embeddable":true,"href":"http:\/\/caballitotequiero.com.ar\/portal\/wp-json\/wp\/v2\/users\/1"}],"replies":[{"embeddable":true,"href":"http:\/\/caballitotequiero.com.ar\/portal\/wp-json\/wp\/v2\/comments?post=46940"}],"version-history":[{"count":1,"href":"http:\/\/caballitotequiero.com.ar\/portal\/wp-json\/wp\/v2\/posts\/46940\/revisions"}],"predecessor-version":[{"id":46942,"href":"http:\/\/caballitotequiero.com.ar\/portal\/wp-json\/wp\/v2\/posts\/46940\/revisions\/46942"}],"wp:featuredmedia":[{"embeddable":true,"href":"http:\/\/caballitotequiero.com.ar\/portal\/wp-json\/wp\/v2\/media\/46941"}],"wp:attachment":[{"href":"http:\/\/caballitotequiero.com.ar\/portal\/wp-json\/wp\/v2\/media?parent=46940"}],"wp:term":[{"taxonomy":"category","embeddable":true,"href":"http:\/\/caballitotequiero.com.ar\/portal\/wp-json\/wp\/v2\/categories?post=46940"},{"taxonomy":"post_tag","embeddable":true,"href":"http:\/\/caballitotequiero.com.ar\/portal\/wp-json\/wp\/v2\/tags?post=46940"}],"curies":[{"name":"wp","href":"https:\/\/api.w.org\/{rel}","templated":true}]}}