{"id":47081,"date":"2025-04-28T20:57:18","date_gmt":"2025-04-28T23:57:18","guid":{"rendered":"http:\/\/caballitotequiero.com.ar\/portal\/?p=47081"},"modified":"2025-04-28T20:57:18","modified_gmt":"2025-04-28T23:57:18","slug":"cumplio-112-anos-el-hospital-durand","status":"publish","type":"post","link":"http:\/\/caballitotequiero.com.ar\/portal\/2025\/04\/28\/cumplio-112-anos-el-hospital-durand\/","title":{"rendered":"CUMPLIO 112 A\u00d1OS EL HOSPITAL DURAND"},"content":{"rendered":"<p>En un nuevo aniversario del Hospital Durand, recordamos su historia<\/p>\n<p>Este hospital debe su existencia al m\u00e9dico\u00a0<a class=\"new\" title=\"Carlos G. Durand (a\u00fan no redactado)\" href=\"https:\/\/es.wikipedia.org\/w\/index.php?title=Carlos_G._Durand&amp;action=edit&amp;redlink=1\">Dr. Carlos G. Durand<\/a>, un hombre de una vida tortuosa que en su testamento indic\u00f3 que donaba todo su capital para la construcci\u00f3n de\u00a0<i>\u00abun Hospital para Hombres\u00bb<\/i>.<\/p>\n<p>El Dr.\u00a0<a title=\"Jos\u00e9 Penna\" href=\"https:\/\/es.wikipedia.org\/wiki\/Jos%C3%A9_Penna\">Jos\u00e9 Penna<\/a>\u00a0estuvo a cargo de la elecci\u00f3n de un terreno, y termin\u00f3 decidi\u00e9ndose por la antigua Quinta Ezpeleta, en Caballito. Se realiz\u00f3 en 1907 un concurso arquitect\u00f3nico de proyectos, y luego de la selecci\u00f3n de\u00a0<a title=\"Juan Antonio Buschiazzo\" href=\"https:\/\/es.wikipedia.org\/wiki\/Juan_Antonio_Buschiazzo\">Juan Antonio Buschiazzo<\/a> como ganador, la construcci\u00f3n qued\u00f3 a cargo del Ingeniero Alfredo Buschiazzo.<\/p>\n<p>La piedra fundamental se coloc\u00f3 el 20 de junio de 1909. Pero las obras se demoraron y adem\u00e1s requirieron nuevas partidas presupuestarias. Las llaves del edificio fueron entregadas a la Municipalidad de Buenos Aires el 18 de marzo de 1912, pero a\u00fan el hospital no estaba listo para operar, por lo cual los plazos se extendieron m\u00e1s y se necesit\u00f3 de m\u00e1s fondos.<\/p>\n<p>El Hospital Carlos G. Durand fue inaugurado finalmente el 28 de abril de 1913. Con el tiempo, prontamente se hicieron necesarias ampliaciones, y el servicio se extendi\u00f3 tambi\u00e9n a las mujeres.<\/p>\n<div class=\"mw-heading mw-heading3\">\n<h3 id=\"Ampliaciones_y_reformas\">Ampliaciones y reforma<\/h3>\n<\/div>\n<p>En 1950 hubo un per\u00edodo de incorporaci\u00f3n de pabellones, en su mayor\u00eda dedicados a atender enfermos cr\u00f3nicos. En 1944 se cre\u00f3 la Direcci\u00f3n Nacional de Salud, dependiente del Ministerio del Interior, el hospital fue ampliado entre 1947 y 1951, duplic\u00e1ndose su capacidad como parte de la nueva concepci\u00f3n de la salud estatal que imprimi\u00f3 la gesti\u00f3n del ministro Ram\u00f3n Carrillo.<sup id=\"cite_ref-1\" class=\"mw-references reference separada\"><\/sup>\u200b<\/p>\n<p>Pasadas varias d\u00e9cadas, se hizo necesaria la construcci\u00f3n de un nuevo edificio de concepciones acordes a la medicina actual, llamado \u00abCentro M\u00e9dico Complementario\u00bb. Por ello se llam\u00f3 a un nuevo concurso de proyectos, en el a\u00f1o 1971. El ganador fue el estudio de\u00a0<a class=\"new\" title=\"MSGSSS (a\u00fan no redactado)\" href=\"https:\/\/es.wikipedia.org\/w\/index.php?title=MSGSSS&amp;action=edit&amp;redlink=1\">Manteola, Petchersky, S\u00e1nchez G\u00f3mez, Santos, Solsona y Vi\u00f1oly<\/a>. Las obras se extendieron sobre los siguientes a\u00f1os y significaron la demolici\u00f3n casi total del antiguo hospital, exceptuando el m\u00e1s reciente Instituto M\u00e9dico-Quir\u00fargico, actual Pabell\u00f3n Romano, y el pabell\u00f3n ubicado m\u00e1s al oeste, el Pabell\u00f3n Rayos, que a\u00fan conserva intacta su estructura original. En 2005 se abri\u00f3 un nuevo edificio de guardia.<\/p>\n<p><sup id=\"cite_ref-2\" class=\"mw-references reference separada\"><\/sup>\u200b<a href=\"http:\/\/caballitotequiero.com.ar\/portal\/wp-content\/uploads\/2025\/04\/Durand-1.jpg\"><img loading=\"lazy\" decoding=\"async\" class=\"aligncenter size-full wp-image-47082\" src=\"http:\/\/caballitotequiero.com.ar\/portal\/wp-content\/uploads\/2025\/04\/Durand-1.jpg\" alt=\"\" width=\"599\" height=\"449\" srcset=\"http:\/\/caballitotequiero.com.ar\/portal\/wp-content\/uploads\/2025\/04\/Durand-1.jpg 599w, http:\/\/caballitotequiero.com.ar\/portal\/wp-content\/uploads\/2025\/04\/Durand-1-300x225.jpg 300w\" sizes=\"auto, (max-width: 599px) 100vw, 599px\" \/><\/a> <a href=\"http:\/\/caballitotequiero.com.ar\/portal\/wp-content\/uploads\/2025\/04\/Durand-2.jpg\"><img loading=\"lazy\" decoding=\"async\" class=\"aligncenter size-full wp-image-47083\" src=\"http:\/\/caballitotequiero.com.ar\/portal\/wp-content\/uploads\/2025\/04\/Durand-2.jpg\" alt=\"\" width=\"586\" height=\"440\" srcset=\"http:\/\/caballitotequiero.com.ar\/portal\/wp-content\/uploads\/2025\/04\/Durand-2.jpg 586w, http:\/\/caballitotequiero.com.ar\/portal\/wp-content\/uploads\/2025\/04\/Durand-2-300x225.jpg 300w\" sizes=\"auto, (max-width: 586px) 100vw, 586px\" \/><\/a><\/p>\n","protected":false},"excerpt":{"rendered":"<p>En un nuevo aniversario del Hospital Durand, recordamos su historia Este hospital debe su existencia al m\u00e9dico\u00a0Dr. Carlos G. Durand, un hombre de una vida tortuosa que en su testamento indic\u00f3 que donaba todo su capital para la construcci\u00f3n de\u00a0\u00abun Hospital para Hombres\u00bb. El Dr.\u00a0Jos\u00e9 Penna\u00a0estuvo a cargo de la elecci\u00f3n de un terreno, y [&hellip;]<\/p>\n","protected":false},"author":1,"featured_media":47082,"comment_status":"closed","ping_status":"open","sticky":false,"template":"","format":"standard","meta":{"footnotes":""},"categories":[5],"tags":[],"class_list":["post-47081","post","type-post","status-publish","format-standard","has-post-thumbnail","hentry","category-noticias"],"_links":{"self":[{"href":"http:\/\/caballitotequiero.com.ar\/portal\/wp-json\/wp\/v2\/posts\/47081","targetHints":{"allow":["GET"]}}],"collection":[{"href":"http:\/\/caballitotequiero.com.ar\/portal\/wp-json\/wp\/v2\/posts"}],"about":[{"href":"http:\/\/caballitotequiero.com.ar\/portal\/wp-json\/wp\/v2\/types\/post"}],"author":[{"embeddable":true,"href":"http:\/\/caballitotequiero.com.ar\/portal\/wp-json\/wp\/v2\/users\/1"}],"replies":[{"embeddable":true,"href":"http:\/\/caballitotequiero.com.ar\/portal\/wp-json\/wp\/v2\/comments?post=47081"}],"version-history":[{"count":1,"href":"http:\/\/caballitotequiero.com.ar\/portal\/wp-json\/wp\/v2\/posts\/47081\/revisions"}],"predecessor-version":[{"id":47084,"href":"http:\/\/caballitotequiero.com.ar\/portal\/wp-json\/wp\/v2\/posts\/47081\/revisions\/47084"}],"wp:featuredmedia":[{"embeddable":true,"href":"http:\/\/caballitotequiero.com.ar\/portal\/wp-json\/wp\/v2\/media\/47082"}],"wp:attachment":[{"href":"http:\/\/caballitotequiero.com.ar\/portal\/wp-json\/wp\/v2\/media?parent=47081"}],"wp:term":[{"taxonomy":"category","embeddable":true,"href":"http:\/\/caballitotequiero.com.ar\/portal\/wp-json\/wp\/v2\/categories?post=47081"},{"taxonomy":"post_tag","embeddable":true,"href":"http:\/\/caballitotequiero.com.ar\/portal\/wp-json\/wp\/v2\/tags?post=47081"}],"curies":[{"name":"wp","href":"https:\/\/api.w.org\/{rel}","templated":true}]}}