{"id":47088,"date":"2025-04-29T12:22:07","date_gmt":"2025-04-29T15:22:07","guid":{"rendered":"http:\/\/caballitotequiero.com.ar\/portal\/?p=47088"},"modified":"2025-04-29T12:22:07","modified_gmt":"2025-04-29T15:22:07","slug":"sorteo-para-viajar-gratis-en-los-antiguos-coches-de-la-linea-a","status":"publish","type":"post","link":"http:\/\/caballitotequiero.com.ar\/portal\/2025\/04\/29\/sorteo-para-viajar-gratis-en-los-antiguos-coches-de-la-linea-a\/","title":{"rendered":"SORTEO PARA VIAJAR GRATIS EN LOS ANTIGUOS COCHES DE LA L\u00cdNEA A"},"content":{"rendered":"<p>En la madrugada del domingo 11 de mayo, se realizar\u00e1 otro recorrido en \u201clas<br \/>\nbrujas\u201d y habr\u00e1 m\u00fasica en vivo, ambientaci\u00f3n de \u00e9poca y diferentes sorpresas<br \/>\npara conmemorar el D\u00eda del Himno. Los vecinos ya pueden anotarse para participar.<\/p>\n<p>En el mes de la Patria, Subterr\u00e1neos de Buenos Aires S.E. organiza un nuevo paseo hist\u00f3rico<br \/>\nen los antiguos coches La Brugeoise, que corrieron durante casi 100 a\u00f1os por<br \/>\nla L\u00ednea A.<br \/>\nPara celebrar el D\u00eda del Himno, en la madrugada del domingo 11 de mayo, se<br \/>\nrealizar\u00e1n tres recorridos entre las estaciones Per\u00fa y Acoyte, de 40 minutos<br \/>\ncada uno, en los cuales una gu\u00eda de turismo contar\u00e1 la historia de \u201clas brujas\u201d,<br \/>\ncomo se conoce popularmente a los coches, y de los comienzos del subte. El<br \/>\nprimer viaje comenzar\u00e1 a las 00 horas del domingo (madrugada del s\u00e1bado),<br \/>\nluego de finalizado el servicio habitual.<br \/>\n&amp;quot;La Ciudad tiene un patrimonio hist\u00f3rico invaluable que pertenece a todos los<br \/>\nporte\u00f1os. Esta propuesta es un viaje a nuestra historia y una invitaci\u00f3n a<br \/>\nrecordar an\u00e9cdotas que seguro todos tenemos en estos vagones\u201d, dijo el Jefe<br \/>\nde Gobierno, Jorge Macri.<br \/>\nPor su parte, Javier Iba\u00f1ez, presidente de SBASE, sostuvo: \u201cCada paseo<br \/>\nhist\u00f3rico es una vuelta al pasado, una invitaci\u00f3n a conocer los inicios de<br \/>\nnuestro subte que ya tiene m\u00e1s de 110 a\u00f1os. Las Brujas son un emblema de la<br \/>\nciudad y nos llena de orgullo que los porte\u00f1os puedan disfrutar del patrimonio<br \/>\ncultural gracias a los minuciosos trabajos de cuidado y restauraci\u00f3n\u201d.<br \/>\nUna experiencia \u00fanica para que disfruten personas de todas las edades, que<br \/>\ninvita a descubrir nuevas historias, an\u00e9cdotas y curiosidades del mundo<br \/>\nsubterr\u00e1neo.<br \/>\nEn esta nueva edici\u00f3n, habr\u00e1 diferentes propuestas culturales, recreativas,<br \/>\nm\u00fasica en vivo, ambientaci\u00f3n de \u00e9poca y diferentes sorpresas a lo largo de la<br \/>\nnoche en la estaci\u00f3n Per\u00fa.<br \/>\nLos interesados podr\u00e1n participar del sorteo completando el formulario o<br \/>\ningresando en la cuenta de Instagram @BAsubte. Tienen tiempo de anotarse<br \/>\nhasta el lunes 5 de mayo a las 14. Los ganadores ser\u00e1n contactados por e-<br \/>\nmail.<br \/>\nLos coches La Brugeoise, declarados Patrimonio Cultural de la Ciudad de<br \/>\nBuenos Aires, circularon por la L\u00ednea A, la primera l\u00ednea de subte en<br \/>\nLatinoam\u00e9rica. Fue inaugurada el 1\u00b0 de diciembre de 1913, con un recorrido<\/p>\n<p>que un\u00eda Plaza de Mayo con la Plaza 11 de Septiembre (actualmente Plaza<br \/>\nMiserere).<br \/>\nDesde 2017, SBASE lleva adelante esta iniciativa a fin de brindar un servicio<br \/>\nhist\u00f3rico y cultural a la ciudad. Cada edici\u00f3n de los paseos hist\u00f3ricos convoca a<br \/>\nmiles de personas que disfrutan los trenes y la historia, con un recorrido que<br \/>\ndespierta recuerdos, an\u00e9cdotas y curiosidad incluso en los m\u00e1s chicos.<\/p>\n<p><a href=\"http:\/\/caballitotequiero.com.ar\/portal\/wp-content\/uploads\/2025\/04\/subte-A.jpg\"><img loading=\"lazy\" decoding=\"async\" class=\"aligncenter size-full wp-image-47089\" src=\"http:\/\/caballitotequiero.com.ar\/portal\/wp-content\/uploads\/2025\/04\/subte-A.jpg\" alt=\"\" width=\"700\" height=\"488\" srcset=\"http:\/\/caballitotequiero.com.ar\/portal\/wp-content\/uploads\/2025\/04\/subte-A.jpg 700w, http:\/\/caballitotequiero.com.ar\/portal\/wp-content\/uploads\/2025\/04\/subte-A-300x209.jpg 300w\" sizes=\"auto, (max-width: 700px) 100vw, 700px\" \/><\/a><\/p>\n","protected":false},"excerpt":{"rendered":"<p>En la madrugada del domingo 11 de mayo, se realizar\u00e1 otro recorrido en \u201clas brujas\u201d y habr\u00e1 m\u00fasica en vivo, ambientaci\u00f3n de \u00e9poca y diferentes sorpresas para conmemorar el D\u00eda del Himno. Los vecinos ya pueden anotarse para participar. En el mes de la Patria, Subterr\u00e1neos de Buenos Aires S.E. organiza un nuevo paseo hist\u00f3rico [&hellip;]<\/p>\n","protected":false},"author":1,"featured_media":47089,"comment_status":"closed","ping_status":"open","sticky":false,"template":"","format":"standard","meta":{"footnotes":""},"categories":[5],"tags":[],"class_list":["post-47088","post","type-post","status-publish","format-standard","has-post-thumbnail","hentry","category-noticias"],"_links":{"self":[{"href":"http:\/\/caballitotequiero.com.ar\/portal\/wp-json\/wp\/v2\/posts\/47088","targetHints":{"allow":["GET"]}}],"collection":[{"href":"http:\/\/caballitotequiero.com.ar\/portal\/wp-json\/wp\/v2\/posts"}],"about":[{"href":"http:\/\/caballitotequiero.com.ar\/portal\/wp-json\/wp\/v2\/types\/post"}],"author":[{"embeddable":true,"href":"http:\/\/caballitotequiero.com.ar\/portal\/wp-json\/wp\/v2\/users\/1"}],"replies":[{"embeddable":true,"href":"http:\/\/caballitotequiero.com.ar\/portal\/wp-json\/wp\/v2\/comments?post=47088"}],"version-history":[{"count":1,"href":"http:\/\/caballitotequiero.com.ar\/portal\/wp-json\/wp\/v2\/posts\/47088\/revisions"}],"predecessor-version":[{"id":47090,"href":"http:\/\/caballitotequiero.com.ar\/portal\/wp-json\/wp\/v2\/posts\/47088\/revisions\/47090"}],"wp:featuredmedia":[{"embeddable":true,"href":"http:\/\/caballitotequiero.com.ar\/portal\/wp-json\/wp\/v2\/media\/47089"}],"wp:attachment":[{"href":"http:\/\/caballitotequiero.com.ar\/portal\/wp-json\/wp\/v2\/media?parent=47088"}],"wp:term":[{"taxonomy":"category","embeddable":true,"href":"http:\/\/caballitotequiero.com.ar\/portal\/wp-json\/wp\/v2\/categories?post=47088"},{"taxonomy":"post_tag","embeddable":true,"href":"http:\/\/caballitotequiero.com.ar\/portal\/wp-json\/wp\/v2\/tags?post=47088"}],"curies":[{"name":"wp","href":"https:\/\/api.w.org\/{rel}","templated":true}]}}