{"id":4709,"date":"2011-12-08T15:21:01","date_gmt":"2011-12-08T18:21:01","guid":{"rendered":"http:\/\/caballitotequiero.com.ar\/portal\/?p=4709"},"modified":"2011-12-08T15:21:01","modified_gmt":"2011-12-08T18:21:01","slug":"cumplio-21-anos-el-museo-de-esculturas-luis-perlotti","status":"publish","type":"post","link":"http:\/\/caballitotequiero.com.ar\/portal\/2011\/12\/08\/cumplio-21-anos-el-museo-de-esculturas-luis-perlotti\/","title":{"rendered":"CUMPLI\u00d3 21 A\u00d1OS EL MUSEO DE ESCULTURAS LUIS PERLOTTI"},"content":{"rendered":"<p>El mi\u00e9rcoles 7 de diciembre a las 19.00, en Pujol 644, sede del Museo de Esculturas Luis Perlotti, se llev\u00f3 a cabo un acto festejando los 21 a\u00f1os de vida de dicha instituci\u00f3n.<\/p>\n<p>A tal efecto se reunieron gran cantidad de artistas pl\u00e1sticos junto al director del Museo Dar\u00edo Klehr y su equipo.<\/p>\n<p>El Director, destac\u00f3 en un breve discurso el continuo esfuerzo de quienes trabajan en el museo. Con una reducida cantidad de personal, logran llevar adelante \u00a0la instituci\u00f3n que, se ha convertido en un orgullo entre los museos de la ciudad, al realizar un sinn\u00famero de actividades.<\/p>\n<p>La dedicaci\u00f3n del personal del Museo Luis Perlotti, supera, en mucho, sus obligaciones laborales; llegando a solventar, de sus bolsillos, muchas necesidades.<\/p>\n<p>El director Klehr, tambi\u00e9n agradeci\u00f3 a los artistas presentes su participaci\u00f3n en la \u00faltima edici\u00f3n de la Noche de los Museos.<\/p>\n<p>En el acto se entregaron diplomas de reconocimiento a cada uno de ellos.<\/p>\n<p>Durante el evento, fue presentado el Libro de Artistas,\u00a0una pieza \u00fanica que integrar\u00e1 la biblioteca del Museo. El libro contiene obras originales donadas por artistas de distintas disciplinas y tem\u00e1ticas. Este material \u00a0permanecer\u00e1 abierto a la incorporaci\u00f3n de nuevos artistas, ya que ser\u00e1 una pieza de exposici\u00f3n permanente, a la vez que itinerante.<\/p>\n<p>Forman parte de esta primera edici\u00f3n:<br \/>\nBerg\u00e9 M\u00f3nica Patricia &#8211;\u00a0Brovia Walter &#8211;\u00a0Calandria Eduardo &#8211;\u00a0Calvo Silvia &#8211;\u00a0Chorne Diana &#8211;\u00a0Cortegoso Ana &#8211;\u00a0Cristiano Andrea Leonor &#8211;\u00a0Da Silva Susana &#8211;\u00a0Debicki Viviana &#8211;\u00a0Donato Luisa Norma &#8211; Fernandez Farjat Claudia &#8211;\u00a0Fiadone Alejandro Eduardo &#8211;\u00a0Fioravanti Cesar Ariel &#8211;\u00a0Forte Nora &#8211;\u00a0Galluzzi Natalio &#8211;\u00a0Gavito Walter &#8211;\u00a0Gerlero Claudia &#8211;\u00a0Gimenez, Stella Maris &#8211;\u00a0Giro Serramona Dolores &#8211;\u00a0Golovko Ricardo &#8211;\u00a0Goya Julio Eduardo &#8211;\u00a0Herrera Maria del Rosaio &#8211;\u00a0Klehr Dario &#8211; Lazaro Mariel &#8211;\u00a0Le Voci Graciela &#8211;\u00a0L\u00f3pez Hidalgo Jorge &#8211;\u00a0L\u00f3pez Mar\u00eda Rosa &#8211;\u00a0Mardikian Leticia &#8211;\u00a0Marrollo Paula Susana &#8211;\u00a0Martinez Angely &#8211;\u00a0Massa Flavia Paola &#8211;\u00a0Massimilla Jose Norberto &#8211;\u00a0Mazzotta Adriana Vanesa &#8211;\u00a0Melitona Corral Graciela &#8211;\u00a0Montalvetti Samuel &#8211;\u00a0Morea Alberto &#8211;\u00a0Ocanto Valeria Serena &#8211;\u00a0Pedrosa Sol &#8211;\u00a0Pein\u00f3 Jos\u00e9 &#8211;\u00a0Pereyra Daniel &#8211;\u00a0P\u00e9rez Mar\u00eda Jos\u00e9 &#8211;\u00a0Perr\u00e9 Marta &#8211; Pirolo Gabriela &#8211;\u00a0Remeseiro Mabel &#8211;\u00a0Rimoli M\u00f3nica Celia &#8211;\u00a0Rommel Mar\u00eda Cristina &#8211;\u00a0Ruwette Cecilia &#8211;\u00a0 Sierra Eulogia &#8211;\u00a0Tesone Carolina R. &#8211;\u00a0Topazio Monica Graciela &#8211; Torrini Valeria Ivanna &#8211; Tortora Brian &#8211;\u00a0Varaona Patricia &#8211;\u00a0Vigorito Lucrecia y\u00a0Zungri Mabel.<\/p>\n<p>En estos 21 a\u00f1os, desde aquellos primeros d\u00edas en que el director C\u00e9sar Fioravanti fuera transformando la casa particular de Luis Perlotti, en un museo de esculturas; el barrio de Caballito y el Museo Perlotti siempre transitaron juntos una historia de arte y cultura.<\/p>\n<p>Hoy, bajo la pujante direcci\u00f3n de Dar\u00edo Klehr y el intenso y desinteresado trabajo de su equipo, el Museo se transform\u00f3 en un orgullo para el barrio.<\/p>\n<div id=\"attachment_4710\" style=\"width: 534px\" class=\"wp-caption alignleft\"><img loading=\"lazy\" decoding=\"async\" aria-describedby=\"caption-attachment-4710\" class=\"size-full wp-image-4710\" src=\"http:\/\/caballitotequiero.com.ar\/portal\/wp-content\/uploads\/2011\/12\/museo-perlotti-antes.jpg\" alt=\"\" width=\"524\" height=\"393\" srcset=\"http:\/\/caballitotequiero.com.ar\/portal\/wp-content\/uploads\/2011\/12\/museo-perlotti-antes.jpg 524w, http:\/\/caballitotequiero.com.ar\/portal\/wp-content\/uploads\/2011\/12\/museo-perlotti-antes-300x224.jpg 300w, http:\/\/caballitotequiero.com.ar\/portal\/wp-content\/uploads\/2011\/12\/museo-perlotti-antes-80x60.jpg 80w\" sizes=\"auto, (max-width: 524px) 100vw, 524px\" \/><p id=\"caption-attachment-4710\" class=\"wp-caption-text\">Antigua fachada del museo, que fuera la casa del escultor Luis Perlotti<\/p><\/div>\n<div id=\"attachment_4711\" style=\"width: 534px\" class=\"wp-caption alignleft\"><img loading=\"lazy\" decoding=\"async\" aria-describedby=\"caption-attachment-4711\" class=\"size-full wp-image-4711\" src=\"http:\/\/caballitotequiero.com.ar\/portal\/wp-content\/uploads\/2011\/12\/museo-perloti-0.jpg\" alt=\"\" width=\"524\" height=\"393\" srcset=\"http:\/\/caballitotequiero.com.ar\/portal\/wp-content\/uploads\/2011\/12\/museo-perloti-0.jpg 524w, http:\/\/caballitotequiero.com.ar\/portal\/wp-content\/uploads\/2011\/12\/museo-perloti-0-300x224.jpg 300w, http:\/\/caballitotequiero.com.ar\/portal\/wp-content\/uploads\/2011\/12\/museo-perloti-0-80x60.jpg 80w\" sizes=\"auto, (max-width: 524px) 100vw, 524px\" \/><p id=\"caption-attachment-4711\" class=\"wp-caption-text\">El Museo hoy<\/p><\/div>\n<p><img loading=\"lazy\" decoding=\"async\" class=\"alignleft size-full wp-image-4712\" src=\"http:\/\/caballitotequiero.com.ar\/portal\/wp-content\/uploads\/2011\/12\/museo-perlotti-01.jpg\" alt=\"\" width=\"524\" height=\"393\" srcset=\"http:\/\/caballitotequiero.com.ar\/portal\/wp-content\/uploads\/2011\/12\/museo-perlotti-01.jpg 524w, http:\/\/caballitotequiero.com.ar\/portal\/wp-content\/uploads\/2011\/12\/museo-perlotti-01-300x224.jpg 300w, http:\/\/caballitotequiero.com.ar\/portal\/wp-content\/uploads\/2011\/12\/museo-perlotti-01-80x60.jpg 80w\" sizes=\"auto, (max-width: 524px) 100vw, 524px\" \/><img loading=\"lazy\" decoding=\"async\" class=\"alignleft size-full wp-image-4713\" src=\"http:\/\/caballitotequiero.com.ar\/portal\/wp-content\/uploads\/2011\/12\/museo-perlotti-1.jpg\" alt=\"\" width=\"524\" height=\"343\" srcset=\"http:\/\/caballitotequiero.com.ar\/portal\/wp-content\/uploads\/2011\/12\/museo-perlotti-1.jpg 524w, http:\/\/caballitotequiero.com.ar\/portal\/wp-content\/uploads\/2011\/12\/museo-perlotti-1-300x196.jpg 300w\" sizes=\"auto, (max-width: 524px) 100vw, 524px\" \/><\/p>\n<div id=\"attachment_4715\" style=\"width: 534px\" class=\"wp-caption alignleft\"><img loading=\"lazy\" decoding=\"async\" aria-describedby=\"caption-attachment-4715\" class=\"size-full wp-image-4715\" src=\"http:\/\/caballitotequiero.com.ar\/portal\/wp-content\/uploads\/2011\/12\/museo-perlotti-dario-gimena-charly.jpg\" alt=\"\" width=\"524\" height=\"393\" srcset=\"http:\/\/caballitotequiero.com.ar\/portal\/wp-content\/uploads\/2011\/12\/museo-perlotti-dario-gimena-charly.jpg 524w, http:\/\/caballitotequiero.com.ar\/portal\/wp-content\/uploads\/2011\/12\/museo-perlotti-dario-gimena-charly-300x224.jpg 300w, http:\/\/caballitotequiero.com.ar\/portal\/wp-content\/uploads\/2011\/12\/museo-perlotti-dario-gimena-charly-80x60.jpg 80w\" sizes=\"auto, (max-width: 524px) 100vw, 524px\" \/><p id=\"caption-attachment-4715\" class=\"wp-caption-text\">Dar\u00edo Klehr, director del Museo, acompa\u00f1ado por sus colaboradores, Gimena y Charly<\/p><\/div>\n<div id=\"attachment_4716\" style=\"width: 534px\" class=\"wp-caption alignleft\"><img loading=\"lazy\" decoding=\"async\" aria-describedby=\"caption-attachment-4716\" class=\"size-full wp-image-4716\" src=\"http:\/\/caballitotequiero.com.ar\/portal\/wp-content\/uploads\/2011\/12\/museo-perlotti-collage.jpg\" alt=\"\" width=\"524\" height=\"1039\" srcset=\"http:\/\/caballitotequiero.com.ar\/portal\/wp-content\/uploads\/2011\/12\/museo-perlotti-collage.jpg 524w, http:\/\/caballitotequiero.com.ar\/portal\/wp-content\/uploads\/2011\/12\/museo-perlotti-collage-151x300.jpg 151w, http:\/\/caballitotequiero.com.ar\/portal\/wp-content\/uploads\/2011\/12\/museo-perlotti-collage-516x1024.jpg 516w\" sizes=\"auto, (max-width: 524px) 100vw, 524px\" \/><p id=\"caption-attachment-4716\" class=\"wp-caption-text\">Fueron reconocidos los diferentes artistas que participaron en La Noche de los Museos<\/p><\/div>\n<div id=\"attachment_4717\" style=\"width: 534px\" class=\"wp-caption alignleft\"><img loading=\"lazy\" decoding=\"async\" aria-describedby=\"caption-attachment-4717\" class=\"size-full wp-image-4717\" src=\"http:\/\/caballitotequiero.com.ar\/portal\/wp-content\/uploads\/2011\/12\/museo-perlotti-3.jpg\" alt=\"\" width=\"524\" height=\"393\" srcset=\"http:\/\/caballitotequiero.com.ar\/portal\/wp-content\/uploads\/2011\/12\/museo-perlotti-3.jpg 524w, http:\/\/caballitotequiero.com.ar\/portal\/wp-content\/uploads\/2011\/12\/museo-perlotti-3-300x224.jpg 300w, http:\/\/caballitotequiero.com.ar\/portal\/wp-content\/uploads\/2011\/12\/museo-perlotti-3-80x60.jpg 80w\" sizes=\"auto, (max-width: 524px) 100vw, 524px\" \/><p id=\"caption-attachment-4717\" class=\"wp-caption-text\">El &quot;Libro de Artistas&quot; que fue presentado por el Museo en el entorno del  &quot;Buenos Aires, Capital Mundial del Libro&quot;.<\/p><\/div>\n<p><img loading=\"lazy\" decoding=\"async\" class=\"alignleft size-full wp-image-4718\" src=\"http:\/\/caballitotequiero.com.ar\/portal\/wp-content\/uploads\/2011\/12\/museo-perlotti-4.jpg\" alt=\"\" width=\"524\" height=\"393\" srcset=\"http:\/\/caballitotequiero.com.ar\/portal\/wp-content\/uploads\/2011\/12\/museo-perlotti-4.jpg 524w, http:\/\/caballitotequiero.com.ar\/portal\/wp-content\/uploads\/2011\/12\/museo-perlotti-4-300x224.jpg 300w, http:\/\/caballitotequiero.com.ar\/portal\/wp-content\/uploads\/2011\/12\/museo-perlotti-4-80x60.jpg 80w\" sizes=\"auto, (max-width: 524px) 100vw, 524px\" \/><br id=\"__mce\" \/><\/p>\n","protected":false},"excerpt":{"rendered":"<p>El mi\u00e9rcoles 7 de diciembre a las 19.00, en Pujol 644, sede del Museo de Esculturas Luis Perlotti, se llev\u00f3 a cabo un acto festejando los 21 a\u00f1os de vida de dicha instituci\u00f3n. A tal efecto se reunieron gran cantidad de artistas pl\u00e1sticos junto al director del Museo Dar\u00edo Klehr y su equipo. El Director, [&hellip;]<\/p>\n","protected":false},"author":1,"featured_media":4719,"comment_status":"open","ping_status":"open","sticky":false,"template":"","format":"standard","meta":{"footnotes":""},"categories":[5],"tags":[],"class_list":["post-4709","post","type-post","status-publish","format-standard","has-post-thumbnail","hentry","category-noticias"],"_links":{"self":[{"href":"http:\/\/caballitotequiero.com.ar\/portal\/wp-json\/wp\/v2\/posts\/4709","targetHints":{"allow":["GET"]}}],"collection":[{"href":"http:\/\/caballitotequiero.com.ar\/portal\/wp-json\/wp\/v2\/posts"}],"about":[{"href":"http:\/\/caballitotequiero.com.ar\/portal\/wp-json\/wp\/v2\/types\/post"}],"author":[{"embeddable":true,"href":"http:\/\/caballitotequiero.com.ar\/portal\/wp-json\/wp\/v2\/users\/1"}],"replies":[{"embeddable":true,"href":"http:\/\/caballitotequiero.com.ar\/portal\/wp-json\/wp\/v2\/comments?post=4709"}],"version-history":[{"count":2,"href":"http:\/\/caballitotequiero.com.ar\/portal\/wp-json\/wp\/v2\/posts\/4709\/revisions"}],"predecessor-version":[{"id":4721,"href":"http:\/\/caballitotequiero.com.ar\/portal\/wp-json\/wp\/v2\/posts\/4709\/revisions\/4721"}],"wp:featuredmedia":[{"embeddable":true,"href":"http:\/\/caballitotequiero.com.ar\/portal\/wp-json\/wp\/v2\/media\/4719"}],"wp:attachment":[{"href":"http:\/\/caballitotequiero.com.ar\/portal\/wp-json\/wp\/v2\/media?parent=4709"}],"wp:term":[{"taxonomy":"category","embeddable":true,"href":"http:\/\/caballitotequiero.com.ar\/portal\/wp-json\/wp\/v2\/categories?post=4709"},{"taxonomy":"post_tag","embeddable":true,"href":"http:\/\/caballitotequiero.com.ar\/portal\/wp-json\/wp\/v2\/tags?post=4709"}],"curies":[{"name":"wp","href":"https:\/\/api.w.org\/{rel}","templated":true}]}}