{"id":47107,"date":"2025-05-13T14:31:33","date_gmt":"2025-05-13T17:31:33","guid":{"rendered":"http:\/\/caballitotequiero.com.ar\/portal\/?p=47107"},"modified":"2025-05-14T14:39:46","modified_gmt":"2025-05-14T17:39:46","slug":"presentacion-del-libro-parque-rivadavia-ayer-y-hoy-de-marina-bussio","status":"publish","type":"post","link":"http:\/\/caballitotequiero.com.ar\/portal\/2025\/05\/13\/presentacion-del-libro-parque-rivadavia-ayer-y-hoy-de-marina-bussio\/","title":{"rendered":"PRESENTACI\u00d3N DEL LIBRO \u00abPARQUE RIVADAVIA, AYER Y HOY\u00bb DE MARINA BUSSIO"},"content":{"rendered":"<p>El pasado lunes 12 de mayo, el stand de la Ciudad de Buenos Aires de la Feria del Libro se convirti\u00f3 en el escenario de un encuentro especial, en el que vecinos del barrio, familiares y amigos se reunieron para celebrar la llegada de un nuevo libro lleno de historia, emoci\u00f3n y recuerdos.<br \/>\nAll\u00ed, Marina Bussio, present\u00f3 su nuevo trabajo \u201cParque Rivadavia, ayer y hoy\u201d.<br \/>\nEl evento comenz\u00f3 a las 19, cuando Felipe Toto Evangelista, vecino representativo del barrio de Caballito, convoc\u00f3 a Hern\u00e1n Lombardi, ministro de Desarrollo Econ\u00f3mico de la Ciudad, quien present\u00f3 a la autora.<br \/>\nEl p\u00fablico colm\u00f3 la capacidad del lugar con entusiasmo, ansiosos por descubrir lo que la autora hab\u00eda preparado para esta oportunidad.<br \/>\nLa presentaci\u00f3n comenz\u00f3 con una emotiva introducci\u00f3n donde Marina Bussio comparti\u00f3 las motivaciones detr\u00e1s de su obra y las historias que inspiraron cada p\u00e1gina. Sus palabras lograron transmitir la pasi\u00f3n con la que hab\u00eda escrito este libro, dejando a todos impregnados de esa misma emoci\u00f3n.<br \/>\nLa proyecci\u00f3n de im\u00e1genes, una colecci\u00f3n visual, acompa\u00f1\u00f3 la narraci\u00f3n, transportando a los asistentes a distintos momentos de la historia, de Parque Rivadavia y sus habitantes. Las fotograf\u00edas antiguas, ilustraron diferentes momentos significativos que fueron mostradas en una pantalla gigante, llenando el espacio de historia y nostalgia. La combinaci\u00f3n de palabras y im\u00e1genes gener\u00f3 una sensaci\u00f3n de cercan\u00eda y pertenencia en todos los presentes.<br \/>\nLa atenci\u00f3n del p\u00fablico y los aplausos fueron el marco de un momento, donde los vecinos unidos en torno a la historia local, expresaron su aprecio por este valioso trabajo que refleja la esencia de su barrio.<br \/>\nAl cierre. la autora firm\u00f3 ejemplares y dialog\u00f3 con cada uno de los asistentes. La presentaci\u00f3n de este libro tuvo el poder de unir y fortalecer el amor y orgullo orgullo por este espacio verde.<br \/>\nMarina Bussio cerr\u00f3 diciendo: \u201cEste evento va a quedar en mi memoria y en la de todos de todos como una noche llena de emoci\u00f3n, historias y la magia que solo la uni\u00f3n en torno al amor por nuestro barrio puede crear. Sin duda, un cap\u00edtulo m\u00e1s en la historia de nuestro querido Parque Rivadavia, que todos llevaremos en el coraz\u00f3n.\u201d<\/p>\n<div id=\"attachment_47109\" style=\"width: 410px\" class=\"wp-caption aligncenter\"><a href=\"http:\/\/caballitotequiero.com.ar\/portal\/wp-content\/uploads\/2025\/05\/presentacion-libro-001.jpg\"><img loading=\"lazy\" decoding=\"async\" aria-describedby=\"caption-attachment-47109\" class=\"wp-image-47109 size-full\" src=\"http:\/\/caballitotequiero.com.ar\/portal\/wp-content\/uploads\/2025\/05\/presentacion-libro-001.jpg\" alt=\"\" width=\"400\" height=\"533\" srcset=\"http:\/\/caballitotequiero.com.ar\/portal\/wp-content\/uploads\/2025\/05\/presentacion-libro-001.jpg 400w, http:\/\/caballitotequiero.com.ar\/portal\/wp-content\/uploads\/2025\/05\/presentacion-libro-001-225x300.jpg 225w\" sizes=\"auto, (max-width: 400px) 100vw, 400px\" \/><\/a><p id=\"caption-attachment-47109\" class=\"wp-caption-text\">Marina Bussio con el ministro Hern\u00e1n Lombardi<\/p><\/div>\n<p><a href=\"http:\/\/caballitotequiero.com.ar\/portal\/wp-content\/uploads\/2025\/05\/presentacion-libro-0.jpg\"><img loading=\"lazy\" decoding=\"async\" class=\"aligncenter size-full wp-image-47108\" src=\"http:\/\/caballitotequiero.com.ar\/portal\/wp-content\/uploads\/2025\/05\/presentacion-libro-0.jpg\" alt=\"\" width=\"400\" height=\"533\" srcset=\"http:\/\/caballitotequiero.com.ar\/portal\/wp-content\/uploads\/2025\/05\/presentacion-libro-0.jpg 400w, http:\/\/caballitotequiero.com.ar\/portal\/wp-content\/uploads\/2025\/05\/presentacion-libro-0-225x300.jpg 225w\" sizes=\"auto, (max-width: 400px) 100vw, 400px\" \/><\/a> <a href=\"http:\/\/caballitotequiero.com.ar\/portal\/wp-content\/uploads\/2025\/05\/presentacion-libro-01.jpg\"><img loading=\"lazy\" decoding=\"async\" class=\"aligncenter size-full wp-image-47110\" src=\"http:\/\/caballitotequiero.com.ar\/portal\/wp-content\/uploads\/2025\/05\/presentacion-libro-01.jpg\" alt=\"\" width=\"400\" height=\"527\" srcset=\"http:\/\/caballitotequiero.com.ar\/portal\/wp-content\/uploads\/2025\/05\/presentacion-libro-01.jpg 400w, http:\/\/caballitotequiero.com.ar\/portal\/wp-content\/uploads\/2025\/05\/presentacion-libro-01-228x300.jpg 228w\" sizes=\"auto, (max-width: 400px) 100vw, 400px\" \/><\/a> <a href=\"http:\/\/caballitotequiero.com.ar\/portal\/wp-content\/uploads\/2025\/05\/presentacion-libro-1.jpg\"><img loading=\"lazy\" decoding=\"async\" class=\"aligncenter size-full wp-image-47111\" src=\"http:\/\/caballitotequiero.com.ar\/portal\/wp-content\/uploads\/2025\/05\/presentacion-libro-1.jpg\" alt=\"\" width=\"700\" height=\"454\" srcset=\"http:\/\/caballitotequiero.com.ar\/portal\/wp-content\/uploads\/2025\/05\/presentacion-libro-1.jpg 700w, http:\/\/caballitotequiero.com.ar\/portal\/wp-content\/uploads\/2025\/05\/presentacion-libro-1-300x195.jpg 300w\" sizes=\"auto, (max-width: 700px) 100vw, 700px\" \/><\/a><\/p>\n<div id=\"attachment_47112\" style=\"width: 710px\" class=\"wp-caption aligncenter\"><a href=\"http:\/\/caballitotequiero.com.ar\/portal\/wp-content\/uploads\/2025\/05\/presentacion-libro-002.jpg\"><img loading=\"lazy\" decoding=\"async\" aria-describedby=\"caption-attachment-47112\" class=\"size-full wp-image-47112\" src=\"http:\/\/caballitotequiero.com.ar\/portal\/wp-content\/uploads\/2025\/05\/presentacion-libro-002.jpg\" alt=\"\" width=\"700\" height=\"540\" srcset=\"http:\/\/caballitotequiero.com.ar\/portal\/wp-content\/uploads\/2025\/05\/presentacion-libro-002.jpg 700w, http:\/\/caballitotequiero.com.ar\/portal\/wp-content\/uploads\/2025\/05\/presentacion-libro-002-300x231.jpg 300w\" sizes=\"auto, (max-width: 700px) 100vw, 700px\" \/><\/a><p id=\"caption-attachment-47112\" class=\"wp-caption-text\">Con Felipe Toto Evangelista<\/p><\/div>\n<p><a href=\"http:\/\/caballitotequiero.com.ar\/portal\/wp-content\/uploads\/2025\/05\/presentacion-libro-3.jpg\"><img loading=\"lazy\" decoding=\"async\" class=\"aligncenter size-full wp-image-47113\" src=\"http:\/\/caballitotequiero.com.ar\/portal\/wp-content\/uploads\/2025\/05\/presentacion-libro-3.jpg\" alt=\"\" width=\"700\" height=\"547\" srcset=\"http:\/\/caballitotequiero.com.ar\/portal\/wp-content\/uploads\/2025\/05\/presentacion-libro-3.jpg 700w, http:\/\/caballitotequiero.com.ar\/portal\/wp-content\/uploads\/2025\/05\/presentacion-libro-3-300x234.jpg 300w\" sizes=\"auto, (max-width: 700px) 100vw, 700px\" \/><\/a><\/p>\n","protected":false},"excerpt":{"rendered":"<p>El pasado lunes 12 de mayo, el stand de la Ciudad de Buenos Aires de la Feria del Libro se convirti\u00f3 en el escenario de un encuentro especial, en el que vecinos del barrio, familiares y amigos se reunieron para celebrar la llegada de un nuevo libro lleno de historia, emoci\u00f3n y recuerdos. All\u00ed, Marina [&hellip;]<\/p>\n","protected":false},"author":1,"featured_media":47109,"comment_status":"closed","ping_status":"open","sticky":false,"template":"","format":"standard","meta":{"footnotes":""},"categories":[5],"tags":[],"class_list":["post-47107","post","type-post","status-publish","format-standard","has-post-thumbnail","hentry","category-noticias"],"_links":{"self":[{"href":"http:\/\/caballitotequiero.com.ar\/portal\/wp-json\/wp\/v2\/posts\/47107","targetHints":{"allow":["GET"]}}],"collection":[{"href":"http:\/\/caballitotequiero.com.ar\/portal\/wp-json\/wp\/v2\/posts"}],"about":[{"href":"http:\/\/caballitotequiero.com.ar\/portal\/wp-json\/wp\/v2\/types\/post"}],"author":[{"embeddable":true,"href":"http:\/\/caballitotequiero.com.ar\/portal\/wp-json\/wp\/v2\/users\/1"}],"replies":[{"embeddable":true,"href":"http:\/\/caballitotequiero.com.ar\/portal\/wp-json\/wp\/v2\/comments?post=47107"}],"version-history":[{"count":1,"href":"http:\/\/caballitotequiero.com.ar\/portal\/wp-json\/wp\/v2\/posts\/47107\/revisions"}],"predecessor-version":[{"id":47114,"href":"http:\/\/caballitotequiero.com.ar\/portal\/wp-json\/wp\/v2\/posts\/47107\/revisions\/47114"}],"wp:featuredmedia":[{"embeddable":true,"href":"http:\/\/caballitotequiero.com.ar\/portal\/wp-json\/wp\/v2\/media\/47109"}],"wp:attachment":[{"href":"http:\/\/caballitotequiero.com.ar\/portal\/wp-json\/wp\/v2\/media?parent=47107"}],"wp:term":[{"taxonomy":"category","embeddable":true,"href":"http:\/\/caballitotequiero.com.ar\/portal\/wp-json\/wp\/v2\/categories?post=47107"},{"taxonomy":"post_tag","embeddable":true,"href":"http:\/\/caballitotequiero.com.ar\/portal\/wp-json\/wp\/v2\/tags?post=47107"}],"curies":[{"name":"wp","href":"https:\/\/api.w.org\/{rel}","templated":true}]}}