{"id":47119,"date":"2025-05-15T10:35:17","date_gmt":"2025-05-15T13:35:17","guid":{"rendered":"http:\/\/caballitotequiero.com.ar\/portal\/?p=47119"},"modified":"2025-05-21T10:40:51","modified_gmt":"2025-05-21T13:40:51","slug":"25-de-mayo-en-la-plaza-primera-junta-3","status":"publish","type":"post","link":"http:\/\/caballitotequiero.com.ar\/portal\/2025\/05\/15\/25-de-mayo-en-la-plaza-primera-junta-3\/","title":{"rendered":"25 de MAYO EN LA PLAZA PRIMERA JUNTA"},"content":{"rendered":"<p>El domingo 25 de Mayo, vecinos de Caballito, como en todas las fiestas patrias, se reunir\u00e1n a las 10 de la ma\u00f1ana junto al m\u00e1stil de la Plaza Primera Junta para izar la bandera y cantar el Himno Nacional.<\/p>\n<p>Se invita todos los vecinos, especialmente a los de la Plaza Primera junta, para compartir este nuevo aniversario de nuestro Primer Gobierno Patrio.<\/p>\n<p><a href=\"http:\/\/caballitotequiero.com.ar\/portal\/wp-content\/uploads\/2025\/05\/25-de-mayo-web.jpg\"><img loading=\"lazy\" decoding=\"async\" class=\"aligncenter size-full wp-image-47120\" src=\"http:\/\/caballitotequiero.com.ar\/portal\/wp-content\/uploads\/2025\/05\/25-de-mayo-web.jpg\" alt=\"\" width=\"700\" height=\"700\" srcset=\"http:\/\/caballitotequiero.com.ar\/portal\/wp-content\/uploads\/2025\/05\/25-de-mayo-web.jpg 700w, http:\/\/caballitotequiero.com.ar\/portal\/wp-content\/uploads\/2025\/05\/25-de-mayo-web-300x300.jpg 300w, http:\/\/caballitotequiero.com.ar\/portal\/wp-content\/uploads\/2025\/05\/25-de-mayo-web-80x80.jpg 80w, http:\/\/caballitotequiero.com.ar\/portal\/wp-content\/uploads\/2025\/05\/25-de-mayo-web-36x36.jpg 36w, http:\/\/caballitotequiero.com.ar\/portal\/wp-content\/uploads\/2025\/05\/25-de-mayo-web-180x180.jpg 180w\" sizes=\"auto, (max-width: 700px) 100vw, 700px\" \/><\/a><\/p>\n","protected":false},"excerpt":{"rendered":"<p>El domingo 25 de Mayo, vecinos de Caballito, como en todas las fiestas patrias, se reunir\u00e1n a las 10 de la ma\u00f1ana junto al m\u00e1stil de la Plaza Primera Junta para izar la bandera y cantar el Himno Nacional. Se invita todos los vecinos, especialmente a los de la Plaza Primera junta, para compartir este [&hellip;]<\/p>\n","protected":false},"author":1,"featured_media":47120,"comment_status":"closed","ping_status":"open","sticky":false,"template":"","format":"standard","meta":{"footnotes":""},"categories":[5],"tags":[],"class_list":["post-47119","post","type-post","status-publish","format-standard","has-post-thumbnail","hentry","category-noticias"],"_links":{"self":[{"href":"http:\/\/caballitotequiero.com.ar\/portal\/wp-json\/wp\/v2\/posts\/47119","targetHints":{"allow":["GET"]}}],"collection":[{"href":"http:\/\/caballitotequiero.com.ar\/portal\/wp-json\/wp\/v2\/posts"}],"about":[{"href":"http:\/\/caballitotequiero.com.ar\/portal\/wp-json\/wp\/v2\/types\/post"}],"author":[{"embeddable":true,"href":"http:\/\/caballitotequiero.com.ar\/portal\/wp-json\/wp\/v2\/users\/1"}],"replies":[{"embeddable":true,"href":"http:\/\/caballitotequiero.com.ar\/portal\/wp-json\/wp\/v2\/comments?post=47119"}],"version-history":[{"count":1,"href":"http:\/\/caballitotequiero.com.ar\/portal\/wp-json\/wp\/v2\/posts\/47119\/revisions"}],"predecessor-version":[{"id":47121,"href":"http:\/\/caballitotequiero.com.ar\/portal\/wp-json\/wp\/v2\/posts\/47119\/revisions\/47121"}],"wp:featuredmedia":[{"embeddable":true,"href":"http:\/\/caballitotequiero.com.ar\/portal\/wp-json\/wp\/v2\/media\/47120"}],"wp:attachment":[{"href":"http:\/\/caballitotequiero.com.ar\/portal\/wp-json\/wp\/v2\/media?parent=47119"}],"wp:term":[{"taxonomy":"category","embeddable":true,"href":"http:\/\/caballitotequiero.com.ar\/portal\/wp-json\/wp\/v2\/categories?post=47119"},{"taxonomy":"post_tag","embeddable":true,"href":"http:\/\/caballitotequiero.com.ar\/portal\/wp-json\/wp\/v2\/tags?post=47119"}],"curies":[{"name":"wp","href":"https:\/\/api.w.org\/{rel}","templated":true}]}}