{"id":47128,"date":"2025-05-23T20:06:18","date_gmt":"2025-05-23T23:06:18","guid":{"rendered":"http:\/\/caballitotequiero.com.ar\/portal\/?p=47128"},"modified":"2025-05-26T20:10:03","modified_gmt":"2025-05-26T23:10:03","slug":"charla-sobre-mitos-y-leyendas-de-caballito","status":"publish","type":"post","link":"http:\/\/caballitotequiero.com.ar\/portal\/2025\/05\/23\/charla-sobre-mitos-y-leyendas-de-caballito\/","title":{"rendered":"CHARLA SOBRE MITOS Y LEYENDAS DE CABALLITO"},"content":{"rendered":"<p>El viernes 23 de mayo, en el marco del Ciclo de Charlas de la Junta de Estudios Hist\u00f3ricos del Caballito, Marina Bussio, presidente de la Junta dio una disertaci\u00f3n referida a \u201cMitos, Leyendas y Curiosidades de Caballito\u201d.<br \/>\nEl evento tuvo lugar en el sal\u00f3n principal de la Asociaci\u00f3n de Fomento y Biblioteca Popular Gral. Alvear con una importante asistencia.<br \/>\nA lo largo de la charla, ilustrada con im\u00e1genes, se abordaron historias como la de la planchadora sin cabeza, la muerte de don Nicol\u00e1s Vila, el primer crimen del Petiso Orejudo, curiosidades como el surgimiento del Delivery en Caballito, o el transporte escolar, la calle que cambia tres veces de nombre a lo largo de tres cuadras, el pasaje m\u00e1s angosto de la ciudad, y muchos temas m\u00e1s.<br \/>\nLa charla despert\u00f3 mucho inter\u00e9s en el p\u00fablico que sigui\u00f3 cada tema con entusiasmo.<br \/>\nAl finalizar la exposici\u00f3n, la poeta Nora D\u00edaz ley\u00f3 un poema de su autor\u00eda referido a los mitos y leyendas de Caballito.<\/p>\n<p><a href=\"http:\/\/caballitotequiero.com.ar\/portal\/wp-content\/uploads\/2025\/05\/charla.jpg\"><img loading=\"lazy\" decoding=\"async\" class=\"aligncenter size-full wp-image-47129\" src=\"http:\/\/caballitotequiero.com.ar\/portal\/wp-content\/uploads\/2025\/05\/charla.jpg\" alt=\"\" width=\"700\" height=\"700\" srcset=\"http:\/\/caballitotequiero.com.ar\/portal\/wp-content\/uploads\/2025\/05\/charla.jpg 700w, http:\/\/caballitotequiero.com.ar\/portal\/wp-content\/uploads\/2025\/05\/charla-300x300.jpg 300w, http:\/\/caballitotequiero.com.ar\/portal\/wp-content\/uploads\/2025\/05\/charla-80x80.jpg 80w, http:\/\/caballitotequiero.com.ar\/portal\/wp-content\/uploads\/2025\/05\/charla-36x36.jpg 36w, http:\/\/caballitotequiero.com.ar\/portal\/wp-content\/uploads\/2025\/05\/charla-180x180.jpg 180w\" sizes=\"auto, (max-width: 700px) 100vw, 700px\" \/><\/a><\/p>\n","protected":false},"excerpt":{"rendered":"<p>El viernes 23 de mayo, en el marco del Ciclo de Charlas de la Junta de Estudios Hist\u00f3ricos del Caballito, Marina Bussio, presidente de la Junta dio una disertaci\u00f3n referida a \u201cMitos, Leyendas y Curiosidades de Caballito\u201d. El evento tuvo lugar en el sal\u00f3n principal de la Asociaci\u00f3n de Fomento y Biblioteca Popular Gral. Alvear [&hellip;]<\/p>\n","protected":false},"author":1,"featured_media":47129,"comment_status":"closed","ping_status":"open","sticky":false,"template":"","format":"standard","meta":{"footnotes":""},"categories":[5],"tags":[],"class_list":["post-47128","post","type-post","status-publish","format-standard","has-post-thumbnail","hentry","category-noticias"],"_links":{"self":[{"href":"http:\/\/caballitotequiero.com.ar\/portal\/wp-json\/wp\/v2\/posts\/47128","targetHints":{"allow":["GET"]}}],"collection":[{"href":"http:\/\/caballitotequiero.com.ar\/portal\/wp-json\/wp\/v2\/posts"}],"about":[{"href":"http:\/\/caballitotequiero.com.ar\/portal\/wp-json\/wp\/v2\/types\/post"}],"author":[{"embeddable":true,"href":"http:\/\/caballitotequiero.com.ar\/portal\/wp-json\/wp\/v2\/users\/1"}],"replies":[{"embeddable":true,"href":"http:\/\/caballitotequiero.com.ar\/portal\/wp-json\/wp\/v2\/comments?post=47128"}],"version-history":[{"count":1,"href":"http:\/\/caballitotequiero.com.ar\/portal\/wp-json\/wp\/v2\/posts\/47128\/revisions"}],"predecessor-version":[{"id":47130,"href":"http:\/\/caballitotequiero.com.ar\/portal\/wp-json\/wp\/v2\/posts\/47128\/revisions\/47130"}],"wp:featuredmedia":[{"embeddable":true,"href":"http:\/\/caballitotequiero.com.ar\/portal\/wp-json\/wp\/v2\/media\/47129"}],"wp:attachment":[{"href":"http:\/\/caballitotequiero.com.ar\/portal\/wp-json\/wp\/v2\/media?parent=47128"}],"wp:term":[{"taxonomy":"category","embeddable":true,"href":"http:\/\/caballitotequiero.com.ar\/portal\/wp-json\/wp\/v2\/categories?post=47128"},{"taxonomy":"post_tag","embeddable":true,"href":"http:\/\/caballitotequiero.com.ar\/portal\/wp-json\/wp\/v2\/tags?post=47128"}],"curies":[{"name":"wp","href":"https:\/\/api.w.org\/{rel}","templated":true}]}}