{"id":47143,"date":"2025-06-02T20:14:03","date_gmt":"2025-06-02T23:14:03","guid":{"rendered":"http:\/\/caballitotequiero.com.ar\/portal\/?p=47143"},"modified":"2025-06-02T20:27:06","modified_gmt":"2025-06-02T23:27:06","slug":"despedimos-al-amigo-arnaldo-goenaga","status":"publish","type":"post","link":"http:\/\/caballitotequiero.com.ar\/portal\/2025\/06\/02\/despedimos-al-amigo-arnaldo-goenaga\/","title":{"rendered":"DESPEDIMOS AL AMIGO ARNALDO GOENAGA"},"content":{"rendered":"<p>En el d\u00eda de ayer falleci\u00f3 Arnaldo Omar Goenaga. Quienes fuimos sus amigos estamos profundamente conmovidos por esta noticia. Arnaldo fue una excelente persona, solidario, \u00edntegro, comprometido, supo hacer un culto de la amistad. Integr\u00f3 muchas instituciones y en todas ellas dej\u00f3 un huella imborrable.<\/p>\n<p>Fue un amigo leal y un ejemplo para muchos, su legado seguir\u00e1 vivo en cada una de las personas que lo conocieron. Lo recordaremos siempre con cari\u00f1o y admiraci\u00f3n.<\/p>\n<p>Es dif\u00edcil resumir todo lo que hizo Arnaldo, pero en s\u00edntesis, estas fueron algunas de sus actividades. Fue Concejal de la Ciudad de Buenos Aires, asesor del presidente de Banco Ciudad, miembro del Instituto Juan Manuel de Rosas. Integr\u00f3 instituciones tales como la Asociaci\u00f3n de Fomento y Biblioteca Popular \u00abGeneral Alvear\u00bb donde fue presidente, particip\u00f3 en el Club de Cultura Casa D&#8217; Italia, fue director del Peri\u00f3dico ABC, socio fundador de AMEP (Asociaci\u00f3n Metropolitana de Editores Period\u00edsticos), particip\u00f3 en la C\u00e1mara de Comercio, Industria, Profesionales y Vecinos de Caballito, fue miembro del C\u00edrculo de Legisladores de la Ciudad, miembro de la Junta de Estudios Hist\u00f3ricos del Caballito, de la Cofrad\u00eda de Caballito, tuvo diferentes programas de radio. Integr\u00f3 la Asociaci\u00f3n Amigos de Avenida la Plata, fue socio del Rotary Club Caballito, tambi\u00e9n integr\u00f3 La Mesa de los Jueves.<br \/>\nFue distinguido como Vecino Participativo en 2004, 2005 y 2007. Recibi\u00f3 la distinci\u00f3n La Orden del Buz\u00f3n.<\/p>\n<p>Queda en nosotros, sus amigos,\u00a0 el ejemplo de un trabajador incansable por la cultura y por la\u00a0 identidad barrial.<\/p>\n<p>Descansa en paz querido amigo.<\/p>\n<p><a href=\"http:\/\/caballitotequiero.com.ar\/portal\/wp-content\/uploads\/2025\/06\/Arnaldo-Goenaga-2.jpg\"><img loading=\"lazy\" decoding=\"async\" class=\"aligncenter size-full wp-image-47146\" src=\"http:\/\/caballitotequiero.com.ar\/portal\/wp-content\/uploads\/2025\/06\/Arnaldo-Goenaga-2.jpg\" alt=\"\" width=\"600\" height=\"686\" srcset=\"http:\/\/caballitotequiero.com.ar\/portal\/wp-content\/uploads\/2025\/06\/Arnaldo-Goenaga-2.jpg 600w, http:\/\/caballitotequiero.com.ar\/portal\/wp-content\/uploads\/2025\/06\/Arnaldo-Goenaga-2-262x300.jpg 262w\" sizes=\"auto, (max-width: 600px) 100vw, 600px\" \/><\/a><\/p>\n<p>&nbsp;<\/p>\n<p>&nbsp;<\/p>\n","protected":false},"excerpt":{"rendered":"<p>En el d\u00eda de ayer falleci\u00f3 Arnaldo Omar Goenaga. Quienes fuimos sus amigos estamos profundamente conmovidos por esta noticia. Arnaldo fue una excelente persona, solidario, \u00edntegro, comprometido, supo hacer un culto de la amistad. Integr\u00f3 muchas instituciones y en todas ellas dej\u00f3 un huella imborrable. Fue un amigo leal y un ejemplo para muchos, su [&hellip;]<\/p>\n","protected":false},"author":1,"featured_media":47144,"comment_status":"closed","ping_status":"open","sticky":false,"template":"","format":"standard","meta":{"footnotes":""},"categories":[5],"tags":[],"class_list":["post-47143","post","type-post","status-publish","format-standard","has-post-thumbnail","hentry","category-noticias"],"_links":{"self":[{"href":"http:\/\/caballitotequiero.com.ar\/portal\/wp-json\/wp\/v2\/posts\/47143","targetHints":{"allow":["GET"]}}],"collection":[{"href":"http:\/\/caballitotequiero.com.ar\/portal\/wp-json\/wp\/v2\/posts"}],"about":[{"href":"http:\/\/caballitotequiero.com.ar\/portal\/wp-json\/wp\/v2\/types\/post"}],"author":[{"embeddable":true,"href":"http:\/\/caballitotequiero.com.ar\/portal\/wp-json\/wp\/v2\/users\/1"}],"replies":[{"embeddable":true,"href":"http:\/\/caballitotequiero.com.ar\/portal\/wp-json\/wp\/v2\/comments?post=47143"}],"version-history":[{"count":2,"href":"http:\/\/caballitotequiero.com.ar\/portal\/wp-json\/wp\/v2\/posts\/47143\/revisions"}],"predecessor-version":[{"id":47147,"href":"http:\/\/caballitotequiero.com.ar\/portal\/wp-json\/wp\/v2\/posts\/47143\/revisions\/47147"}],"wp:featuredmedia":[{"embeddable":true,"href":"http:\/\/caballitotequiero.com.ar\/portal\/wp-json\/wp\/v2\/media\/47144"}],"wp:attachment":[{"href":"http:\/\/caballitotequiero.com.ar\/portal\/wp-json\/wp\/v2\/media?parent=47143"}],"wp:term":[{"taxonomy":"category","embeddable":true,"href":"http:\/\/caballitotequiero.com.ar\/portal\/wp-json\/wp\/v2\/categories?post=47143"},{"taxonomy":"post_tag","embeddable":true,"href":"http:\/\/caballitotequiero.com.ar\/portal\/wp-json\/wp\/v2\/tags?post=47143"}],"curies":[{"name":"wp","href":"https:\/\/api.w.org\/{rel}","templated":true}]}}