{"id":47151,"date":"2025-06-05T12:54:06","date_gmt":"2025-06-05T15:54:06","guid":{"rendered":"http:\/\/caballitotequiero.com.ar\/portal\/?p=47151"},"modified":"2025-06-16T13:32:13","modified_gmt":"2025-06-16T16:32:13","slug":"recorrido-por-la-memoria-de-caballito-parte-1","status":"publish","type":"post","link":"http:\/\/caballitotequiero.com.ar\/portal\/2025\/06\/05\/recorrido-por-la-memoria-de-caballito-parte-1\/","title":{"rendered":"RECORRIDO POR LA MEMORIA DE CABALLITO (parte 1)"},"content":{"rendered":"<p>La Direcci\u00f3n General Patrimonio e Instituto Hist\u00f3rico y la Junta Central de Estudios Hist\u00f3ricos de la Ciudad de Buenos Aires, editaron un interesante trabajo de investigaci\u00f3n llamado \u201cRecorridos por la Memoria de los Barrios\u201d.<br \/>\nEste trabajo surgi\u00f3 del Observatorio de Patrimonio Cultural y el objetivo es rescatar los bienes patrimoniales y culturales de los barrios porte\u00f1os.<br \/>\nEl objetivo es rescatar y mantener viva nuestra historia y patrimonio, y la pasi\u00f3n, esmero, y compromiso que se puso para llevar adelante estas publicaciones.<br \/>\nEn el caso particular del barrio de Caballito, particip\u00f3 la Junta de Estudios Hist\u00f3ricos, presidida por Aquilino Gonz\u00e1lez Podest\u00e1, y colaboraron en la realizaci\u00f3n H\u00e9ctor N\u00fa\u00f1ez Castro y Marina Bussio y cont\u00f3 con la colaboraci\u00f3n de varios de sus integrantes.<\/p>\n<p><strong>El siguiente es el relevamiento de los sitios de Caballito que ya no est\u00e1n.<\/strong><\/p>\n<p><strong><a href=\"http:\/\/caballitotequiero.com.ar\/portal\/wp-content\/uploads\/2025\/06\/pulperia.jpg\"><img loading=\"lazy\" decoding=\"async\" class=\"aligncenter size-full wp-image-47152\" src=\"http:\/\/caballitotequiero.com.ar\/portal\/wp-content\/uploads\/2025\/06\/pulperia.jpg\" alt=\"\" width=\"340\" height=\"224\" srcset=\"http:\/\/caballitotequiero.com.ar\/portal\/wp-content\/uploads\/2025\/06\/pulperia.jpg 340w, http:\/\/caballitotequiero.com.ar\/portal\/wp-content\/uploads\/2025\/06\/pulperia-300x198.jpg 300w\" sizes=\"auto, (max-width: 340px) 100vw, 340px\" \/><\/a>Pulper\u00eda del Caballito (Rivadavia y Emilio Mitre)<\/strong><br \/>\nLa Pulper\u00eda de Nicol\u00e1s Vila, instalada en 1821, remataba en una veleta con forma de caballito, objeto que dio origen al nombre del barrio. Vila fue asesinado en 1829 por un soldado de Lavalle y en el a\u00f1o 1832 la propiedad fue rematada y comprada por Luis Na\u00f3n, quien translad\u00f3 la veleta a la esquina NO de Rivadavia y Federico Garc\u00eda Lorca. En el sitio original de la veleta, hoy se leventa el edificio del Colegio Marianista. La veleta hist\u00f3rica hoy se encuentra en el Museo de Luj\u00e1n.<\/p>\n<p><strong><a href=\"http:\/\/caballitotequiero.com.ar\/portal\/wp-content\/uploads\/2025\/06\/domato-1.jpg\"><img loading=\"lazy\" decoding=\"async\" class=\"aligncenter size-full wp-image-47154\" src=\"http:\/\/caballitotequiero.com.ar\/portal\/wp-content\/uploads\/2025\/06\/domato-1.jpg\" alt=\"\" width=\"283\" height=\"190\" \/><\/a>Almac\u00e9n de Domato (Rivadavia y Emilio Mitre, esquina SE)<\/strong><br \/>\nEl Almac\u00e9n de Domato fue una vieja pulper\u00eda, parte de una antigua quinta. En la \u00e9poca de Juan Manuel de Rosas, hab\u00eda sido propiedad de Domingo Aubet, Celestino Pereda y Narciso Saenz. Fue adquirida en 1849 y luego pas\u00f3 a manos de la familia Domato. Cuando comenz\u00f3 la demolici\u00f3n del segundo edificio donde estuvo la famosa veleta (esquina NO de Rivadavia y Garc\u00eda Lorca), Domato la rescat\u00f3 y la puso en su negocio. All\u00ed estuvo hasta el a\u00f1o 1925.<\/p>\n<p><strong><a href=\"http:\/\/caballitotequiero.com.ar\/portal\/wp-content\/uploads\/2025\/06\/sanatorio.jpg\"><img loading=\"lazy\" decoding=\"async\" class=\"aligncenter size-full wp-image-47155\" src=\"http:\/\/caballitotequiero.com.ar\/portal\/wp-content\/uploads\/2025\/06\/sanatorio.jpg\" alt=\"\" width=\"340\" height=\"224\" srcset=\"http:\/\/caballitotequiero.com.ar\/portal\/wp-content\/uploads\/2025\/06\/sanatorio.jpg 340w, http:\/\/caballitotequiero.com.ar\/portal\/wp-content\/uploads\/2025\/06\/sanatorio-300x198.jpg 300w\" sizes=\"auto, (max-width: 340px) 100vw, 340px\" \/><\/a>Sanatorio Gutierrez &#8211; Av Rivadavia 5611<\/strong><br \/>\nConstru\u00eddo en el solar donde hab\u00eda estado la segunda ubicaci\u00f3n de la veleta. El Sanatorio funcion\u00f3 entre los primeros a\u00f1os del Siglo XX hasta fines de la d\u00e9cada de 1940. Fue el primer sanatorio que tuvo el barrio, dirigido por los doctores Avelino y Alberto Guti\u00e9rrez. Antes hab\u00eda sido residencia de la familia de Santiago Rolleri. En la actualidad alli se levanta un edificio de departamentos.<\/p>\n<p><strong><a href=\"http:\/\/caballitotequiero.com.ar\/portal\/wp-content\/uploads\/2025\/06\/Memoria-Nobleza-Piccardo.jpg\"><img loading=\"lazy\" decoding=\"async\" class=\"aligncenter size-full wp-image-47156\" src=\"http:\/\/caballitotequiero.com.ar\/portal\/wp-content\/uploads\/2025\/06\/Memoria-Nobleza-Piccardo.jpg\" alt=\"\" width=\"945\" height=\"711\" srcset=\"http:\/\/caballitotequiero.com.ar\/portal\/wp-content\/uploads\/2025\/06\/Memoria-Nobleza-Piccardo.jpg 945w, http:\/\/caballitotequiero.com.ar\/portal\/wp-content\/uploads\/2025\/06\/Memoria-Nobleza-Piccardo-300x226.jpg 300w, http:\/\/caballitotequiero.com.ar\/portal\/wp-content\/uploads\/2025\/06\/Memoria-Nobleza-Piccardo-768x578.jpg 768w, http:\/\/caballitotequiero.com.ar\/portal\/wp-content\/uploads\/2025\/06\/Memoria-Nobleza-Piccardo-705x530.jpg 705w\" sizes=\"auto, (max-width: 945px) 100vw, 945px\" \/><\/a>F\u00e1brica de Cigarrillos Nobleza Piccardo &#8211; Puan 430<\/strong><br \/>\nLa empresa Piccardo y Cia naci\u00f3 en el a\u00f1o 1898 en un peque\u00f1o local de la calle Piedad (Bartolom\u00e9 Mitre). All\u00ed comenzaron a fabricar los cigarrillos 43. Luego en 1904 se trasladaron a la Av. San Juan 350 (hoy Museo de Arte Moderno). A\u00f1os m\u00e1s tarde la empresa Nobleza de Tabacos se instal\u00f3 en Caballito, en la calle Puan 420. En 1977 Piccardo se uni\u00f3 con Nobleza. En 1981 se trasladan al partido deSan Mart\u00edn. En el edificio de Caballito comenz\u00f3 a funcionar la sede Puan de la Facultad de Filosof\u00eda y Letras de la Universidad de Buenos Aires.<\/p>\n<p><strong><a href=\"http:\/\/caballitotequiero.com.ar\/portal\/wp-content\/uploads\/2025\/06\/Memoria-Flores-Polo-Ground.jpg\"><img loading=\"lazy\" decoding=\"async\" class=\"aligncenter size-portfolio wp-image-47157\" src=\"http:\/\/caballitotequiero.com.ar\/portal\/wp-content\/uploads\/2025\/06\/Memoria-Flores-Polo-Ground-495x400.jpg\" alt=\"\" width=\"495\" height=\"400\" \/><\/a>Flores Polo Ground &#8211; Avellaneda y Fragata Prseidente Sarmiento (vereda sur)<\/strong><br \/>\nAntiguamente conocido como Potrero de Izaguirre, este predio fue utilizado en 1882 por el Buenos Aires Polo Club, primer club de polo del pa\u00eds. El 2 de abril de 1891 se jug\u00f3 alli uno de los partidos iniciales de la primera temporada oficial de f\u00fatbol nacional. Con posterioridad jug\u00f3 en este lugar el Buenos Aires AFC y el Flore Athletic Club, probablemente derivado del Buenos Aires Polo. El m\u00edtico Club Alumni ejerci\u00f3 alli la local\u00eda entre los a\u00f1os 1901 y 1904. La cancha existi\u00f3 hasta los primeros a\u00f1os del siglo XX. Las instalaciones fueron compradas luego por Ferrocarril Oeste.<\/p>\n<p><strong><a href=\"http:\/\/caballitotequiero.com.ar\/portal\/wp-content\/uploads\/2025\/06\/Memoria-Morixe.jpg\"><img loading=\"lazy\" decoding=\"async\" class=\"aligncenter size-portfolio wp-image-47158\" src=\"http:\/\/caballitotequiero.com.ar\/portal\/wp-content\/uploads\/2025\/06\/Memoria-Morixe-495x400.jpg\" alt=\"\" width=\"495\" height=\"400\" \/><\/a>Molinos Morixe (Federico Garc\u00eda Lorca 234)<\/strong><br \/>\nLa empresa fue fundada en 1901 por Francisco Morixe, quien desde 1885 se dedicaba a la industria molinera. Fueron sus hijos los que construyeron el edificio de la calle Rojas 49 inaugurado en 1914. Este molino se llam\u00f3 primero Roma y luego Mitre. Posteriormente en 1938, se construy\u00f3 un segundo molino en Cucha Cucha (Federico Garc\u00eda Lorca) 234 que lleg\u00f3 a ser conocido como \u201cEl Molino de Caballto\u201d. Fue vendido en 2007 y posteriormente demolido.<\/p>\n","protected":false},"excerpt":{"rendered":"<p>La Direcci\u00f3n General Patrimonio e Instituto Hist\u00f3rico y la Junta Central de Estudios Hist\u00f3ricos de la Ciudad de Buenos Aires, editaron un interesante trabajo de investigaci\u00f3n llamado \u201cRecorridos por la Memoria de los Barrios\u201d. Este trabajo surgi\u00f3 del Observatorio de Patrimonio Cultural y el objetivo es rescatar los bienes patrimoniales y culturales de los barrios [&hellip;]<\/p>\n","protected":false},"author":1,"featured_media":47155,"comment_status":"closed","ping_status":"open","sticky":false,"template":"","format":"standard","meta":{"footnotes":""},"categories":[5],"tags":[],"class_list":["post-47151","post","type-post","status-publish","format-standard","has-post-thumbnail","hentry","category-noticias"],"_links":{"self":[{"href":"http:\/\/caballitotequiero.com.ar\/portal\/wp-json\/wp\/v2\/posts\/47151","targetHints":{"allow":["GET"]}}],"collection":[{"href":"http:\/\/caballitotequiero.com.ar\/portal\/wp-json\/wp\/v2\/posts"}],"about":[{"href":"http:\/\/caballitotequiero.com.ar\/portal\/wp-json\/wp\/v2\/types\/post"}],"author":[{"embeddable":true,"href":"http:\/\/caballitotequiero.com.ar\/portal\/wp-json\/wp\/v2\/users\/1"}],"replies":[{"embeddable":true,"href":"http:\/\/caballitotequiero.com.ar\/portal\/wp-json\/wp\/v2\/comments?post=47151"}],"version-history":[{"count":1,"href":"http:\/\/caballitotequiero.com.ar\/portal\/wp-json\/wp\/v2\/posts\/47151\/revisions"}],"predecessor-version":[{"id":47159,"href":"http:\/\/caballitotequiero.com.ar\/portal\/wp-json\/wp\/v2\/posts\/47151\/revisions\/47159"}],"wp:featuredmedia":[{"embeddable":true,"href":"http:\/\/caballitotequiero.com.ar\/portal\/wp-json\/wp\/v2\/media\/47155"}],"wp:attachment":[{"href":"http:\/\/caballitotequiero.com.ar\/portal\/wp-json\/wp\/v2\/media?parent=47151"}],"wp:term":[{"taxonomy":"category","embeddable":true,"href":"http:\/\/caballitotequiero.com.ar\/portal\/wp-json\/wp\/v2\/categories?post=47151"},{"taxonomy":"post_tag","embeddable":true,"href":"http:\/\/caballitotequiero.com.ar\/portal\/wp-json\/wp\/v2\/tags?post=47151"}],"curies":[{"name":"wp","href":"https:\/\/api.w.org\/{rel}","templated":true}]}}