{"id":47165,"date":"2025-06-08T22:23:48","date_gmt":"2025-06-09T01:23:48","guid":{"rendered":"http:\/\/caballitotequiero.com.ar\/portal\/?p=47165"},"modified":"2025-06-16T22:33:15","modified_gmt":"2025-06-17T01:33:15","slug":"comenzo-la-19-feria-del-libro-de-historia-de-la-ciudad","status":"publish","type":"post","link":"http:\/\/caballitotequiero.com.ar\/portal\/2025\/06\/08\/comenzo-la-19-feria-del-libro-de-historia-de-la-ciudad\/","title":{"rendered":"COMENZ\u00d3 LA 19\u00b0 FERIA DEL LIBRO DE HISTORIA DE LA CIUDAD"},"content":{"rendered":"<p>La Junta Central de Estudios Hist\u00f3ricos de la Ciudad de Buenos Aires inaugur\u00f3 la 19\u00b0 Feria y Exposici\u00f3n del Libro de Historia de Buenos Aires.<br \/>\nLa misma se llevar\u00e1 a cabo del 7 al 14 de junio, de 13 a 17 hs y este a\u00f1o se realizar\u00e1 por segunda vez en el barrio de Caballito, en Centenera 777.<br \/>\nLas ediciones anteriores tuvieron diferentes sedes, como la Casa de la Cultura, la Casa Hist\u00f3rica Virrey Liniers, el Club del Progreso y finalmente, este a\u00f1o, la sede ser\u00e1 el Laboratorio Patrimonial Centenera, ubicado en Centenera 777.<br \/>\nLa Feria es un importante encuentro de estudio, investigaci\u00f3n y camarader\u00eda que tiene por objeto principal propender a la difusi\u00f3n de nuestra historia ciudadana en particular y de la regi\u00f3n con ella estrechamente relacionada. Procura constituirse en un espacio de vinculaci\u00f3n con entidades del pa\u00eds y del extranjero que persigan id\u00e9nticos prop\u00f3sitos de estudio y difusi\u00f3n de la historia.<\/p>\n<p>El s\u00e1bado 7, d\u00eda de la inauguraci\u00f3n, estuvieron presentes las autoridades de la Junta Central de Estudios Hist\u00f3ricos de Buenos Aires encabezada por su presidente, Mabel Roelants; los comuneros de Caballito, Samanta Pepe e Ignacio Abarca y por la Direcci\u00f3n General Defensa y Protecci\u00f3n al Consumidor, Carlos Lionel Traboulsi.<br \/>\nDurante el evento, con el t\u00edtulo de \u201cHomenaje a los Grandes\u201d, se dedic\u00f3 el espacio a Aquilino Gonz\u00e1lez Podest\u00e1, historiador porte\u00f1o de 90 a\u00f1os, fundador de la Asociaci\u00f3n Amigos del Tranv\u00eda y de la Junta de Estudios Hist\u00f3ricos del Caballito. Con la proyecci\u00f3n de un emotivo video se resumi\u00f3 la historia de Aquilino y luego, en otro corto, pudo escucharse la palabra de este personaje, con un mensaje a los asistentes a esta Feria del Libro de Historia de la Ciudad de Buenos Aires.<\/p>\n<div id=\"attachment_47166\" style=\"width: 505px\" class=\"wp-caption aligncenter\"><a href=\"http:\/\/caballitotequiero.com.ar\/portal\/wp-content\/uploads\/2025\/06\/Feria-libro-1.jpg\"><img loading=\"lazy\" decoding=\"async\" aria-describedby=\"caption-attachment-47166\" class=\"size-portfolio wp-image-47166\" src=\"http:\/\/caballitotequiero.com.ar\/portal\/wp-content\/uploads\/2025\/06\/Feria-libro-1-495x400.jpg\" alt=\"\" width=\"495\" height=\"400\" \/><\/a><p id=\"caption-attachment-47166\" class=\"wp-caption-text\">Autoridades inauguran la 19\u00b0 Feria del Libro de Historia de la Ciudad de Buenos Aires<\/p><\/div>\n<div id=\"attachment_47167\" style=\"width: 505px\" class=\"wp-caption aligncenter\"><a href=\"http:\/\/caballitotequiero.com.ar\/portal\/wp-content\/uploads\/2025\/06\/Feria-libro-2.jpg\"><img loading=\"lazy\" decoding=\"async\" aria-describedby=\"caption-attachment-47167\" class=\"size-portfolio wp-image-47167\" src=\"http:\/\/caballitotequiero.com.ar\/portal\/wp-content\/uploads\/2025\/06\/Feria-libro-2-495x400.jpg\" alt=\"\" width=\"495\" height=\"400\" \/><\/a><p id=\"caption-attachment-47167\" class=\"wp-caption-text\">Palabras de Aquilino Gonz\u00e1lez Podest\u00e1 a trav\u00e9s de un video<\/p><\/div>\n<div id=\"attachment_47168\" style=\"width: 630px\" class=\"wp-caption aligncenter\"><a href=\"http:\/\/caballitotequiero.com.ar\/portal\/wp-content\/uploads\/2025\/06\/Feria-libro-3.jpg\"><img loading=\"lazy\" decoding=\"async\" aria-describedby=\"caption-attachment-47168\" class=\"size-full wp-image-47168\" src=\"http:\/\/caballitotequiero.com.ar\/portal\/wp-content\/uploads\/2025\/06\/Feria-libro-3.jpg\" alt=\"\" width=\"620\" height=\"582\" srcset=\"http:\/\/caballitotequiero.com.ar\/portal\/wp-content\/uploads\/2025\/06\/Feria-libro-3.jpg 620w, http:\/\/caballitotequiero.com.ar\/portal\/wp-content\/uploads\/2025\/06\/Feria-libro-3-300x282.jpg 300w\" sizes=\"auto, (max-width: 620px) 100vw, 620px\" \/><\/a><p id=\"caption-attachment-47168\" class=\"wp-caption-text\">El Director Defensa del Consumidor CABA<br \/>Dr. Carlos Lionel Traboulsi, Mabel Roelants presidenta de la JCEHCBA y Pedro Teisa de la Asociaci\u00f3n Amigos del Tranv\u00eda.<\/p><\/div>\n","protected":false},"excerpt":{"rendered":"<p>La Junta Central de Estudios Hist\u00f3ricos de la Ciudad de Buenos Aires inaugur\u00f3 la 19\u00b0 Feria y Exposici\u00f3n del Libro de Historia de Buenos Aires. La misma se llevar\u00e1 a cabo del 7 al 14 de junio, de 13 a 17 hs y este a\u00f1o se realizar\u00e1 por segunda vez en el barrio de Caballito, [&hellip;]<\/p>\n","protected":false},"author":1,"featured_media":47166,"comment_status":"closed","ping_status":"open","sticky":false,"template":"","format":"standard","meta":{"footnotes":""},"categories":[5],"tags":[],"class_list":["post-47165","post","type-post","status-publish","format-standard","has-post-thumbnail","hentry","category-noticias"],"_links":{"self":[{"href":"http:\/\/caballitotequiero.com.ar\/portal\/wp-json\/wp\/v2\/posts\/47165","targetHints":{"allow":["GET"]}}],"collection":[{"href":"http:\/\/caballitotequiero.com.ar\/portal\/wp-json\/wp\/v2\/posts"}],"about":[{"href":"http:\/\/caballitotequiero.com.ar\/portal\/wp-json\/wp\/v2\/types\/post"}],"author":[{"embeddable":true,"href":"http:\/\/caballitotequiero.com.ar\/portal\/wp-json\/wp\/v2\/users\/1"}],"replies":[{"embeddable":true,"href":"http:\/\/caballitotequiero.com.ar\/portal\/wp-json\/wp\/v2\/comments?post=47165"}],"version-history":[{"count":1,"href":"http:\/\/caballitotequiero.com.ar\/portal\/wp-json\/wp\/v2\/posts\/47165\/revisions"}],"predecessor-version":[{"id":47169,"href":"http:\/\/caballitotequiero.com.ar\/portal\/wp-json\/wp\/v2\/posts\/47165\/revisions\/47169"}],"wp:featuredmedia":[{"embeddable":true,"href":"http:\/\/caballitotequiero.com.ar\/portal\/wp-json\/wp\/v2\/media\/47166"}],"wp:attachment":[{"href":"http:\/\/caballitotequiero.com.ar\/portal\/wp-json\/wp\/v2\/media?parent=47165"}],"wp:term":[{"taxonomy":"category","embeddable":true,"href":"http:\/\/caballitotequiero.com.ar\/portal\/wp-json\/wp\/v2\/categories?post=47165"},{"taxonomy":"post_tag","embeddable":true,"href":"http:\/\/caballitotequiero.com.ar\/portal\/wp-json\/wp\/v2\/tags?post=47165"}],"curies":[{"name":"wp","href":"https:\/\/api.w.org\/{rel}","templated":true}]}}