{"id":47179,"date":"2025-06-19T16:48:20","date_gmt":"2025-06-19T19:48:20","guid":{"rendered":"http:\/\/caballitotequiero.com.ar\/portal\/?p=47179"},"modified":"2025-06-22T16:53:29","modified_gmt":"2025-06-22T19:53:29","slug":"inauguracion-de-la-muestra-territorios-en-tension-en-el-museo-perlotti","status":"publish","type":"post","link":"http:\/\/caballitotequiero.com.ar\/portal\/2025\/06\/19\/inauguracion-de-la-muestra-territorios-en-tension-en-el-museo-perlotti\/","title":{"rendered":"INAUGURACI\u00d3N DE LA MUESTRA \u00abTERRITORIOS EN TENSI\u00d3N\u00bb EN EL MUSEO PERLOTTI"},"content":{"rendered":"<p>El mi\u00e9rcoles 18 de junio, el Museo Perlotti inaugur\u00f3 la muestra \u201cTerritorios en tensi\u00f3n. Otras formas de habitar\u201d, con obras de Adriana Omahna (grabado), Susana Casanovas (escultura) y Hern\u00e1n Reyes (pintura).<br \/>\nEsta exposici\u00f3n propone una reflexi\u00f3n art\u00edstica sobre la relaci\u00f3n entre la naturaleza, la ciudad y el ser humano. A trav\u00e9s de materiales reciclados, impresiones bot\u00e1nicas y pintura, se replantean las pr\u00e1cticas urbanas desde la sensibilidad, el entorno natural y lo espiritual.<br \/>\nDar\u00edo Klehr, director del Museo, dio por inaugurada la muestra que permanecer\u00e1 hasta el 15 de septiembre, y entre otras cosas dijo, \u201clo interesante de esto es que no solo se trabaja con reciclado, tambi\u00e9n se valora el cuidado del medioambiente\u201d.<br \/>\nEn un mundo cada vez m\u00e1s convulsionado, donde la relaci\u00f3n entre el hombre y la naturaleza se ha visto alterada, estos tres artistas se han puesto a repensar sobre la forma en que habitamos la ciudad con relaci\u00f3n al entorno natural.<br \/>\nSusana Casanovas trabaja con desechos urbanos y material reciclado. Adriana Omahna realiza impresiones bot\u00e1nicas utilizando materiales naturales. Y por su parte Hern\u00e1n Reyes origina sus pinturas a partir de conceptos como el vac\u00edo, el silencio, la armon\u00eda y la introspecci\u00f3n.<br \/>\nEn la inauguraci\u00f3n estuvo presente Silvina Amighini, Lic en Curadur\u00eda en Artes y asistieron integrantes de la Asociaci\u00f3n Amigos del Museo Perlotti.<br \/>\nEl encuentro culmin\u00f3 con un brindis en el que participaron artistas, p\u00fablico, vecinos y autoridades.<\/p>\n<p><a href=\"http:\/\/caballitotequiero.com.ar\/portal\/wp-content\/uploads\/2025\/06\/Territorios-en-tension-1.jpg\"><img loading=\"lazy\" decoding=\"async\" class=\"aligncenter size-full wp-image-47180\" src=\"http:\/\/caballitotequiero.com.ar\/portal\/wp-content\/uploads\/2025\/06\/Territorios-en-tension-1.jpg\" alt=\"\" width=\"700\" height=\"629\" srcset=\"http:\/\/caballitotequiero.com.ar\/portal\/wp-content\/uploads\/2025\/06\/Territorios-en-tension-1.jpg 700w, http:\/\/caballitotequiero.com.ar\/portal\/wp-content\/uploads\/2025\/06\/Territorios-en-tension-1-300x270.jpg 300w\" sizes=\"auto, (max-width: 700px) 100vw, 700px\" \/><\/a> <a href=\"http:\/\/caballitotequiero.com.ar\/portal\/wp-content\/uploads\/2025\/06\/Territorios-en-tension-2.jpg\"><img loading=\"lazy\" decoding=\"async\" class=\"aligncenter size-full wp-image-47181\" src=\"http:\/\/caballitotequiero.com.ar\/portal\/wp-content\/uploads\/2025\/06\/Territorios-en-tension-2.jpg\" alt=\"\" width=\"700\" height=\"549\" srcset=\"http:\/\/caballitotequiero.com.ar\/portal\/wp-content\/uploads\/2025\/06\/Territorios-en-tension-2.jpg 700w, http:\/\/caballitotequiero.com.ar\/portal\/wp-content\/uploads\/2025\/06\/Territorios-en-tension-2-300x235.jpg 300w\" sizes=\"auto, (max-width: 700px) 100vw, 700px\" \/><\/a> <a href=\"http:\/\/caballitotequiero.com.ar\/portal\/wp-content\/uploads\/2025\/06\/Territorios-en-tension-5.jpg\"><img loading=\"lazy\" decoding=\"async\" class=\"aligncenter size-full wp-image-47182\" src=\"http:\/\/caballitotequiero.com.ar\/portal\/wp-content\/uploads\/2025\/06\/Territorios-en-tension-5.jpg\" alt=\"\" width=\"700\" height=\"388\" srcset=\"http:\/\/caballitotequiero.com.ar\/portal\/wp-content\/uploads\/2025\/06\/Territorios-en-tension-5.jpg 700w, http:\/\/caballitotequiero.com.ar\/portal\/wp-content\/uploads\/2025\/06\/Territorios-en-tension-5-300x166.jpg 300w\" sizes=\"auto, (max-width: 700px) 100vw, 700px\" \/><\/a><\/p>\n","protected":false},"excerpt":{"rendered":"<p>El mi\u00e9rcoles 18 de junio, el Museo Perlotti inaugur\u00f3 la muestra \u201cTerritorios en tensi\u00f3n. Otras formas de habitar\u201d, con obras de Adriana Omahna (grabado), Susana Casanovas (escultura) y Hern\u00e1n Reyes (pintura). Esta exposici\u00f3n propone una reflexi\u00f3n art\u00edstica sobre la relaci\u00f3n entre la naturaleza, la ciudad y el ser humano. A trav\u00e9s de materiales reciclados, impresiones [&hellip;]<\/p>\n","protected":false},"author":1,"featured_media":47181,"comment_status":"closed","ping_status":"open","sticky":false,"template":"","format":"standard","meta":{"footnotes":""},"categories":[5],"tags":[],"class_list":["post-47179","post","type-post","status-publish","format-standard","has-post-thumbnail","hentry","category-noticias"],"_links":{"self":[{"href":"http:\/\/caballitotequiero.com.ar\/portal\/wp-json\/wp\/v2\/posts\/47179","targetHints":{"allow":["GET"]}}],"collection":[{"href":"http:\/\/caballitotequiero.com.ar\/portal\/wp-json\/wp\/v2\/posts"}],"about":[{"href":"http:\/\/caballitotequiero.com.ar\/portal\/wp-json\/wp\/v2\/types\/post"}],"author":[{"embeddable":true,"href":"http:\/\/caballitotequiero.com.ar\/portal\/wp-json\/wp\/v2\/users\/1"}],"replies":[{"embeddable":true,"href":"http:\/\/caballitotequiero.com.ar\/portal\/wp-json\/wp\/v2\/comments?post=47179"}],"version-history":[{"count":1,"href":"http:\/\/caballitotequiero.com.ar\/portal\/wp-json\/wp\/v2\/posts\/47179\/revisions"}],"predecessor-version":[{"id":47183,"href":"http:\/\/caballitotequiero.com.ar\/portal\/wp-json\/wp\/v2\/posts\/47179\/revisions\/47183"}],"wp:featuredmedia":[{"embeddable":true,"href":"http:\/\/caballitotequiero.com.ar\/portal\/wp-json\/wp\/v2\/media\/47181"}],"wp:attachment":[{"href":"http:\/\/caballitotequiero.com.ar\/portal\/wp-json\/wp\/v2\/media?parent=47179"}],"wp:term":[{"taxonomy":"category","embeddable":true,"href":"http:\/\/caballitotequiero.com.ar\/portal\/wp-json\/wp\/v2\/categories?post=47179"},{"taxonomy":"post_tag","embeddable":true,"href":"http:\/\/caballitotequiero.com.ar\/portal\/wp-json\/wp\/v2\/tags?post=47179"}],"curies":[{"name":"wp","href":"https:\/\/api.w.org\/{rel}","templated":true}]}}