{"id":47190,"date":"2025-06-14T10:18:25","date_gmt":"2025-06-14T13:18:25","guid":{"rendered":"http:\/\/caballitotequiero.com.ar\/portal\/?p=47190"},"modified":"2025-06-24T10:19:42","modified_gmt":"2025-06-24T13:19:42","slug":"caballito-presente-en-la-feria-del-libro-de-historia-de-buenos-aires","status":"publish","type":"post","link":"http:\/\/caballitotequiero.com.ar\/portal\/2025\/06\/14\/caballito-presente-en-la-feria-del-libro-de-historia-de-buenos-aires\/","title":{"rendered":"CABALLITO PRESENTE EN LA FERIA DEL LIBRO DE HISTORIA DE BUENOS AIRES"},"content":{"rendered":"<p>El viernes 13 de junio, tres integrantes de la Junta de Estudios Hist\u00f3ricos del Caballito participaron con sus disertaciones en la edici\u00f3n 19 de la Feria del Libro de Historia de Buenos Aires.<br \/>\nEl evento tuvo lugar en el sal\u00f3n principal del Laboratorio Patrimonial Centenera, ubicado en Centenera 777.<br \/>\nEn primer t\u00e9rmino, Nora D\u00edaz se refiri\u00f3 a su libro, \u201cPostales de Buenos Aires\u201d y ley\u00f3 algunos de los poemas que estuvieron ilustrados con im\u00e1genes. Todos los textos de este libro se refieren a la ciudad, sus barrios, su m\u00fasica y despertaron en el p\u00fablico nostalgia y tambi\u00e9n sonrisas.<br \/>\nContinu\u00f3 con su presentaci\u00f3n Viviana Saez, quien se refiri\u00f3 a su libro \u201c\u00a1Qu\u00e9 Mujeres!\u201d. En este trabajo se desarrollan relatos sobre diez destacadas mujeres de nuestra historia, que fueron invisibilizadas y hoy cobran relevancia.<br \/>\nFinalmente fue el turno de Marina Bussio, quien present\u00f3 su libro \u201cParque Rivadavia, ayer y hoy\u201d. La disertaci\u00f3n estuvo ilustrada con im\u00e1genes, y se abordaron temas tales como su historia, la quinta Lezica, los monumentos, mitos y leyendas, sus ferias y m\u00e1s.<br \/>\nLas tres expositoras recibieron diplomas por su participaci\u00f3n que fueron entregados por Mabel Roelants, presidente de la Junta Central de Estudios Hist\u00f3ricos de la Ciudad de Buenos Aires.<br \/>\nEl Laboratorio Patrimonial Centenera consiste en un taller construido en gran parte con materiales reciclados de la Red de Subtes, dedicado a la preservaci\u00f3n y difusi\u00f3n del patrimonio porte\u00f1o. Funciona como un espacio multidisciplinario a partir del trabajo conjunto con diversas \u00e1reas del Gobierno de la Ciudad, Subterr\u00e1neo de Buenos Aires, la Asociaci\u00f3n Amigos del Tranv\u00eda y est\u00e1 basado en tres ejes: cultural, sustentabilidad y medioambiente.<\/p>\n<p><a href=\"http:\/\/caballitotequiero.com.ar\/portal\/wp-content\/uploads\/2025\/06\/charla-13-junio-1.jpg\"><img loading=\"lazy\" decoding=\"async\" class=\"aligncenter size-full wp-image-47193\" src=\"http:\/\/caballitotequiero.com.ar\/portal\/wp-content\/uploads\/2025\/06\/charla-13-junio-1.jpg\" alt=\"\" width=\"700\" height=\"358\" srcset=\"http:\/\/caballitotequiero.com.ar\/portal\/wp-content\/uploads\/2025\/06\/charla-13-junio-1.jpg 700w, http:\/\/caballitotequiero.com.ar\/portal\/wp-content\/uploads\/2025\/06\/charla-13-junio-1-300x153.jpg 300w\" sizes=\"auto, (max-width: 700px) 100vw, 700px\" \/><\/a><\/p>\n<p>&nbsp;<\/p>\n","protected":false},"excerpt":{"rendered":"<p>El viernes 13 de junio, tres integrantes de la Junta de Estudios Hist\u00f3ricos del Caballito participaron con sus disertaciones en la edici\u00f3n 19 de la Feria del Libro de Historia de Buenos Aires. El evento tuvo lugar en el sal\u00f3n principal del Laboratorio Patrimonial Centenera, ubicado en Centenera 777. En primer t\u00e9rmino, Nora D\u00edaz se [&hellip;]<\/p>\n","protected":false},"author":1,"featured_media":47193,"comment_status":"closed","ping_status":"open","sticky":false,"template":"","format":"standard","meta":{"footnotes":""},"categories":[5],"tags":[],"class_list":["post-47190","post","type-post","status-publish","format-standard","has-post-thumbnail","hentry","category-noticias"],"_links":{"self":[{"href":"http:\/\/caballitotequiero.com.ar\/portal\/wp-json\/wp\/v2\/posts\/47190","targetHints":{"allow":["GET"]}}],"collection":[{"href":"http:\/\/caballitotequiero.com.ar\/portal\/wp-json\/wp\/v2\/posts"}],"about":[{"href":"http:\/\/caballitotequiero.com.ar\/portal\/wp-json\/wp\/v2\/types\/post"}],"author":[{"embeddable":true,"href":"http:\/\/caballitotequiero.com.ar\/portal\/wp-json\/wp\/v2\/users\/1"}],"replies":[{"embeddable":true,"href":"http:\/\/caballitotequiero.com.ar\/portal\/wp-json\/wp\/v2\/comments?post=47190"}],"version-history":[{"count":1,"href":"http:\/\/caballitotequiero.com.ar\/portal\/wp-json\/wp\/v2\/posts\/47190\/revisions"}],"predecessor-version":[{"id":47194,"href":"http:\/\/caballitotequiero.com.ar\/portal\/wp-json\/wp\/v2\/posts\/47190\/revisions\/47194"}],"wp:featuredmedia":[{"embeddable":true,"href":"http:\/\/caballitotequiero.com.ar\/portal\/wp-json\/wp\/v2\/media\/47193"}],"wp:attachment":[{"href":"http:\/\/caballitotequiero.com.ar\/portal\/wp-json\/wp\/v2\/media?parent=47190"}],"wp:term":[{"taxonomy":"category","embeddable":true,"href":"http:\/\/caballitotequiero.com.ar\/portal\/wp-json\/wp\/v2\/categories?post=47190"},{"taxonomy":"post_tag","embeddable":true,"href":"http:\/\/caballitotequiero.com.ar\/portal\/wp-json\/wp\/v2\/tags?post=47190"}],"curies":[{"name":"wp","href":"https:\/\/api.w.org\/{rel}","templated":true}]}}