{"id":4729,"date":"2011-12-08T15:53:53","date_gmt":"2011-12-08T18:53:53","guid":{"rendered":"http:\/\/caballitotequiero.com.ar\/portal\/?p=4729"},"modified":"2011-12-08T15:53:53","modified_gmt":"2011-12-08T18:53:53","slug":"se-fue-mirtha-una-diva-dejo-caballito","status":"publish","type":"post","link":"http:\/\/caballitotequiero.com.ar\/portal\/2011\/12\/08\/se-fue-mirtha-una-diva-dejo-caballito\/","title":{"rendered":"SE FUE MIRTHA, UNA DIVA DEJ\u00d3 CABALLITO"},"content":{"rendered":"<p>Ella, divina, esplendorosa, con todo el glamour y el charm\u00e9 que, solo una diva sabe poseer; iluminaba Caballito.<\/p>\n<p>Era el faro de luz que, desde la altura, correspondiente a su casi ol\u00edmpica posici\u00f3n, nos acariciaba a todos con su mirada.<\/p>\n<p>Su imagen juvenil presid\u00eda la Plaza Primera Junta. Desde el enorme cartel, ense\u00f1aba su estilo a tantos simples mortales que se daban en cruzar la plaza en busca de alg\u00fan cotidiano colectivo.<\/p>\n<p>La \u201cse\u00f1ora\u201d sonre\u00eda ecum\u00e9nicamente alejada de tantos y tantos peatones sin estilo.<\/p>\n<p>M\u00e1s de tres a\u00f1os estuvo la \u201cse\u00f1ora\u201d prestigiando al barrio de Caballito. Su sola imagen hac\u00eda que el barrio brillara con especial fulgor. Casi, casi, Caballito era la envidia de otros barrios.<\/p>\n<p>Como todas las tragedias, ocurri\u00f3 de pronto. Como una tormenta repentina, la \u201cse\u00f1ora\u201d dej\u00f3 de estar.<\/p>\n<p>As\u00ed, Caballito se vio privado de la esplendorosa imagen. Los zafios y pedestres transe\u00fantes, ya no podr\u00e1n admirarla y, desear parecerse a la diva.<\/p>\n<p>Primera Junta est\u00e1 m\u00e1s oscura. Como con una p\u00e1tina de vulgaridad, la \u201cse\u00f1ora\u201d, dej\u00f3 el barrio.<\/p>\n<p>La juventud de Mirtha Legrand que, cada d\u00eda se renovaba, dio paso a la publicidad de una crema para lograr ser joven\u2026 algo que la diva no precisaba.<\/p>\n<p><img loading=\"lazy\" decoding=\"async\" class=\"alignleft size-full wp-image-4730\" src=\"http:\/\/caballitotequiero.com.ar\/portal\/wp-content\/uploads\/2011\/12\/cartel-mirta-1.jpg\" alt=\"\" width=\"510\" height=\"383\" srcset=\"http:\/\/caballitotequiero.com.ar\/portal\/wp-content\/uploads\/2011\/12\/cartel-mirta-1.jpg 510w, http:\/\/caballitotequiero.com.ar\/portal\/wp-content\/uploads\/2011\/12\/cartel-mirta-1-300x225.jpg 300w, http:\/\/caballitotequiero.com.ar\/portal\/wp-content\/uploads\/2011\/12\/cartel-mirta-1-80x60.jpg 80w\" sizes=\"auto, (max-width: 510px) 100vw, 510px\" \/><img loading=\"lazy\" decoding=\"async\" class=\"alignleft size-full wp-image-4731\" src=\"http:\/\/caballitotequiero.com.ar\/portal\/wp-content\/uploads\/2011\/12\/cartel-mirta-2.jpg\" alt=\"\" width=\"510\" height=\"383\" srcset=\"http:\/\/caballitotequiero.com.ar\/portal\/wp-content\/uploads\/2011\/12\/cartel-mirta-2.jpg 510w, http:\/\/caballitotequiero.com.ar\/portal\/wp-content\/uploads\/2011\/12\/cartel-mirta-2-300x225.jpg 300w, http:\/\/caballitotequiero.com.ar\/portal\/wp-content\/uploads\/2011\/12\/cartel-mirta-2-80x60.jpg 80w\" sizes=\"auto, (max-width: 510px) 100vw, 510px\" \/><img loading=\"lazy\" decoding=\"async\" class=\"alignleft size-full wp-image-4732\" src=\"http:\/\/caballitotequiero.com.ar\/portal\/wp-content\/uploads\/2011\/12\/cartel-sin-mirta-3.jpg\" alt=\"\" width=\"510\" height=\"383\" srcset=\"http:\/\/caballitotequiero.com.ar\/portal\/wp-content\/uploads\/2011\/12\/cartel-sin-mirta-3.jpg 510w, http:\/\/caballitotequiero.com.ar\/portal\/wp-content\/uploads\/2011\/12\/cartel-sin-mirta-3-300x225.jpg 300w, http:\/\/caballitotequiero.com.ar\/portal\/wp-content\/uploads\/2011\/12\/cartel-sin-mirta-3-80x60.jpg 80w\" sizes=\"auto, (max-width: 510px) 100vw, 510px\" \/><\/p>\n","protected":false},"excerpt":{"rendered":"<p>Ella, divina, esplendorosa, con todo el glamour y el charm\u00e9 que, solo una diva sabe poseer; iluminaba Caballito. Era el faro de luz que, desde la altura, correspondiente a su casi ol\u00edmpica posici\u00f3n, nos acariciaba a todos con su mirada. Su imagen juvenil presid\u00eda la Plaza Primera Junta. Desde el enorme cartel, ense\u00f1aba su estilo [&hellip;]<\/p>\n","protected":false},"author":1,"featured_media":4733,"comment_status":"open","ping_status":"open","sticky":false,"template":"","format":"standard","meta":{"footnotes":""},"categories":[5],"tags":[],"class_list":["post-4729","post","type-post","status-publish","format-standard","has-post-thumbnail","hentry","category-noticias"],"_links":{"self":[{"href":"http:\/\/caballitotequiero.com.ar\/portal\/wp-json\/wp\/v2\/posts\/4729","targetHints":{"allow":["GET"]}}],"collection":[{"href":"http:\/\/caballitotequiero.com.ar\/portal\/wp-json\/wp\/v2\/posts"}],"about":[{"href":"http:\/\/caballitotequiero.com.ar\/portal\/wp-json\/wp\/v2\/types\/post"}],"author":[{"embeddable":true,"href":"http:\/\/caballitotequiero.com.ar\/portal\/wp-json\/wp\/v2\/users\/1"}],"replies":[{"embeddable":true,"href":"http:\/\/caballitotequiero.com.ar\/portal\/wp-json\/wp\/v2\/comments?post=4729"}],"version-history":[{"count":1,"href":"http:\/\/caballitotequiero.com.ar\/portal\/wp-json\/wp\/v2\/posts\/4729\/revisions"}],"predecessor-version":[{"id":4734,"href":"http:\/\/caballitotequiero.com.ar\/portal\/wp-json\/wp\/v2\/posts\/4729\/revisions\/4734"}],"wp:featuredmedia":[{"embeddable":true,"href":"http:\/\/caballitotequiero.com.ar\/portal\/wp-json\/wp\/v2\/media\/4733"}],"wp:attachment":[{"href":"http:\/\/caballitotequiero.com.ar\/portal\/wp-json\/wp\/v2\/media?parent=4729"}],"wp:term":[{"taxonomy":"category","embeddable":true,"href":"http:\/\/caballitotequiero.com.ar\/portal\/wp-json\/wp\/v2\/categories?post=4729"},{"taxonomy":"post_tag","embeddable":true,"href":"http:\/\/caballitotequiero.com.ar\/portal\/wp-json\/wp\/v2\/tags?post=4729"}],"curies":[{"name":"wp","href":"https:\/\/api.w.org\/{rel}","templated":true}]}}