{"id":47291,"date":"2025-09-20T13:55:25","date_gmt":"2025-09-20T16:55:25","guid":{"rendered":"http:\/\/caballitotequiero.com.ar\/portal\/?p=47291"},"modified":"2025-09-23T13:59:44","modified_gmt":"2025-09-23T16:59:44","slug":"cumplio-75-anos-el-colegio-comercial-19-juan-montalvo","status":"publish","type":"post","link":"http:\/\/caballitotequiero.com.ar\/portal\/2025\/09\/20\/cumplio-75-anos-el-colegio-comercial-19-juan-montalvo\/","title":{"rendered":"CUMPLI\u00d3 75 A\u00d1OS EL COLEGIO COMERCIAL 19 JUAN MONTALVO"},"content":{"rendered":"<p>El jueves 18 de septiembre el Colegio Comercial 19 Juan Montalvo, ubicado en Formosa 136, celebr\u00f3 sus 75 a\u00f1os con una importante fiesta. Autoridades del establecimiento, docentes y alumnos participaron del festejo. El encuentro cont\u00f3 tambi\u00e9n con la presencia de autoridades diplom\u00e1ticas de Ecuador, supervisores y otros invitados especiales.<br \/>\nEl acto comenz\u00f3 con las palabras de la Directora, Profesora Jimena Fern\u00e1ndez Somoza, luego hizo uso de la palabra el Supervisor Fernando Solari, a continuaci\u00f3n fue el turno de la Embajadora de Ecuador, Diana Salazar M\u00e9ndez y finalmente habl\u00f3 la S\u00edndica de la Ciudad de Buenos Aires, Lic. M\u00f3nica Freda.<br \/>\nEl festejo cont\u00f3 con variados n\u00fameros art\u00edsticos a cargo de alumnos y docentes que se extendieron por casi dos horas.<\/p>\n<p><a href=\"http:\/\/caballitotequiero.com.ar\/portal\/wp-content\/uploads\/2025\/09\/comercial-19-2.jpg\"><img loading=\"lazy\" decoding=\"async\" class=\"aligncenter size-full wp-image-47292\" src=\"http:\/\/caballitotequiero.com.ar\/portal\/wp-content\/uploads\/2025\/09\/comercial-19-2.jpg\" alt=\"\" width=\"700\" height=\"512\" srcset=\"http:\/\/caballitotequiero.com.ar\/portal\/wp-content\/uploads\/2025\/09\/comercial-19-2.jpg 700w, http:\/\/caballitotequiero.com.ar\/portal\/wp-content\/uploads\/2025\/09\/comercial-19-2-300x219.jpg 300w\" sizes=\"auto, (max-width: 700px) 100vw, 700px\" \/><\/a><\/p>\n<p>La Escuela se cre\u00f3 el 4 de marzo de 1950, por el decreto 4888.<br \/>\nEl 13 de marzo de 1950 \u201cA\u00f1o del Libertador General San Mart\u00edn\u201d, abri\u00f3 sus puertas, con 150 alumnas y 14 profesores. Se inici\u00f3 con seis divisiones de primer a\u00f1o en el turno ma\u00f1ana.<br \/>\nEn el mismo edificio, por la tarde, funcionaba el Liceo N\u00ba 5, por eso, en el a\u00f1o 1954, cuando se cre\u00f3 el turno tarde del Comercial 19, el Liceo se mud\u00f3 a la escuela Normal N\u00ba 4.<br \/>\nEn 1958, lleg\u00f3 como Director el Profesor Alberto L\u00f3pez Raffo, y la Se\u00f1orita Sodor sigui\u00f3 como Vicedirectora en el Turno Tarde. El nuevo Director se identific\u00f3 r\u00e1pidamente con los proyectos existentes y las obras por fin comenzaron en 1962.<br \/>\nEn ese a\u00f1o por Resoluci\u00f3n Ministerial N\u00ba 765, la Escuela recibi\u00f3 el nombre de \u201cJuan Montalvo\u201d, en homenaje al escritor y luchador pol\u00edtico ecuatoriano.<br \/>\nEn el a\u00f1o 1965, se incorporan, las divisiones de la Secci\u00f3n Comercial del Liceo N\u00ba 5 y del Liceo N\u00ba 12, convirti\u00e9ndose en LA ESCUELA DE COMERCIO DE MUJERES MAS GRANDE DEL PAIS.<br \/>\nEn 1987, siendo Director el Profesor Hugo Mario Soler, la escuela incorpor\u00f3 varones, quienes le dieron su impronta.<br \/>\nEl Comercial N\u00ba 19 adquiri\u00f3 prestigio desde sus primeros a\u00f1os por la calidad de la ense\u00f1anza.<br \/>\nEntre el personal docente de la casa, hubo profesores con una gran formaci\u00f3n acad\u00e9mica. Autores de libros de texto como L\u00f3pez Raffo, Hilda Perincioli de Rampa, Nelly Pagani, Pura Iglesias de Decono. Escritores como Carolina Escobio, Ernilda Salmer\u00f3n, Lilia Gatti. Arquitectos como la Prof. Hebe Gagliardi, destacados juristas y muchos otros profesionales que compartieron su actividad profesional con la c\u00e1tedra, contribuyendo as\u00ed, a la excelencia que se buscaba en la escuela.<br \/>\nActualmente cuenta con 46 divisiones y concurren a ella 1.200 alumnos aproximadamente, en dos turnos, y su personal asciende a 170 personas.<\/p>\n","protected":false},"excerpt":{"rendered":"<p>El jueves 18 de septiembre el Colegio Comercial 19 Juan Montalvo, ubicado en Formosa 136, celebr\u00f3 sus 75 a\u00f1os con una importante fiesta. Autoridades del establecimiento, docentes y alumnos participaron del festejo. El encuentro cont\u00f3 tambi\u00e9n con la presencia de autoridades diplom\u00e1ticas de Ecuador, supervisores y otros invitados especiales. El acto comenz\u00f3 con las palabras [&hellip;]<\/p>\n","protected":false},"author":1,"featured_media":47294,"comment_status":"closed","ping_status":"open","sticky":false,"template":"","format":"standard","meta":{"footnotes":""},"categories":[5],"tags":[],"class_list":["post-47291","post","type-post","status-publish","format-standard","has-post-thumbnail","hentry","category-noticias"],"_links":{"self":[{"href":"http:\/\/caballitotequiero.com.ar\/portal\/wp-json\/wp\/v2\/posts\/47291","targetHints":{"allow":["GET"]}}],"collection":[{"href":"http:\/\/caballitotequiero.com.ar\/portal\/wp-json\/wp\/v2\/posts"}],"about":[{"href":"http:\/\/caballitotequiero.com.ar\/portal\/wp-json\/wp\/v2\/types\/post"}],"author":[{"embeddable":true,"href":"http:\/\/caballitotequiero.com.ar\/portal\/wp-json\/wp\/v2\/users\/1"}],"replies":[{"embeddable":true,"href":"http:\/\/caballitotequiero.com.ar\/portal\/wp-json\/wp\/v2\/comments?post=47291"}],"version-history":[{"count":1,"href":"http:\/\/caballitotequiero.com.ar\/portal\/wp-json\/wp\/v2\/posts\/47291\/revisions"}],"predecessor-version":[{"id":47293,"href":"http:\/\/caballitotequiero.com.ar\/portal\/wp-json\/wp\/v2\/posts\/47291\/revisions\/47293"}],"wp:featuredmedia":[{"embeddable":true,"href":"http:\/\/caballitotequiero.com.ar\/portal\/wp-json\/wp\/v2\/media\/47294"}],"wp:attachment":[{"href":"http:\/\/caballitotequiero.com.ar\/portal\/wp-json\/wp\/v2\/media?parent=47291"}],"wp:term":[{"taxonomy":"category","embeddable":true,"href":"http:\/\/caballitotequiero.com.ar\/portal\/wp-json\/wp\/v2\/categories?post=47291"},{"taxonomy":"post_tag","embeddable":true,"href":"http:\/\/caballitotequiero.com.ar\/portal\/wp-json\/wp\/v2\/tags?post=47291"}],"curies":[{"name":"wp","href":"https:\/\/api.w.org\/{rel}","templated":true}]}}