{"id":47309,"date":"2025-10-02T08:07:01","date_gmt":"2025-10-02T11:07:01","guid":{"rendered":"http:\/\/caballitotequiero.com.ar\/portal\/?p=47309"},"modified":"2025-10-07T08:11:11","modified_gmt":"2025-10-07T11:11:11","slug":"charla-sobre-historia-de-caballito-en-colegios-del-barrio","status":"publish","type":"post","link":"http:\/\/caballitotequiero.com.ar\/portal\/2025\/10\/02\/charla-sobre-historia-de-caballito-en-colegios-del-barrio\/","title":{"rendered":"CHARLA SOBRE HISTORIA DE CABALLITO EN COLEGIOS DEL BARRIO"},"content":{"rendered":"<p>La Junta de Estudios Hist\u00f3ricos del Caballito visit\u00f3 la Escuela Florentino Ameghino, ubicada en Av. La Plata a metros de Juan Bautista Alberdi.<br \/>\nMarina Bussio, presidente de la Junta de Historia, tuvo a su cargo una exposici\u00f3n ilustrada con im\u00e1genes, destinada a los alumnos de nivel primario.<br \/>\nEl objetivo es difundir la historia y el patrimonio del barrio. Con gran entusiasmo y atenci\u00f3n, los chicos siguieron las explicaciones y se fueron interiorizando sobre diferentes temas relacionados con el barrio de Caballito.<br \/>\nCon gran satisfacci\u00f3n, Marina Bussio manifest\u00f3 que antes de iniciar la charla, los alumnos no sab\u00edan, por ejemplo, poqu\u00e9 el barrio lleva el nombre de Caballito, \u201cahora ya lo saben y esos conocimientos no se olvidan.\u201d<br \/>\nPor otra parte, los chicos se mostraron interesados en los relatos de mitos y leyendas. Tambi\u00e9n hicieron preguntas y consultaron, por ejemplo, por qu\u00e9 la veleta que le dio nombre al barrio, no se encuentra en Caballito.<\/p>\n<p><a href=\"http:\/\/caballitotequiero.com.ar\/portal\/wp-content\/uploads\/2025\/10\/charla-colegio-2.jpg\"><img loading=\"lazy\" decoding=\"async\" class=\"aligncenter size-full wp-image-47310\" src=\"http:\/\/caballitotequiero.com.ar\/portal\/wp-content\/uploads\/2025\/10\/charla-colegio-2.jpg\" alt=\"\" width=\"700\" height=\"677\" srcset=\"http:\/\/caballitotequiero.com.ar\/portal\/wp-content\/uploads\/2025\/10\/charla-colegio-2.jpg 700w, http:\/\/caballitotequiero.com.ar\/portal\/wp-content\/uploads\/2025\/10\/charla-colegio-2-300x290.jpg 300w, http:\/\/caballitotequiero.com.ar\/portal\/wp-content\/uploads\/2025\/10\/charla-colegio-2-36x36.jpg 36w\" sizes=\"auto, (max-width: 700px) 100vw, 700px\" \/><\/a> <a href=\"http:\/\/caballitotequiero.com.ar\/portal\/wp-content\/uploads\/2025\/10\/charla-colegio.jpg\"><img loading=\"lazy\" decoding=\"async\" class=\"aligncenter size-full wp-image-47311\" src=\"http:\/\/caballitotequiero.com.ar\/portal\/wp-content\/uploads\/2025\/10\/charla-colegio.jpg\" alt=\"\" width=\"700\" height=\"520\" srcset=\"http:\/\/caballitotequiero.com.ar\/portal\/wp-content\/uploads\/2025\/10\/charla-colegio.jpg 700w, http:\/\/caballitotequiero.com.ar\/portal\/wp-content\/uploads\/2025\/10\/charla-colegio-300x223.jpg 300w\" sizes=\"auto, (max-width: 700px) 100vw, 700px\" \/><\/a><\/p>\n","protected":false},"excerpt":{"rendered":"<p>La Junta de Estudios Hist\u00f3ricos del Caballito visit\u00f3 la Escuela Florentino Ameghino, ubicada en Av. La Plata a metros de Juan Bautista Alberdi. Marina Bussio, presidente de la Junta de Historia, tuvo a su cargo una exposici\u00f3n ilustrada con im\u00e1genes, destinada a los alumnos de nivel primario. El objetivo es difundir la historia y el [&hellip;]<\/p>\n","protected":false},"author":1,"featured_media":47310,"comment_status":"closed","ping_status":"open","sticky":false,"template":"","format":"standard","meta":{"footnotes":""},"categories":[5],"tags":[],"class_list":["post-47309","post","type-post","status-publish","format-standard","has-post-thumbnail","hentry","category-noticias"],"_links":{"self":[{"href":"http:\/\/caballitotequiero.com.ar\/portal\/wp-json\/wp\/v2\/posts\/47309","targetHints":{"allow":["GET"]}}],"collection":[{"href":"http:\/\/caballitotequiero.com.ar\/portal\/wp-json\/wp\/v2\/posts"}],"about":[{"href":"http:\/\/caballitotequiero.com.ar\/portal\/wp-json\/wp\/v2\/types\/post"}],"author":[{"embeddable":true,"href":"http:\/\/caballitotequiero.com.ar\/portal\/wp-json\/wp\/v2\/users\/1"}],"replies":[{"embeddable":true,"href":"http:\/\/caballitotequiero.com.ar\/portal\/wp-json\/wp\/v2\/comments?post=47309"}],"version-history":[{"count":1,"href":"http:\/\/caballitotequiero.com.ar\/portal\/wp-json\/wp\/v2\/posts\/47309\/revisions"}],"predecessor-version":[{"id":47312,"href":"http:\/\/caballitotequiero.com.ar\/portal\/wp-json\/wp\/v2\/posts\/47309\/revisions\/47312"}],"wp:featuredmedia":[{"embeddable":true,"href":"http:\/\/caballitotequiero.com.ar\/portal\/wp-json\/wp\/v2\/media\/47310"}],"wp:attachment":[{"href":"http:\/\/caballitotequiero.com.ar\/portal\/wp-json\/wp\/v2\/media?parent=47309"}],"wp:term":[{"taxonomy":"category","embeddable":true,"href":"http:\/\/caballitotequiero.com.ar\/portal\/wp-json\/wp\/v2\/categories?post=47309"},{"taxonomy":"post_tag","embeddable":true,"href":"http:\/\/caballitotequiero.com.ar\/portal\/wp-json\/wp\/v2\/tags?post=47309"}],"curies":[{"name":"wp","href":"https:\/\/api.w.org\/{rel}","templated":true}]}}