{"id":47320,"date":"2025-10-12T21:14:19","date_gmt":"2025-10-13T00:14:19","guid":{"rendered":"http:\/\/caballitotequiero.com.ar\/portal\/?p=47320"},"modified":"2025-10-12T21:14:38","modified_gmt":"2025-10-13T00:14:38","slug":"12-de-octubre-cumple-98-anos-plaza-irlanda","status":"publish","type":"post","link":"http:\/\/caballitotequiero.com.ar\/portal\/2025\/10\/12\/12-de-octubre-cumple-98-anos-plaza-irlanda\/","title":{"rendered":"12 de OCTUBRE, CUMPLE 98 A\u00d1OS PLAZA IRLANDA"},"content":{"rendered":"<p>Ubicada\u00a0sobre el l\u00edmite oeste del barrio de Caballito, con una superficie de\u00a053.000 metros cuadrados,\u00a0con frondosos \u00e1rboles y delicadas esculturas, Plaza Irlanda cumple 94 a\u00f1os.\u00a0El espacio limita con los barrios de Flores y Villa General Mitre.<\/p>\n<p>En el d\u00eda de este nuevo aniversario, recordamos su historia.<\/p>\n<p>En la segunda mitad del siglo XIX la zona estaba poblada de quintas que oscilaban entre 1 y 10 hect\u00e1reas.<br \/>\n<strong>1870:<\/strong> La actual Plaza Irlanda, formaba parte de la quinta de Don Joaqu\u00edn Riveiro Forte<br \/>\n<strong>1872:<\/strong> La quinta es adquirida por la Sociedad Miguel Duggan y Hnos.<br \/>\n<strong>1877:<\/strong> Se le anexa un terreno lindero del lado Este.\u00a0La propiedad quedar\u00e1 limitada por las actuales: Gaona, Donato Alvarez, Neuqu\u00e9n y Jos\u00e9 Juan Biedma.<br \/>\nLa Sociedad Duggan\u00a0estaba integrada por\u00a0los hermanos Miguel, Daniel y Tom\u00e1s Duggan, oriundos de Lonfforrd, Irlanda, quienes en 1850 llegaron a Buenos Aires.<br \/>\n<strong>1887:<\/strong> se disuelve la sociedad. Miguel, enfermo, transfiere su capital a sus dos hermanos. Fallece en 1888. La quinta es entonces propiedad de Tomas y Daniel Duggan.<br \/>\n<strong>1896:<\/strong> Daniel enferma de hepatitis y muere, queda todo a nombre de su hermano, Tom\u00e1s Duggan. El mismo a\u00f1o Tom\u00e1s Duggan vende la propiedad a la Asociaci\u00f3n Cat\u00f3lica Irlandesa, de la cual formaba parte.<br \/>\nUna importante extensi\u00f3n del terreno se la arrendaban a los se\u00f1ores Adolfo Miranda y su socio Nicol\u00e1s Nicolini que en 1900 instalaron all\u00ed hornos de ladrillos que funcionaron hasta el a\u00f1o 1914.\u00a0El terreno no utilizado de la Asociaci\u00f3n Irlandesa se convirti\u00f3 en un potrero.<br \/>\n<strong>1920:<\/strong> se funda el Club Italo Argentino del Giocco al Pallone, club de la colectividad piamontesa.<br \/>\nEn otro sector del terreno se desarrollaba un campeonato de futbol de una liga local .<br \/>\n<strong>1922:<\/strong> La Asociaci\u00f3n Cat\u00f3lica Irlandesa vende a la Municipalidad (el Intendente en esos momentos era Carlos Noel) parte del predio: Gaona, Donato Alvarez, Neuqu\u00e9n, Biedma, Franklin y Segui (a\u00fan no abierta), debido a impuestos adeudados.<br \/>\n<strong>1923:<\/strong> la Municipalidad anuncia que construir\u00e1 all\u00ed casas colectivas<br \/>\n<strong>1924:<\/strong>\u00a0el proyecto anterior queda sin efecto y se decide destinar el predio a la realizaci\u00f3n de un parque p\u00fablico.<br \/>\n<strong>1925:<\/strong> a pedido de la \u00abFederaci\u00f3n Racial Irlandesa\u00bb se sanciona una ordenanza que le da el nombre de Plaza Irlanda<br \/>\nEl 12 de octubre de 1927 a las 10 de la ma\u00f1ana se inaugura la plaza, con la presencia del Intendente Casco, luego se sirve un lunch en el Colegio Santa Br\u00edgida.<br \/>\nThe Southern Cross, el diario irland\u00e9s fundado en la ciudad en 1875, dedic\u00f3 casi una p\u00e1gina al acontecimiento, destacando que el nuevo parque \u00abs\u00f3lo era comparable con los bosques de Palermo\u00bb\u00a0.<\/p>\n<p><a href=\"http:\/\/caballitotequiero.com.ar\/portal\/wp-content\/uploads\/2020\/10\/Plaza-Irlanda-1-web.jpg\" rel=\"attachment wp-att-31548\"><img loading=\"lazy\" decoding=\"async\" class=\"aligncenter size-full wp-image-31548\" src=\"http:\/\/caballitotequiero.com.ar\/portal\/wp-content\/uploads\/2020\/10\/Plaza-Irlanda-1-web.jpg\" alt=\"\" width=\"600\" height=\"400\" srcset=\"http:\/\/caballitotequiero.com.ar\/portal\/wp-content\/uploads\/2020\/10\/Plaza-Irlanda-1-web.jpg 600w, http:\/\/caballitotequiero.com.ar\/portal\/wp-content\/uploads\/2020\/10\/Plaza-Irlanda-1-web-300x200.jpg 300w, http:\/\/caballitotequiero.com.ar\/portal\/wp-content\/uploads\/2020\/10\/Plaza-Irlanda-1-web-450x300.jpg 450w\" sizes=\"auto, (max-width: 600px) 100vw, 600px\" \/><\/a> <a href=\"http:\/\/caballitotequiero.com.ar\/portal\/wp-content\/uploads\/2020\/10\/plaza-irlanda-2-web.jpg\" rel=\"attachment wp-att-31549\"><img loading=\"lazy\" decoding=\"async\" class=\"aligncenter size-full wp-image-31549\" src=\"http:\/\/caballitotequiero.com.ar\/portal\/wp-content\/uploads\/2020\/10\/plaza-irlanda-2-web.jpg\" alt=\"\" width=\"600\" height=\"425\" srcset=\"http:\/\/caballitotequiero.com.ar\/portal\/wp-content\/uploads\/2020\/10\/plaza-irlanda-2-web.jpg 600w, http:\/\/caballitotequiero.com.ar\/portal\/wp-content\/uploads\/2020\/10\/plaza-irlanda-2-web-300x213.jpg 300w, http:\/\/caballitotequiero.com.ar\/portal\/wp-content\/uploads\/2020\/10\/plaza-irlanda-2-web-260x185.jpg 260w, http:\/\/caballitotequiero.com.ar\/portal\/wp-content\/uploads\/2020\/10\/plaza-irlanda-2-web-450x319.jpg 450w\" sizes=\"auto, (max-width: 600px) 100vw, 600px\" \/><\/a> <a href=\"http:\/\/caballitotequiero.com.ar\/portal\/wp-content\/uploads\/2020\/10\/plaza-irlanda-3-web.jpg\" rel=\"attachment wp-att-31550\"><img loading=\"lazy\" decoding=\"async\" class=\"aligncenter size-full wp-image-31550\" src=\"http:\/\/caballitotequiero.com.ar\/portal\/wp-content\/uploads\/2020\/10\/plaza-irlanda-3-web.jpg\" alt=\"\" width=\"600\" height=\"450\" srcset=\"http:\/\/caballitotequiero.com.ar\/portal\/wp-content\/uploads\/2020\/10\/plaza-irlanda-3-web.jpg 600w, http:\/\/caballitotequiero.com.ar\/portal\/wp-content\/uploads\/2020\/10\/plaza-irlanda-3-web-300x225.jpg 300w, http:\/\/caballitotequiero.com.ar\/portal\/wp-content\/uploads\/2020\/10\/plaza-irlanda-3-web-450x338.jpg 450w\" sizes=\"auto, (max-width: 600px) 100vw, 600px\" \/><\/a><\/p>\n","protected":false},"excerpt":{"rendered":"<p>Ubicada\u00a0sobre el l\u00edmite oeste del barrio de Caballito, con una superficie de\u00a053.000 metros cuadrados,\u00a0con frondosos \u00e1rboles y delicadas esculturas, Plaza Irlanda cumple 94 a\u00f1os.\u00a0El espacio limita con los barrios de Flores y Villa General Mitre. En el d\u00eda de este nuevo aniversario, recordamos su historia. En la segunda mitad del siglo XIX la zona estaba [&hellip;]<\/p>\n","protected":false},"author":1,"featured_media":31548,"comment_status":"open","ping_status":"open","sticky":false,"template":"","format":"standard","meta":{"footnotes":""},"categories":[5],"tags":[],"class_list":["post-47320","post","type-post","status-publish","format-standard","has-post-thumbnail","hentry","category-noticias"],"_links":{"self":[{"href":"http:\/\/caballitotequiero.com.ar\/portal\/wp-json\/wp\/v2\/posts\/47320","targetHints":{"allow":["GET"]}}],"collection":[{"href":"http:\/\/caballitotequiero.com.ar\/portal\/wp-json\/wp\/v2\/posts"}],"about":[{"href":"http:\/\/caballitotequiero.com.ar\/portal\/wp-json\/wp\/v2\/types\/post"}],"author":[{"embeddable":true,"href":"http:\/\/caballitotequiero.com.ar\/portal\/wp-json\/wp\/v2\/users\/1"}],"replies":[{"embeddable":true,"href":"http:\/\/caballitotequiero.com.ar\/portal\/wp-json\/wp\/v2\/comments?post=47320"}],"version-history":[{"count":1,"href":"http:\/\/caballitotequiero.com.ar\/portal\/wp-json\/wp\/v2\/posts\/47320\/revisions"}],"predecessor-version":[{"id":47321,"href":"http:\/\/caballitotequiero.com.ar\/portal\/wp-json\/wp\/v2\/posts\/47320\/revisions\/47321"}],"wp:featuredmedia":[{"embeddable":true,"href":"http:\/\/caballitotequiero.com.ar\/portal\/wp-json\/wp\/v2\/media\/31548"}],"wp:attachment":[{"href":"http:\/\/caballitotequiero.com.ar\/portal\/wp-json\/wp\/v2\/media?parent=47320"}],"wp:term":[{"taxonomy":"category","embeddable":true,"href":"http:\/\/caballitotequiero.com.ar\/portal\/wp-json\/wp\/v2\/categories?post=47320"},{"taxonomy":"post_tag","embeddable":true,"href":"http:\/\/caballitotequiero.com.ar\/portal\/wp-json\/wp\/v2\/tags?post=47320"}],"curies":[{"name":"wp","href":"https:\/\/api.w.org\/{rel}","templated":true}]}}