{"id":47323,"date":"2025-10-15T10:03:56","date_gmt":"2025-10-15T13:03:56","guid":{"rendered":"http:\/\/caballitotequiero.com.ar\/portal\/?p=47323"},"modified":"2025-10-15T10:03:56","modified_gmt":"2025-10-15T13:03:56","slug":"proxima-visita-guiada-a-plaza-irlanda-para-celebrar-su-98-aniversario","status":"publish","type":"post","link":"http:\/\/caballitotequiero.com.ar\/portal\/2025\/10\/15\/proxima-visita-guiada-a-plaza-irlanda-para-celebrar-su-98-aniversario\/","title":{"rendered":"PR\u00d3XIMA VISITA GUIADA A PLAZA IRLANDA PARA CELEBRAR SU 98 ANIVERSARIO"},"content":{"rendered":"<p>El pr\u00f3ximo s\u00e1bado 18 de octubre a las 16 hs tendr\u00e1 lugar una nueva Visita Guiada a Plaza Irlanda. La misma estar\u00e1 a cargo de Marina Bussio, y se realizar\u00e1 en el marco de los 98 a\u00f1os de esta plaza.<\/p>\n<p>El punto de encuentro ser\u00e1 la esquina de Gaona y Donato \u00c1lvarez. Se abordar\u00e1n temas como la historia y la actualidad del lugar, tambi\u00e9n sus diferentes esculturas y su entorno.<\/p>\n<p>Los relatos estar\u00e1n ilustrado con fotos hist\u00f3ricas. Se suspende por lluvia.<\/p>\n<p><a href=\"http:\/\/caballitotequiero.com.ar\/portal\/wp-content\/uploads\/2025\/10\/Visita-PLAZA-IRLANDA.jpg\"><img loading=\"lazy\" decoding=\"async\" class=\"aligncenter size-full wp-image-47324\" src=\"http:\/\/caballitotequiero.com.ar\/portal\/wp-content\/uploads\/2025\/10\/Visita-PLAZA-IRLANDA.jpg\" alt=\"\" width=\"700\" height=\"530\" srcset=\"http:\/\/caballitotequiero.com.ar\/portal\/wp-content\/uploads\/2025\/10\/Visita-PLAZA-IRLANDA.jpg 700w, http:\/\/caballitotequiero.com.ar\/portal\/wp-content\/uploads\/2025\/10\/Visita-PLAZA-IRLANDA-300x227.jpg 300w\" sizes=\"auto, (max-width: 700px) 100vw, 700px\" \/><\/a><\/p>\n","protected":false},"excerpt":{"rendered":"<p>El pr\u00f3ximo s\u00e1bado 18 de octubre a las 16 hs tendr\u00e1 lugar una nueva Visita Guiada a Plaza Irlanda. La misma estar\u00e1 a cargo de Marina Bussio, y se realizar\u00e1 en el marco de los 98 a\u00f1os de esta plaza. El punto de encuentro ser\u00e1 la esquina de Gaona y Donato \u00c1lvarez. Se abordar\u00e1n temas [&hellip;]<\/p>\n","protected":false},"author":1,"featured_media":47324,"comment_status":"closed","ping_status":"open","sticky":false,"template":"","format":"standard","meta":{"footnotes":""},"categories":[5],"tags":[],"class_list":["post-47323","post","type-post","status-publish","format-standard","has-post-thumbnail","hentry","category-noticias"],"_links":{"self":[{"href":"http:\/\/caballitotequiero.com.ar\/portal\/wp-json\/wp\/v2\/posts\/47323","targetHints":{"allow":["GET"]}}],"collection":[{"href":"http:\/\/caballitotequiero.com.ar\/portal\/wp-json\/wp\/v2\/posts"}],"about":[{"href":"http:\/\/caballitotequiero.com.ar\/portal\/wp-json\/wp\/v2\/types\/post"}],"author":[{"embeddable":true,"href":"http:\/\/caballitotequiero.com.ar\/portal\/wp-json\/wp\/v2\/users\/1"}],"replies":[{"embeddable":true,"href":"http:\/\/caballitotequiero.com.ar\/portal\/wp-json\/wp\/v2\/comments?post=47323"}],"version-history":[{"count":1,"href":"http:\/\/caballitotequiero.com.ar\/portal\/wp-json\/wp\/v2\/posts\/47323\/revisions"}],"predecessor-version":[{"id":47325,"href":"http:\/\/caballitotequiero.com.ar\/portal\/wp-json\/wp\/v2\/posts\/47323\/revisions\/47325"}],"wp:featuredmedia":[{"embeddable":true,"href":"http:\/\/caballitotequiero.com.ar\/portal\/wp-json\/wp\/v2\/media\/47324"}],"wp:attachment":[{"href":"http:\/\/caballitotequiero.com.ar\/portal\/wp-json\/wp\/v2\/media?parent=47323"}],"wp:term":[{"taxonomy":"category","embeddable":true,"href":"http:\/\/caballitotequiero.com.ar\/portal\/wp-json\/wp\/v2\/categories?post=47323"},{"taxonomy":"post_tag","embeddable":true,"href":"http:\/\/caballitotequiero.com.ar\/portal\/wp-json\/wp\/v2\/tags?post=47323"}],"curies":[{"name":"wp","href":"https:\/\/api.w.org\/{rel}","templated":true}]}}