{"id":47349,"date":"2025-11-01T10:00:16","date_gmt":"2025-11-01T13:00:16","guid":{"rendered":"http:\/\/caballitotequiero.com.ar\/portal\/?p=47349"},"modified":"2025-11-04T10:05:56","modified_gmt":"2025-11-04T13:05:56","slug":"la-noche-de-los-museos-en-el-instituto-pasteur","status":"publish","type":"post","link":"http:\/\/caballitotequiero.com.ar\/portal\/2025\/11\/01\/la-noche-de-los-museos-en-el-instituto-pasteur\/","title":{"rendered":"LA NOCHE DE LOS MUSEOS EN EL INSTITUTO PASTEUR"},"content":{"rendered":"<p>El Museo Hist\u00f3rico Desiderio Davel, del Instituto de Zoonosis Luis Pasteur, abrir\u00e1 sus puertas a la comunidad en la hist\u00f3rica Noche de los Museos ofreciendo diferentes actividades cient\u00edficas, culturales y art\u00edsticas.<\/p>\n<p>El\u00a0<a href=\"https:\/\/buenosaires.gob.ar\/salud\/hospitales-y-establecimientos-de-salud\/instituto-de-zoonosis-luis-pasteur\/museo-historico\">Museo Hist\u00f3rico Desiderio Davel<\/a>\u00a0tiene como misi\u00f3n preservar la memoria hist\u00f3rica del Instituto de Zoonosis Luis Pasteur, enalteciendo la figura del Dr. Desiderio F. Davel, quien convirti\u00f3 a la Argentina en el tercer pa\u00eds del mundo en aplicar la vacuna antirr\u00e1bica, en 1886.<\/p>\n<p>A trav\u00e9s de sus actividades y exposiciones, el museo busca contribuir a la conservaci\u00f3n del patrimonio hist\u00f3rico, cient\u00edfico y cultural del Instituto y su divulgaci\u00f3n hacia la comunidad.<\/p>\n<p><a href=\"http:\/\/caballitotequiero.com.ar\/portal\/wp-content\/uploads\/2025\/11\/mUSEO-dAVEL.jpg\"><img loading=\"lazy\" decoding=\"async\" class=\"aligncenter size-full wp-image-47350\" src=\"http:\/\/caballitotequiero.com.ar\/portal\/wp-content\/uploads\/2025\/11\/mUSEO-dAVEL.jpg\" alt=\"\" width=\"500\" height=\"889\" srcset=\"http:\/\/caballitotequiero.com.ar\/portal\/wp-content\/uploads\/2025\/11\/mUSEO-dAVEL.jpg 500w, http:\/\/caballitotequiero.com.ar\/portal\/wp-content\/uploads\/2025\/11\/mUSEO-dAVEL-169x300.jpg 169w, http:\/\/caballitotequiero.com.ar\/portal\/wp-content\/uploads\/2025\/11\/mUSEO-dAVEL-397x705.jpg 397w\" sizes=\"auto, (max-width: 500px) 100vw, 500px\" \/><\/a><\/p>\n","protected":false},"excerpt":{"rendered":"<p>El Museo Hist\u00f3rico Desiderio Davel, del Instituto de Zoonosis Luis Pasteur, abrir\u00e1 sus puertas a la comunidad en la hist\u00f3rica Noche de los Museos ofreciendo diferentes actividades cient\u00edficas, culturales y art\u00edsticas. El\u00a0Museo Hist\u00f3rico Desiderio Davel\u00a0tiene como misi\u00f3n preservar la memoria hist\u00f3rica del Instituto de Zoonosis Luis Pasteur, enalteciendo la figura del Dr. Desiderio F. Davel, [&hellip;]<\/p>\n","protected":false},"author":1,"featured_media":47350,"comment_status":"closed","ping_status":"open","sticky":false,"template":"","format":"standard","meta":{"footnotes":""},"categories":[5],"tags":[],"class_list":["post-47349","post","type-post","status-publish","format-standard","has-post-thumbnail","hentry","category-noticias"],"_links":{"self":[{"href":"http:\/\/caballitotequiero.com.ar\/portal\/wp-json\/wp\/v2\/posts\/47349","targetHints":{"allow":["GET"]}}],"collection":[{"href":"http:\/\/caballitotequiero.com.ar\/portal\/wp-json\/wp\/v2\/posts"}],"about":[{"href":"http:\/\/caballitotequiero.com.ar\/portal\/wp-json\/wp\/v2\/types\/post"}],"author":[{"embeddable":true,"href":"http:\/\/caballitotequiero.com.ar\/portal\/wp-json\/wp\/v2\/users\/1"}],"replies":[{"embeddable":true,"href":"http:\/\/caballitotequiero.com.ar\/portal\/wp-json\/wp\/v2\/comments?post=47349"}],"version-history":[{"count":1,"href":"http:\/\/caballitotequiero.com.ar\/portal\/wp-json\/wp\/v2\/posts\/47349\/revisions"}],"predecessor-version":[{"id":47351,"href":"http:\/\/caballitotequiero.com.ar\/portal\/wp-json\/wp\/v2\/posts\/47349\/revisions\/47351"}],"wp:featuredmedia":[{"embeddable":true,"href":"http:\/\/caballitotequiero.com.ar\/portal\/wp-json\/wp\/v2\/media\/47350"}],"wp:attachment":[{"href":"http:\/\/caballitotequiero.com.ar\/portal\/wp-json\/wp\/v2\/media?parent=47349"}],"wp:term":[{"taxonomy":"category","embeddable":true,"href":"http:\/\/caballitotequiero.com.ar\/portal\/wp-json\/wp\/v2\/categories?post=47349"},{"taxonomy":"post_tag","embeddable":true,"href":"http:\/\/caballitotequiero.com.ar\/portal\/wp-json\/wp\/v2\/tags?post=47349"}],"curies":[{"name":"wp","href":"https:\/\/api.w.org\/{rel}","templated":true}]}}