{"id":47362,"date":"2025-11-07T16:37:43","date_gmt":"2025-11-07T19:37:43","guid":{"rendered":"http:\/\/caballitotequiero.com.ar\/portal\/?p=47362"},"modified":"2025-11-07T16:37:43","modified_gmt":"2025-11-07T19:37:43","slug":"caballito-en-la-semana-del-patrimonio","status":"publish","type":"post","link":"http:\/\/caballitotequiero.com.ar\/portal\/2025\/11\/07\/caballito-en-la-semana-del-patrimonio\/","title":{"rendered":"CABALLITO EN LA SEMANA DEL PATRIMONIO"},"content":{"rendered":"<p>Del 10 al 16 de noviembre tendr\u00e1 lugar la Segunda Edici\u00f3n de la Semana del Patrimonio.<\/p>\n<p>Buenos Aires celebrar\u00e1 su legado hist\u00f3rico que busca difundir y poner en valor los bienes culturales materiales e inmateriales, desde la arquitectura hasta los imaginarios y tradiciones porte\u00f1as.<\/p>\n<p><strong>M\u00e1s de 100 espacios e instituciones formar\u00e1n parte de la programaci\u00f3n.<\/strong><\/p>\n<p>Este a\u00f1o la programaci\u00f3n incluir\u00e1 la novedad de la\u00a0<strong>Primera Jornada de Archivos Abiertos que se llevar\u00e1 a cabo el jueves 13 de noviembre<\/strong>, un d\u00eda especial dedicado a visitar las reservas de importantes instituciones p\u00fablicas y privadas como el Archivo General de la Naci\u00f3n, el Archivo y Biblioteca de la Ciudad de Buenos Aires, el Centro de Documentaci\u00f3n e Investigaci\u00f3n de la Arquitectura P\u00fablica (CeDIAP), la Legislatura de la Ciudad Aut\u00f3noma de Buenos Aires, el Centro de Estudios Espigas y la Fundaci\u00f3n IDA.<\/p>\n<p><strong>Habr\u00e1 propuestas en toda la Ciudad para compartir el patrimonio porte\u00f1o, con una amplia y variada plataforma de actividades sin costo.<\/strong>\u00a0Ser\u00e1n siete d\u00edas de charlas, talleres magistrales, visitas extraordinarias, aperturas in\u00e9ditas, actividades inusuales, espect\u00e1culos, talleres, clases especiales, exposiciones y site specific, visitas t\u00e9cnico-profesionales, observaciones con telescopios hist\u00f3ricos, recorridos especiales para ni\u00f1os y adultos, acceso a lugares de trabajo de los especialistas y visitas a zonas no abiertas habitualmente en edificios patrimoniales, sitios arqueol\u00f3gicos, museos y el espacio p\u00fablico.<\/p>\n<p><strong>En el barrio de Caballito, organizado por la Junta de Estudios Hist\u00f3ricos y con la gu\u00eda de su presidente, Marina Bussio, se visitar\u00e1 el Parque Rivadavia, donde se relatar\u00e1 la historia de dos esculturas emblem\u00e1ticas que, sin duda, forman parte del patrimonio del barrio de Caballito y de la Ciudad de Buenos Aires. Se trata de la Fuente Catalana de Josep Llimona y el monumento a Bol\u00edvar de Jos\u00e9 Fioravanti.<\/strong><\/p>\n<p><strong>El evento tendr\u00e1 lugar el mi\u00e9rcoles 12 de noviembre, a las 10.30 hs en el Parque Rivadavia. El punto de encuentro es el Monumento a Bol\u00edvar.<\/strong><\/p>\n<p><a href=\"http:\/\/caballitotequiero.com.ar\/portal\/wp-content\/uploads\/2025\/11\/Semana-Patrimonio.jpg\"><img loading=\"lazy\" decoding=\"async\" class=\"aligncenter size-full wp-image-47363\" src=\"http:\/\/caballitotequiero.com.ar\/portal\/wp-content\/uploads\/2025\/11\/Semana-Patrimonio.jpg\" alt=\"\" width=\"700\" height=\"875\" srcset=\"http:\/\/caballitotequiero.com.ar\/portal\/wp-content\/uploads\/2025\/11\/Semana-Patrimonio.jpg 700w, http:\/\/caballitotequiero.com.ar\/portal\/wp-content\/uploads\/2025\/11\/Semana-Patrimonio-240x300.jpg 240w, http:\/\/caballitotequiero.com.ar\/portal\/wp-content\/uploads\/2025\/11\/Semana-Patrimonio-564x705.jpg 564w\" sizes=\"auto, (max-width: 700px) 100vw, 700px\" \/><\/a><\/p>\n","protected":false},"excerpt":{"rendered":"<p>Del 10 al 16 de noviembre tendr\u00e1 lugar la Segunda Edici\u00f3n de la Semana del Patrimonio. Buenos Aires celebrar\u00e1 su legado hist\u00f3rico que busca difundir y poner en valor los bienes culturales materiales e inmateriales, desde la arquitectura hasta los imaginarios y tradiciones porte\u00f1as. M\u00e1s de 100 espacios e instituciones formar\u00e1n parte de la programaci\u00f3n. [&hellip;]<\/p>\n","protected":false},"author":1,"featured_media":47363,"comment_status":"closed","ping_status":"open","sticky":false,"template":"","format":"standard","meta":{"footnotes":""},"categories":[5],"tags":[],"class_list":["post-47362","post","type-post","status-publish","format-standard","has-post-thumbnail","hentry","category-noticias"],"_links":{"self":[{"href":"http:\/\/caballitotequiero.com.ar\/portal\/wp-json\/wp\/v2\/posts\/47362","targetHints":{"allow":["GET"]}}],"collection":[{"href":"http:\/\/caballitotequiero.com.ar\/portal\/wp-json\/wp\/v2\/posts"}],"about":[{"href":"http:\/\/caballitotequiero.com.ar\/portal\/wp-json\/wp\/v2\/types\/post"}],"author":[{"embeddable":true,"href":"http:\/\/caballitotequiero.com.ar\/portal\/wp-json\/wp\/v2\/users\/1"}],"replies":[{"embeddable":true,"href":"http:\/\/caballitotequiero.com.ar\/portal\/wp-json\/wp\/v2\/comments?post=47362"}],"version-history":[{"count":1,"href":"http:\/\/caballitotequiero.com.ar\/portal\/wp-json\/wp\/v2\/posts\/47362\/revisions"}],"predecessor-version":[{"id":47364,"href":"http:\/\/caballitotequiero.com.ar\/portal\/wp-json\/wp\/v2\/posts\/47362\/revisions\/47364"}],"wp:featuredmedia":[{"embeddable":true,"href":"http:\/\/caballitotequiero.com.ar\/portal\/wp-json\/wp\/v2\/media\/47363"}],"wp:attachment":[{"href":"http:\/\/caballitotequiero.com.ar\/portal\/wp-json\/wp\/v2\/media?parent=47362"}],"wp:term":[{"taxonomy":"category","embeddable":true,"href":"http:\/\/caballitotequiero.com.ar\/portal\/wp-json\/wp\/v2\/categories?post=47362"},{"taxonomy":"post_tag","embeddable":true,"href":"http:\/\/caballitotequiero.com.ar\/portal\/wp-json\/wp\/v2\/tags?post=47362"}],"curies":[{"name":"wp","href":"https:\/\/api.w.org\/{rel}","templated":true}]}}