{"id":47368,"date":"2025-11-10T20:47:33","date_gmt":"2025-11-10T23:47:33","guid":{"rendered":"http:\/\/caballitotequiero.com.ar\/portal\/?p=47368"},"modified":"2025-11-12T20:53:10","modified_gmt":"2025-11-12T23:53:10","slug":"la-noche-de-los-museos-2025","status":"publish","type":"post","link":"http:\/\/caballitotequiero.com.ar\/portal\/2025\/11\/10\/la-noche-de-los-museos-2025\/","title":{"rendered":"LA NOCHE DE LOS MUSEOS 2025"},"content":{"rendered":"<p><strong>La Noche de los Museos 2025<\/strong><br \/>\n<strong>Un \u00c9xito Rotundo en la Ciudad de Buenos Aires<\/strong><\/p>\n<p>La ciudad de Buenos Aires vivi\u00f3 una noche m\u00e1gica el pasado s\u00e1bado 8 de noviembre, con la edici\u00f3n n\u00famero 21 de la Noche de los Museos.<br \/>\nM\u00e1s de 300 sedes, incluyendo museos, centros culturales, escuelas y otros sitios de inter\u00e9s abrieron sus puertas al p\u00fablico, que respondi\u00f3 con entusiasmo, superando el mill\u00f3n doscientos mil visitantes.<br \/>\nUna Noche para la Cultura y la Diversi\u00f3n. La inauguraci\u00f3n de esta edici\u00f3n de la Noche de los Museos tuvo lugar en el Centro Cultural Recoleta, con la presencia de autoridades del Gobierno de la Ciudad. La artista Marta Minuj\u00edn present\u00f3 all\u00ed una escultura ef\u00edmera, La Torre de Pisa de Spaghettis que se sum\u00f3 a las numerosas actividades y exposiciones que se llevaron a cabo en todo la ciudad.<\/p>\n<p><strong>Caballito se Sum\u00f3 a la Fiesta<\/strong><br \/>\nEn el barrio de Caballito, m\u00e1s de 15 lugares participaron en la Noche de los Museos, ofreciendo una variedad de actividades, exposiciones y espect\u00e1culos.<br \/>\nParticiparon: Asociaci\u00f3n Argentina Amigos de la Astronom\u00eda, el Centro Cultural de Jubilados Nuestra Se\u00f1ora de los Buenos Aires, el Centro Cultural El Eternauta, Centro Cultural Lola Mora , Club Italiano de Buenos Aires, Escuela 9 D.E. 8 \u201cFlorentino Ameghino\u201d, Fundaci\u00f3n Caleidoscopio, Fundaci\u00f3n Instituto Leloir, Laboratorio Patrimonial Centenera \/ Museo del Subte, Museo Argentino de Ciencias Naturales, Museo de Esculturas Luis Perlotti, Museo del Club Ferro Carril Oeste, Museo Hist\u00f3rico Desiderio Davel del Instituto Pasteur, Napule Galleria d\u2019Arte, Colegio Marianista.<\/p>\n<p><strong>La Revista Horizonte<\/strong>, que cumpli\u00f3 22 a\u00f1os consecutivos participando en La Noche de los Museos, en esta oportunidad present\u00f3 su muestra de fotos hist\u00f3ricas en el Club Italiano que se vio colmado de p\u00fablico. En a\u00f1os anteriores se present\u00f3 en el Museo Luis Perlotti, la Asociaci\u00f3n Amigos del Tranv\u00eda, la Asociaci\u00f3n de Fomento y Biblioteca Popular Gral. Alvear y el Colegio Vieytes<br \/>\nCon un clima perfecto y temperatura agradable, la noche contribuy\u00f3 a que la gente se animara a salir a las calles y disfrutar de la oferta cultural. Aunque en algunos lugares hubo colas largas, la espera vali\u00f3 la pena, ya que los visitantes pudieron disfrutar de una noche llena de arte, cultura y diversi\u00f3n.<br \/>\nLa Noche de los Museos es un evento que ya se ha convertido en una tradici\u00f3n en la ciudad de Buenos Aires. La respuesta del p\u00fablico es un claro indicador de la importancia que tiene la cultura en la vida de los porte\u00f1os. La ciudad se llena de vida y color, y la gente se re\u00fane para disfrutar de la riqueza cultural que ofrece la ciudad.<\/p>\n<p><a href=\"http:\/\/caballitotequiero.com.ar\/portal\/wp-content\/uploads\/2025\/11\/Noche-Museos-Club-Italano.jpg\"><img loading=\"lazy\" decoding=\"async\" class=\"aligncenter size-full wp-image-47369\" src=\"http:\/\/caballitotequiero.com.ar\/portal\/wp-content\/uploads\/2025\/11\/Noche-Museos-Club-Italano.jpg\" alt=\"\" width=\"700\" height=\"700\" srcset=\"http:\/\/caballitotequiero.com.ar\/portal\/wp-content\/uploads\/2025\/11\/Noche-Museos-Club-Italano.jpg 700w, http:\/\/caballitotequiero.com.ar\/portal\/wp-content\/uploads\/2025\/11\/Noche-Museos-Club-Italano-300x300.jpg 300w, http:\/\/caballitotequiero.com.ar\/portal\/wp-content\/uploads\/2025\/11\/Noche-Museos-Club-Italano-80x80.jpg 80w, http:\/\/caballitotequiero.com.ar\/portal\/wp-content\/uploads\/2025\/11\/Noche-Museos-Club-Italano-36x36.jpg 36w, http:\/\/caballitotequiero.com.ar\/portal\/wp-content\/uploads\/2025\/11\/Noche-Museos-Club-Italano-180x180.jpg 180w\" sizes=\"auto, (max-width: 700px) 100vw, 700px\" \/><\/a><\/p>\n","protected":false},"excerpt":{"rendered":"<p>La Noche de los Museos 2025 Un \u00c9xito Rotundo en la Ciudad de Buenos Aires La ciudad de Buenos Aires vivi\u00f3 una noche m\u00e1gica el pasado s\u00e1bado 8 de noviembre, con la edici\u00f3n n\u00famero 21 de la Noche de los Museos. M\u00e1s de 300 sedes, incluyendo museos, centros culturales, escuelas y otros sitios de inter\u00e9s [&hellip;]<\/p>\n","protected":false},"author":1,"featured_media":47369,"comment_status":"closed","ping_status":"open","sticky":false,"template":"","format":"standard","meta":{"footnotes":""},"categories":[5],"tags":[],"class_list":["post-47368","post","type-post","status-publish","format-standard","has-post-thumbnail","hentry","category-noticias"],"_links":{"self":[{"href":"http:\/\/caballitotequiero.com.ar\/portal\/wp-json\/wp\/v2\/posts\/47368","targetHints":{"allow":["GET"]}}],"collection":[{"href":"http:\/\/caballitotequiero.com.ar\/portal\/wp-json\/wp\/v2\/posts"}],"about":[{"href":"http:\/\/caballitotequiero.com.ar\/portal\/wp-json\/wp\/v2\/types\/post"}],"author":[{"embeddable":true,"href":"http:\/\/caballitotequiero.com.ar\/portal\/wp-json\/wp\/v2\/users\/1"}],"replies":[{"embeddable":true,"href":"http:\/\/caballitotequiero.com.ar\/portal\/wp-json\/wp\/v2\/comments?post=47368"}],"version-history":[{"count":1,"href":"http:\/\/caballitotequiero.com.ar\/portal\/wp-json\/wp\/v2\/posts\/47368\/revisions"}],"predecessor-version":[{"id":47370,"href":"http:\/\/caballitotequiero.com.ar\/portal\/wp-json\/wp\/v2\/posts\/47368\/revisions\/47370"}],"wp:featuredmedia":[{"embeddable":true,"href":"http:\/\/caballitotequiero.com.ar\/portal\/wp-json\/wp\/v2\/media\/47369"}],"wp:attachment":[{"href":"http:\/\/caballitotequiero.com.ar\/portal\/wp-json\/wp\/v2\/media?parent=47368"}],"wp:term":[{"taxonomy":"category","embeddable":true,"href":"http:\/\/caballitotequiero.com.ar\/portal\/wp-json\/wp\/v2\/categories?post=47368"},{"taxonomy":"post_tag","embeddable":true,"href":"http:\/\/caballitotequiero.com.ar\/portal\/wp-json\/wp\/v2\/tags?post=47368"}],"curies":[{"name":"wp","href":"https:\/\/api.w.org\/{rel}","templated":true}]}}