{"id":4737,"date":"2011-12-08T16:47:17","date_gmt":"2011-12-08T19:47:17","guid":{"rendered":"http:\/\/caballitotequiero.com.ar\/portal\/?p=4737"},"modified":"2011-12-08T16:47:17","modified_gmt":"2011-12-08T19:47:17","slug":"la-primera-comunion-viaja-en-tranvia","status":"publish","type":"post","link":"http:\/\/caballitotequiero.com.ar\/portal\/2011\/12\/08\/la-primera-comunion-viaja-en-tranvia\/","title":{"rendered":"LA PRIMERA COMUNI\u00d3N VIAJA EN TRANV\u00cdA"},"content":{"rendered":"<p>El jueves 8 de diciembre, D\u00eda de la Inmaculada Concepci\u00f3n, se realiz\u00f3 el ya tradicional viaje en tranv\u00eda de los ni\u00f1os que tomaron su Primera Comuni\u00f3n en la parroquia de Santa Julia. Este es el d\u00e9cimo a\u00f1o consecutivo de esta singular procesi\u00f3n.<\/p>\n<p>La Asociaci\u00f3n Amigos del Tranv\u00eda dispuso tres de sus coches hist\u00f3ricos, para los ni\u00f1os y sus familiares.<\/p>\n<p>As\u00ed, las calles de Caballito, vieron pasar a los peque\u00f1os que tomaran su Primera Comuni\u00f3n.<\/p>\n<p>Durante el recorrido por el circuito tranviario, vecinos, transe\u00fantes y automovilistas, saludaron calurosamente a la tranviaria procesi\u00f3n.<\/p>\n<p>En el primer coche, conducido por el \u201cMotorman Mayor de Caballito\u201d, Aquilino Gonz\u00e1lez Podest\u00e1, viajaron los ni\u00f1os, sus catequistas y el padre Jorge. Canciones y bullicio fueron la consigna. Una r\u00e1faga de alegr\u00eda y fe sobre rieles.<\/p>\n<p>Una tradici\u00f3n \u00fanica en todo el mundo que, es patrimonio exclusivo del barrio de Caballito.<\/p>\n<p>Adem\u00e1s del Padre Jorge, participaron el seminarista Dami\u00e1n y el grupo de catequistas integrado por Alba, Mar\u00eda Teresa, Leticia, Martha, Valentina, Raquel, Andrea y Samantha.<\/p>\n<p>Por la Asociaci\u00f3n Amigos del Tranv\u00eda, conduciendo los coches, participaron, Aquilino, Gabriel, Sebasti\u00e1n, Nicol\u00e1s, Ricardo y Juan.<\/p>\n<p><img loading=\"lazy\" decoding=\"async\" class=\"alignleft size-full wp-image-4738\" src=\"http:\/\/caballitotequiero.com.ar\/portal\/wp-content\/uploads\/2011\/12\/0-0-0-comunion-tranvia-1.jpg\" alt=\"\" width=\"510\" height=\"383\" srcset=\"http:\/\/caballitotequiero.com.ar\/portal\/wp-content\/uploads\/2011\/12\/0-0-0-comunion-tranvia-1.jpg 510w, http:\/\/caballitotequiero.com.ar\/portal\/wp-content\/uploads\/2011\/12\/0-0-0-comunion-tranvia-1-300x225.jpg 300w, http:\/\/caballitotequiero.com.ar\/portal\/wp-content\/uploads\/2011\/12\/0-0-0-comunion-tranvia-1-80x60.jpg 80w\" sizes=\"auto, (max-width: 510px) 100vw, 510px\" \/><\/p>\n<div id=\"attachment_4739\" style=\"width: 520px\" class=\"wp-caption alignleft\"><img loading=\"lazy\" decoding=\"async\" aria-describedby=\"caption-attachment-4739\" class=\"size-full wp-image-4739\" src=\"http:\/\/caballitotequiero.com.ar\/portal\/wp-content\/uploads\/2011\/12\/0-0-0-comunion-tranvia-2.jpg\" alt=\"\" width=\"510\" height=\"383\" srcset=\"http:\/\/caballitotequiero.com.ar\/portal\/wp-content\/uploads\/2011\/12\/0-0-0-comunion-tranvia-2.jpg 510w, http:\/\/caballitotequiero.com.ar\/portal\/wp-content\/uploads\/2011\/12\/0-0-0-comunion-tranvia-2-300x225.jpg 300w, http:\/\/caballitotequiero.com.ar\/portal\/wp-content\/uploads\/2011\/12\/0-0-0-comunion-tranvia-2-80x60.jpg 80w\" sizes=\"auto, (max-width: 510px) 100vw, 510px\" \/><p id=\"caption-attachment-4739\" class=\"wp-caption-text\">Esperando la llegada de los chicos...<\/p><\/div>\n<div id=\"attachment_4740\" style=\"width: 520px\" class=\"wp-caption alignleft\"><img loading=\"lazy\" decoding=\"async\" aria-describedby=\"caption-attachment-4740\" class=\"size-full wp-image-4740\" src=\"http:\/\/caballitotequiero.com.ar\/portal\/wp-content\/uploads\/2011\/12\/0-0-0-comunion-tranvia-3.jpg\" alt=\"\" width=\"510\" height=\"383\" srcset=\"http:\/\/caballitotequiero.com.ar\/portal\/wp-content\/uploads\/2011\/12\/0-0-0-comunion-tranvia-3.jpg 510w, http:\/\/caballitotequiero.com.ar\/portal\/wp-content\/uploads\/2011\/12\/0-0-0-comunion-tranvia-3-300x225.jpg 300w, http:\/\/caballitotequiero.com.ar\/portal\/wp-content\/uploads\/2011\/12\/0-0-0-comunion-tranvia-3-80x60.jpg 80w\" sizes=\"auto, (max-width: 510px) 100vw, 510px\" \/><p id=\"caption-attachment-4740\" class=\"wp-caption-text\">Llegaron!!!<\/p><\/div>\n<p><img loading=\"lazy\" decoding=\"async\" class=\"alignleft size-full wp-image-4741\" src=\"http:\/\/caballitotequiero.com.ar\/portal\/wp-content\/uploads\/2011\/12\/0-0-0-comunion-tranvia-4.jpg\" alt=\"\" width=\"510\" height=\"383\" srcset=\"http:\/\/caballitotequiero.com.ar\/portal\/wp-content\/uploads\/2011\/12\/0-0-0-comunion-tranvia-4.jpg 510w, http:\/\/caballitotequiero.com.ar\/portal\/wp-content\/uploads\/2011\/12\/0-0-0-comunion-tranvia-4-300x225.jpg 300w, http:\/\/caballitotequiero.com.ar\/portal\/wp-content\/uploads\/2011\/12\/0-0-0-comunion-tranvia-4-80x60.jpg 80w\" sizes=\"auto, (max-width: 510px) 100vw, 510px\" \/><img loading=\"lazy\" decoding=\"async\" class=\"alignleft size-full wp-image-4742\" src=\"http:\/\/caballitotequiero.com.ar\/portal\/wp-content\/uploads\/2011\/12\/0-0-0-comunion-tranvia-5.jpg\" alt=\"\" width=\"510\" height=\"383\" srcset=\"http:\/\/caballitotequiero.com.ar\/portal\/wp-content\/uploads\/2011\/12\/0-0-0-comunion-tranvia-5.jpg 510w, http:\/\/caballitotequiero.com.ar\/portal\/wp-content\/uploads\/2011\/12\/0-0-0-comunion-tranvia-5-300x225.jpg 300w, http:\/\/caballitotequiero.com.ar\/portal\/wp-content\/uploads\/2011\/12\/0-0-0-comunion-tranvia-5-80x60.jpg 80w\" sizes=\"auto, (max-width: 510px) 100vw, 510px\" \/><img loading=\"lazy\" decoding=\"async\" class=\"alignleft size-full wp-image-4743\" src=\"http:\/\/caballitotequiero.com.ar\/portal\/wp-content\/uploads\/2011\/12\/0-0-0-comunion-tranvia-6.jpg\" alt=\"\" width=\"510\" height=\"383\" srcset=\"http:\/\/caballitotequiero.com.ar\/portal\/wp-content\/uploads\/2011\/12\/0-0-0-comunion-tranvia-6.jpg 510w, http:\/\/caballitotequiero.com.ar\/portal\/wp-content\/uploads\/2011\/12\/0-0-0-comunion-tranvia-6-300x225.jpg 300w, http:\/\/caballitotequiero.com.ar\/portal\/wp-content\/uploads\/2011\/12\/0-0-0-comunion-tranvia-6-80x60.jpg 80w\" sizes=\"auto, (max-width: 510px) 100vw, 510px\" \/><img loading=\"lazy\" decoding=\"async\" class=\"alignleft size-full wp-image-4744\" src=\"http:\/\/caballitotequiero.com.ar\/portal\/wp-content\/uploads\/2011\/12\/0-0-0-comunion-tranvia-7.jpg\" alt=\"\" width=\"510\" height=\"383\" srcset=\"http:\/\/caballitotequiero.com.ar\/portal\/wp-content\/uploads\/2011\/12\/0-0-0-comunion-tranvia-7.jpg 510w, http:\/\/caballitotequiero.com.ar\/portal\/wp-content\/uploads\/2011\/12\/0-0-0-comunion-tranvia-7-300x225.jpg 300w, http:\/\/caballitotequiero.com.ar\/portal\/wp-content\/uploads\/2011\/12\/0-0-0-comunion-tranvia-7-80x60.jpg 80w\" sizes=\"auto, (max-width: 510px) 100vw, 510px\" \/><img loading=\"lazy\" decoding=\"async\" class=\"alignleft size-full wp-image-4745\" src=\"http:\/\/caballitotequiero.com.ar\/portal\/wp-content\/uploads\/2011\/12\/0-0-0-comunion-tranvia-8.jpg\" alt=\"\" width=\"510\" height=\"383\" srcset=\"http:\/\/caballitotequiero.com.ar\/portal\/wp-content\/uploads\/2011\/12\/0-0-0-comunion-tranvia-8.jpg 510w, http:\/\/caballitotequiero.com.ar\/portal\/wp-content\/uploads\/2011\/12\/0-0-0-comunion-tranvia-8-300x225.jpg 300w, http:\/\/caballitotequiero.com.ar\/portal\/wp-content\/uploads\/2011\/12\/0-0-0-comunion-tranvia-8-80x60.jpg 80w\" sizes=\"auto, (max-width: 510px) 100vw, 510px\" \/><img loading=\"lazy\" decoding=\"async\" class=\"alignleft size-full wp-image-4746\" src=\"http:\/\/caballitotequiero.com.ar\/portal\/wp-content\/uploads\/2011\/12\/0-0-0-comunion-tranvia-9.jpg\" alt=\"\" width=\"510\" height=\"383\" srcset=\"http:\/\/caballitotequiero.com.ar\/portal\/wp-content\/uploads\/2011\/12\/0-0-0-comunion-tranvia-9.jpg 510w, http:\/\/caballitotequiero.com.ar\/portal\/wp-content\/uploads\/2011\/12\/0-0-0-comunion-tranvia-9-300x225.jpg 300w, http:\/\/caballitotequiero.com.ar\/portal\/wp-content\/uploads\/2011\/12\/0-0-0-comunion-tranvia-9-80x60.jpg 80w\" sizes=\"auto, (max-width: 510px) 100vw, 510px\" \/><\/p>\n<div id=\"attachment_4747\" style=\"width: 520px\" class=\"wp-caption alignleft\"><img loading=\"lazy\" decoding=\"async\" aria-describedby=\"caption-attachment-4747\" class=\"size-full wp-image-4747\" src=\"http:\/\/caballitotequiero.com.ar\/portal\/wp-content\/uploads\/2011\/12\/0-0-0-comunion-tranvia-10.jpg\" alt=\"\" width=\"510\" height=\"383\" srcset=\"http:\/\/caballitotequiero.com.ar\/portal\/wp-content\/uploads\/2011\/12\/0-0-0-comunion-tranvia-10.jpg 510w, http:\/\/caballitotequiero.com.ar\/portal\/wp-content\/uploads\/2011\/12\/0-0-0-comunion-tranvia-10-300x225.jpg 300w, http:\/\/caballitotequiero.com.ar\/portal\/wp-content\/uploads\/2011\/12\/0-0-0-comunion-tranvia-10-80x60.jpg 80w\" sizes=\"auto, (max-width: 510px) 100vw, 510px\" \/><p id=\"caption-attachment-4747\" class=\"wp-caption-text\">Aquilino y el Padre Jorge con los chicos, listos para salir.<\/p><\/div>\n<p><img loading=\"lazy\" decoding=\"async\" class=\"alignleft size-full wp-image-4748\" src=\"http:\/\/caballitotequiero.com.ar\/portal\/wp-content\/uploads\/2011\/12\/0-0-0-comunion-tranvia-11.jpg\" alt=\"\" width=\"510\" height=\"383\" srcset=\"http:\/\/caballitotequiero.com.ar\/portal\/wp-content\/uploads\/2011\/12\/0-0-0-comunion-tranvia-11.jpg 510w, http:\/\/caballitotequiero.com.ar\/portal\/wp-content\/uploads\/2011\/12\/0-0-0-comunion-tranvia-11-300x225.jpg 300w, http:\/\/caballitotequiero.com.ar\/portal\/wp-content\/uploads\/2011\/12\/0-0-0-comunion-tranvia-11-80x60.jpg 80w\" sizes=\"auto, (max-width: 510px) 100vw, 510px\" \/><img loading=\"lazy\" decoding=\"async\" class=\"alignleft size-full wp-image-4749\" src=\"http:\/\/caballitotequiero.com.ar\/portal\/wp-content\/uploads\/2011\/12\/0-0-0-comunion-tranvia-12.jpg\" alt=\"\" width=\"510\" height=\"383\" srcset=\"http:\/\/caballitotequiero.com.ar\/portal\/wp-content\/uploads\/2011\/12\/0-0-0-comunion-tranvia-12.jpg 510w, http:\/\/caballitotequiero.com.ar\/portal\/wp-content\/uploads\/2011\/12\/0-0-0-comunion-tranvia-12-300x225.jpg 300w, http:\/\/caballitotequiero.com.ar\/portal\/wp-content\/uploads\/2011\/12\/0-0-0-comunion-tranvia-12-80x60.jpg 80w\" sizes=\"auto, (max-width: 510px) 100vw, 510px\" \/><\/p>\n<div id=\"attachment_4750\" style=\"width: 520px\" class=\"wp-caption alignleft\"><img loading=\"lazy\" decoding=\"async\" aria-describedby=\"caption-attachment-4750\" class=\"size-full wp-image-4750\" src=\"http:\/\/caballitotequiero.com.ar\/portal\/wp-content\/uploads\/2011\/12\/0-0-0-comunion-tranvia-13.jpg\" alt=\"\" width=\"510\" height=\"383\" srcset=\"http:\/\/caballitotequiero.com.ar\/portal\/wp-content\/uploads\/2011\/12\/0-0-0-comunion-tranvia-13.jpg 510w, http:\/\/caballitotequiero.com.ar\/portal\/wp-content\/uploads\/2011\/12\/0-0-0-comunion-tranvia-13-300x225.jpg 300w, http:\/\/caballitotequiero.com.ar\/portal\/wp-content\/uploads\/2011\/12\/0-0-0-comunion-tranvia-13-80x60.jpg 80w\" sizes=\"auto, (max-width: 510px) 100vw, 510px\" \/><p id=\"caption-attachment-4750\" class=\"wp-caption-text\">Aquilino y sus compinches tranviarios: Nicol\u00e1s, Sebasti\u00e1n, Ricardo, Juan y Gabriel<\/p><\/div>\n","protected":false},"excerpt":{"rendered":"<p>El jueves 8 de diciembre, D\u00eda de la Inmaculada Concepci\u00f3n, se realiz\u00f3 el ya tradicional viaje en tranv\u00eda de los ni\u00f1os que tomaron su Primera Comuni\u00f3n en la parroquia de Santa Julia. Este es el d\u00e9cimo a\u00f1o consecutivo de esta singular procesi\u00f3n. La Asociaci\u00f3n Amigos del Tranv\u00eda dispuso tres de sus coches hist\u00f3ricos, para los [&hellip;]<\/p>\n","protected":false},"author":1,"featured_media":4751,"comment_status":"open","ping_status":"open","sticky":false,"template":"","format":"standard","meta":{"footnotes":""},"categories":[5],"tags":[],"class_list":["post-4737","post","type-post","status-publish","format-standard","has-post-thumbnail","hentry","category-noticias"],"_links":{"self":[{"href":"http:\/\/caballitotequiero.com.ar\/portal\/wp-json\/wp\/v2\/posts\/4737","targetHints":{"allow":["GET"]}}],"collection":[{"href":"http:\/\/caballitotequiero.com.ar\/portal\/wp-json\/wp\/v2\/posts"}],"about":[{"href":"http:\/\/caballitotequiero.com.ar\/portal\/wp-json\/wp\/v2\/types\/post"}],"author":[{"embeddable":true,"href":"http:\/\/caballitotequiero.com.ar\/portal\/wp-json\/wp\/v2\/users\/1"}],"replies":[{"embeddable":true,"href":"http:\/\/caballitotequiero.com.ar\/portal\/wp-json\/wp\/v2\/comments?post=4737"}],"version-history":[{"count":2,"href":"http:\/\/caballitotequiero.com.ar\/portal\/wp-json\/wp\/v2\/posts\/4737\/revisions"}],"predecessor-version":[{"id":4753,"href":"http:\/\/caballitotequiero.com.ar\/portal\/wp-json\/wp\/v2\/posts\/4737\/revisions\/4753"}],"wp:featuredmedia":[{"embeddable":true,"href":"http:\/\/caballitotequiero.com.ar\/portal\/wp-json\/wp\/v2\/media\/4751"}],"wp:attachment":[{"href":"http:\/\/caballitotequiero.com.ar\/portal\/wp-json\/wp\/v2\/media?parent=4737"}],"wp:term":[{"taxonomy":"category","embeddable":true,"href":"http:\/\/caballitotequiero.com.ar\/portal\/wp-json\/wp\/v2\/categories?post=4737"},{"taxonomy":"post_tag","embeddable":true,"href":"http:\/\/caballitotequiero.com.ar\/portal\/wp-json\/wp\/v2\/tags?post=4737"}],"curies":[{"name":"wp","href":"https:\/\/api.w.org\/{rel}","templated":true}]}}