{"id":47497,"date":"2026-02-23T16:33:36","date_gmt":"2026-02-23T19:33:36","guid":{"rendered":"http:\/\/caballitotequiero.com.ar\/portal\/?p=47497"},"modified":"2026-02-25T16:39:33","modified_gmt":"2026-02-25T19:39:33","slug":"visita-guiada-a-lo-largo-de-la-avenida-rivadavia","status":"publish","type":"post","link":"http:\/\/caballitotequiero.com.ar\/portal\/2026\/02\/23\/visita-guiada-a-lo-largo-de-la-avenida-rivadavia\/","title":{"rendered":"VISITA GUIADA A LO LARGO DE LA AVENIDA RIVADAVIA"},"content":{"rendered":"<p>Continuando con los eventos por la Semana de Caballito, el domingo 22 de febrero se realiz\u00f3 una Visita Guiada a cargo de Marina Bussio para recorrer parte de la Avenida Rivadavia.<br \/>\nEl evento comenz\u00f3 en la esquina de Rivadavia y Acoyte y se extendi\u00f3 hasta la calle Emilio Mitre. Con una gran afluencia de p\u00fablico, durante el recorrido Marina se refiri\u00f3 a la historia y actualidad de cada uno de los lugares por los que pasaban.<br \/>\nFinalmente, en la Plaza Primera Junta y luego, en la esquina de Rivadavia y Emilio Mitre, el tema central fue la historia de la hist\u00f3rica Veleta del Caballito que dio origen al nombre del barrio.<br \/>\nEl p\u00fablico se mostr\u00f3 muy entusiasta y se interes\u00f3 en cada una de las fotos antiguas que se iban mostrando a lo largo del recorrido.<br \/>\nAl finalizar la visita el grupo comparti\u00f3 un caf\u00e9 y continuaron hablando de la historia del barrio.<a href=\"http:\/\/caballitotequiero.com.ar\/portal\/wp-content\/uploads\/2026\/02\/VISITA-RIVADAVIA.jpg\"><img loading=\"lazy\" decoding=\"async\" class=\"aligncenter size-full wp-image-47498\" src=\"http:\/\/caballitotequiero.com.ar\/portal\/wp-content\/uploads\/2026\/02\/VISITA-RIVADAVIA.jpg\" alt=\"\" width=\"700\" height=\"525\" srcset=\"http:\/\/caballitotequiero.com.ar\/portal\/wp-content\/uploads\/2026\/02\/VISITA-RIVADAVIA.jpg 700w, http:\/\/caballitotequiero.com.ar\/portal\/wp-content\/uploads\/2026\/02\/VISITA-RIVADAVIA-300x225.jpg 300w\" sizes=\"auto, (max-width: 700px) 100vw, 700px\" \/><\/a><\/p>\n","protected":false},"excerpt":{"rendered":"<p>Continuando con los eventos por la Semana de Caballito, el domingo 22 de febrero se realiz\u00f3 una Visita Guiada a cargo de Marina Bussio para recorrer parte de la Avenida Rivadavia. El evento comenz\u00f3 en la esquina de Rivadavia y Acoyte y se extendi\u00f3 hasta la calle Emilio Mitre. Con una gran afluencia de p\u00fablico, [&hellip;]<\/p>\n","protected":false},"author":1,"featured_media":47498,"comment_status":"closed","ping_status":"open","sticky":false,"template":"","format":"standard","meta":{"footnotes":""},"categories":[5],"tags":[],"class_list":["post-47497","post","type-post","status-publish","format-standard","has-post-thumbnail","hentry","category-noticias"],"_links":{"self":[{"href":"http:\/\/caballitotequiero.com.ar\/portal\/wp-json\/wp\/v2\/posts\/47497","targetHints":{"allow":["GET"]}}],"collection":[{"href":"http:\/\/caballitotequiero.com.ar\/portal\/wp-json\/wp\/v2\/posts"}],"about":[{"href":"http:\/\/caballitotequiero.com.ar\/portal\/wp-json\/wp\/v2\/types\/post"}],"author":[{"embeddable":true,"href":"http:\/\/caballitotequiero.com.ar\/portal\/wp-json\/wp\/v2\/users\/1"}],"replies":[{"embeddable":true,"href":"http:\/\/caballitotequiero.com.ar\/portal\/wp-json\/wp\/v2\/comments?post=47497"}],"version-history":[{"count":1,"href":"http:\/\/caballitotequiero.com.ar\/portal\/wp-json\/wp\/v2\/posts\/47497\/revisions"}],"predecessor-version":[{"id":47499,"href":"http:\/\/caballitotequiero.com.ar\/portal\/wp-json\/wp\/v2\/posts\/47497\/revisions\/47499"}],"wp:featuredmedia":[{"embeddable":true,"href":"http:\/\/caballitotequiero.com.ar\/portal\/wp-json\/wp\/v2\/media\/47498"}],"wp:attachment":[{"href":"http:\/\/caballitotequiero.com.ar\/portal\/wp-json\/wp\/v2\/media?parent=47497"}],"wp:term":[{"taxonomy":"category","embeddable":true,"href":"http:\/\/caballitotequiero.com.ar\/portal\/wp-json\/wp\/v2\/categories?post=47497"},{"taxonomy":"post_tag","embeddable":true,"href":"http:\/\/caballitotequiero.com.ar\/portal\/wp-json\/wp\/v2\/tags?post=47497"}],"curies":[{"name":"wp","href":"https:\/\/api.w.org\/{rel}","templated":true}]}}