{"id":47554,"date":"2026-04-21T09:18:58","date_gmt":"2026-04-21T12:18:58","guid":{"rendered":"http:\/\/caballitotequiero.com.ar\/portal\/?p=47554"},"modified":"2026-04-22T16:49:59","modified_gmt":"2026-04-22T19:49:59","slug":"cumplio-50-anos-la-junta-de-estudios-historicos-del-caballito","status":"publish","type":"post","link":"http:\/\/caballitotequiero.com.ar\/portal\/2026\/04\/21\/cumplio-50-anos-la-junta-de-estudios-historicos-del-caballito\/","title":{"rendered":"CUMPLI\u00d3 50 A\u00d1OS LA JUNTA DE ESTUDIOS HIST\u00d3RICOS DEL CABALLITO"},"content":{"rendered":"<p>El martes 21 de abril la Junta de Estudios Hist\u00f3ricos del Caballito celebr\u00f3 su medio siglo de vida. El evento tuvo lugar en la Asociaci\u00f3n de Fomento y Biblioteca Popular General Alvear, que es el sitio donde la Junta se reune mensualmente desde hace m\u00e1s de 30 a\u00f1os.<\/p>\n<p>Durante la celebraci\u00f3n hizo uso de la palabra la actual presidente, Marina Bussio para referirse a la historia de la instituci\u00f3n. A continuaci\u00f3n se descubri\u00f3 una placa en el hall se la Asociaci\u00f3n Alvear. Estuvieron presente representantes de diferentes Juntas de Historia, el vicepresidente de la Junta\u00a0 Central de Estudios Hist\u00f3ricos de Buenos Aires, Rub\u00e9n Camillozzi, los integrantes de la Junta Comunal 6, Samanta Pepe e Ignacio Abarca, la presidente de la Asociaci\u00f3n Alvear, Cristina Colombo y miembros de la Junta de Historia de Caballito.<\/p>\n<p>A continuaci\u00f3n, torta mediante, se cant\u00f3 el Feliz Cumplea\u00f1os y se apagaron las velitas. Para finalizar, Nora D\u00edaz, poeta e integrante de la Junta, recit\u00f3 un poema de su autor\u00eda referido a esta celebraci\u00f3n.<\/p>\n<p>La Junta de Estudios Hist\u00f3ricos del Caballito se fund\u00f3 el 21 de abril de 1976. Por entonces ten\u00eda su sede en el club Ferrocarril Oeste y la primera Comisi\u00f3n Directiva estuvo presidida por Fernando Bastide. El primer acto p\u00fablico se realiz\u00f3 en las instalaciones de dicho club el viernes 28 de mayo de 1976. En esa ocasi\u00f3n, Arnaldo Cunietti Ferrando y Emilio Juan Vattuone expusieron sobre el tema Caballito y el viejo partido de San Jos\u00e9 de Flores, siendo nombrados ambos disertantes padrinos de la Junta.<br \/>\nTras la renuncia de Bastide, lo sucedi\u00f3 en la presidencia Graciela P\u00e9rez Villamil. La Junta continu\u00f3 con las tareas de investigaciones barriales y organiz\u00f3, en octubre de 1990, la Primera Jornada de Historia del Barrio del Caballito. Tales jornadas se sucedieron cada a\u00f1o hasta 1999.<br \/>\nEn el mes de diciembre de 1990 tuvo lugar una reestructuraci\u00f3n institucional y se traslad\u00f3 el lugar de reuniones al Club Italiano, ubicado en Av. Rivadavia 4731. Por renuncia de la se\u00f1ora P\u00e9rez Villamil, a partir del 1 de abril de 1994 se eligieron nuevas autoridades y la Comisi\u00f3n Directiva fue presidida por Osvaldo Sidoli. Por entonces, la nueva sede de la Junta era la Asociaci\u00f3n de Fomento y Biblioteca Popular \u201cGeneral Alvear\u201d, sita en Avellaneda 542 del barrio de Caballito. All\u00ed contin\u00faa hasta la actualidad celebrando sus sesiones ordinarias los segundos jueves de cada mes.<\/p>\n<p>En 2004 asumi\u00f3 la presidencia Aquilino Gonz\u00e1lez Podest\u00e1. Lo sucedi\u00f3 Carlos Susini y desde 2025 la presidencia est\u00e1 a cargo de Marina Bussio.<\/p>\n<p><a href=\"http:\/\/caballitotequiero.com.ar\/portal\/wp-content\/uploads\/2026\/04\/junta-50-anos.jpg\"><img loading=\"lazy\" decoding=\"async\" class=\"aligncenter size-full wp-image-47555\" src=\"http:\/\/caballitotequiero.com.ar\/portal\/wp-content\/uploads\/2026\/04\/junta-50-anos.jpg\" alt=\"\" width=\"699\" height=\"499\" srcset=\"http:\/\/caballitotequiero.com.ar\/portal\/wp-content\/uploads\/2026\/04\/junta-50-anos.jpg 699w, http:\/\/caballitotequiero.com.ar\/portal\/wp-content\/uploads\/2026\/04\/junta-50-anos-300x214.jpg 300w, http:\/\/caballitotequiero.com.ar\/portal\/wp-content\/uploads\/2026\/04\/junta-50-anos-260x185.jpg 260w\" sizes=\"auto, (max-width: 699px) 100vw, 699px\" \/><\/a><\/p>\n","protected":false},"excerpt":{"rendered":"<p>El martes 21 de abril la Junta de Estudios Hist\u00f3ricos del Caballito celebr\u00f3 su medio siglo de vida. El evento tuvo lugar en la Asociaci\u00f3n de Fomento y Biblioteca Popular General Alvear, que es el sitio donde la Junta se reune mensualmente desde hace m\u00e1s de 30 a\u00f1os. Durante la celebraci\u00f3n hizo uso de la [&hellip;]<\/p>\n","protected":false},"author":1,"featured_media":47555,"comment_status":"closed","ping_status":"open","sticky":false,"template":"","format":"standard","meta":{"footnotes":""},"categories":[5],"tags":[],"class_list":["post-47554","post","type-post","status-publish","format-standard","has-post-thumbnail","hentry","category-noticias"],"_links":{"self":[{"href":"http:\/\/caballitotequiero.com.ar\/portal\/wp-json\/wp\/v2\/posts\/47554","targetHints":{"allow":["GET"]}}],"collection":[{"href":"http:\/\/caballitotequiero.com.ar\/portal\/wp-json\/wp\/v2\/posts"}],"about":[{"href":"http:\/\/caballitotequiero.com.ar\/portal\/wp-json\/wp\/v2\/types\/post"}],"author":[{"embeddable":true,"href":"http:\/\/caballitotequiero.com.ar\/portal\/wp-json\/wp\/v2\/users\/1"}],"replies":[{"embeddable":true,"href":"http:\/\/caballitotequiero.com.ar\/portal\/wp-json\/wp\/v2\/comments?post=47554"}],"version-history":[{"count":1,"href":"http:\/\/caballitotequiero.com.ar\/portal\/wp-json\/wp\/v2\/posts\/47554\/revisions"}],"predecessor-version":[{"id":47556,"href":"http:\/\/caballitotequiero.com.ar\/portal\/wp-json\/wp\/v2\/posts\/47554\/revisions\/47556"}],"wp:featuredmedia":[{"embeddable":true,"href":"http:\/\/caballitotequiero.com.ar\/portal\/wp-json\/wp\/v2\/media\/47555"}],"wp:attachment":[{"href":"http:\/\/caballitotequiero.com.ar\/portal\/wp-json\/wp\/v2\/media?parent=47554"}],"wp:term":[{"taxonomy":"category","embeddable":true,"href":"http:\/\/caballitotequiero.com.ar\/portal\/wp-json\/wp\/v2\/categories?post=47554"},{"taxonomy":"post_tag","embeddable":true,"href":"http:\/\/caballitotequiero.com.ar\/portal\/wp-json\/wp\/v2\/tags?post=47554"}],"curies":[{"name":"wp","href":"https:\/\/api.w.org\/{rel}","templated":true}]}}