{"id":4778,"date":"2011-12-13T11:02:28","date_gmt":"2011-12-13T14:02:28","guid":{"rendered":"http:\/\/caballitotequiero.com.ar\/portal\/?p=4778"},"modified":"2011-12-13T11:04:58","modified_gmt":"2011-12-13T14:04:58","slug":"inicio-su-gestion-la-junta-de-la-comuna-6-caballito-que-reemplaza-al-cgpc6","status":"publish","type":"post","link":"http:\/\/caballitotequiero.com.ar\/portal\/2011\/12\/13\/inicio-su-gestion-la-junta-de-la-comuna-6-caballito-que-reemplaza-al-cgpc6\/","title":{"rendered":"INICI\u00d3 SU GESTI\u00d3N LA JUNTA DE LA COMUNA 6 CABALLITO QUE REEMPLAZA AL CGPC6"},"content":{"rendered":"<p>El lunes 12 de diciembre a las 10.00, se reunieron los miembros de la Junta Comunal, en el edificio del ex CGPC 6, hoy sede de la Comuna 6 Caballito, Av. D\u00edaz V\u00e9lez 4558.<\/p>\n<p>En el que fuera el despacho del director del CGPC, mantuvieron una reuni\u00f3n los siete miembros de la Junta: Marcelo Iambrich, Alicia Besada, Susana Esp\u00f3sito, Claudio Crespi, Ondina Fraga, Ariel Angrisano y Mart\u00edn Iommi.<\/p>\n<p>Con un gesto de caballerosidad, el presidente de Junta,Marcelo Iambrich, obsequi\u00f3 flores a las comuneras. Luego los siete recorrieron las instalaciones. \u00a0Por el momento, la sede de la comuna ser\u00e1 en el mismo edificio en el que funcionar\u00e1 el CGPC, hasta tanto sean finalizados los trabajos de remodelaci\u00f3n del edificio de la avenida Patricias Argentinas 277.<\/p>\n<p>En este primer d\u00eda de trabajo, el barrio de Caballito, junto a Horizonte, les desean una exitosa gesti\u00f3n.<\/p>\n<p>Su \u00e9xito ser\u00e1 tambi\u00e9n una mejor calidad de vida para los vecinos.<\/p>\n<div id=\"attachment_4781\" style=\"width: 534px\" class=\"wp-caption alignleft\"><img loading=\"lazy\" decoding=\"async\" aria-describedby=\"caption-attachment-4781\" class=\"size-full wp-image-4781\" src=\"http:\/\/caballitotequiero.com.ar\/portal\/wp-content\/uploads\/2011\/12\/0-0-0-0-JUNTA-COMUNAL2.jpg\" alt=\"\" width=\"524\" height=\"393\" srcset=\"http:\/\/caballitotequiero.com.ar\/portal\/wp-content\/uploads\/2011\/12\/0-0-0-0-JUNTA-COMUNAL2.jpg 524w, http:\/\/caballitotequiero.com.ar\/portal\/wp-content\/uploads\/2011\/12\/0-0-0-0-JUNTA-COMUNAL2-300x224.jpg 300w, http:\/\/caballitotequiero.com.ar\/portal\/wp-content\/uploads\/2011\/12\/0-0-0-0-JUNTA-COMUNAL2-80x60.jpg 80w\" sizes=\"auto, (max-width: 524px) 100vw, 524px\" \/><p id=\"caption-attachment-4781\" class=\"wp-caption-text\">Ellas: Alicia Besada, Susana Esp\u00f3sito y Ondina Fraga. Ellos: Mart\u00edn Iommi, Marcelo Iambrich, Ariel Angrisano y Claudio Crespi<\/p><\/div>\n","protected":false},"excerpt":{"rendered":"<p>El lunes 12 de diciembre a las 10.00, se reunieron los miembros de la Junta Comunal, en el edificio del ex CGPC 6, hoy sede de la Comuna 6 Caballito, Av. D\u00edaz V\u00e9lez 4558. En el que fuera el despacho del director del CGPC, mantuvieron una reuni\u00f3n los siete miembros de la Junta: Marcelo Iambrich, [&hellip;]<\/p>\n","protected":false},"author":1,"featured_media":4782,"comment_status":"open","ping_status":"open","sticky":false,"template":"","format":"standard","meta":{"footnotes":""},"categories":[5],"tags":[],"class_list":["post-4778","post","type-post","status-publish","format-standard","has-post-thumbnail","hentry","category-noticias"],"_links":{"self":[{"href":"http:\/\/caballitotequiero.com.ar\/portal\/wp-json\/wp\/v2\/posts\/4778","targetHints":{"allow":["GET"]}}],"collection":[{"href":"http:\/\/caballitotequiero.com.ar\/portal\/wp-json\/wp\/v2\/posts"}],"about":[{"href":"http:\/\/caballitotequiero.com.ar\/portal\/wp-json\/wp\/v2\/types\/post"}],"author":[{"embeddable":true,"href":"http:\/\/caballitotequiero.com.ar\/portal\/wp-json\/wp\/v2\/users\/1"}],"replies":[{"embeddable":true,"href":"http:\/\/caballitotequiero.com.ar\/portal\/wp-json\/wp\/v2\/comments?post=4778"}],"version-history":[{"count":4,"href":"http:\/\/caballitotequiero.com.ar\/portal\/wp-json\/wp\/v2\/posts\/4778\/revisions"}],"predecessor-version":[{"id":4786,"href":"http:\/\/caballitotequiero.com.ar\/portal\/wp-json\/wp\/v2\/posts\/4778\/revisions\/4786"}],"wp:featuredmedia":[{"embeddable":true,"href":"http:\/\/caballitotequiero.com.ar\/portal\/wp-json\/wp\/v2\/media\/4782"}],"wp:attachment":[{"href":"http:\/\/caballitotequiero.com.ar\/portal\/wp-json\/wp\/v2\/media?parent=4778"}],"wp:term":[{"taxonomy":"category","embeddable":true,"href":"http:\/\/caballitotequiero.com.ar\/portal\/wp-json\/wp\/v2\/categories?post=4778"},{"taxonomy":"post_tag","embeddable":true,"href":"http:\/\/caballitotequiero.com.ar\/portal\/wp-json\/wp\/v2\/tags?post=4778"}],"curies":[{"name":"wp","href":"https:\/\/api.w.org\/{rel}","templated":true}]}}