{"id":4798,"date":"2011-12-14T01:06:00","date_gmt":"2011-12-14T04:06:00","guid":{"rendered":"http:\/\/caballitotequiero.com.ar\/portal\/?p=4798"},"modified":"2011-12-14T01:06:00","modified_gmt":"2011-12-14T04:06:00","slug":"del-cgp-a-la-comuna","status":"publish","type":"post","link":"http:\/\/caballitotequiero.com.ar\/portal\/2011\/12\/14\/del-cgp-a-la-comuna\/","title":{"rendered":"DEL CGP A LA COMUNA"},"content":{"rendered":"<p>El 16 de diciembre del 96 se inaugur\u00f3 el primer Centro de Gesti\u00f3n y Participaci\u00f3n que tuvo la ciudad de Buenos Aires, fue el CGP 6\u00a0 en la avenida D\u00edaz V\u00e9lez al 4000, en el barrio de Caballito, as\u00ed, de a poco, se fueron inaugurando un total de 16. Poner en funcionamiento cada CGP cost\u00f3 alrededor de 2,5 millones de pesos. Esta instituci\u00f3n reemplaz\u00f3 a los ex Consejos Vecinales. Los porte\u00f1os encontraron que ten\u00edan un lugar para quejarse, participar, ser escuchados y pedir soluciones de todo tipo. Para los vecinos, la ventaja m\u00e1s clara de esta descentralizaci\u00f3n fue el hecho de no tener que movilizarse hasta el centro cada vez que se encontraban con que ten\u00edan que hacer un tr\u00e1mite. Y desde el Gobierno se aseguraba que desde que se crearon los CGP, resolver los problemas de cada barrio llevaba menos de la tercera parte del tiempo que antes.<\/p>\n<p>En julio 7 de 2006, el Poder Ejecutivo de la Ciudad promulg\u00f3 el Decreto N\u00b0 816 a trav\u00e9s del cual cre\u00f3 quince Centros de Gesti\u00f3n y Participaci\u00f3n Comunal. Con este decreto se anula el CGP n\u00famero 16. Este cambio se orienta a la paulatina implementaci\u00f3n de la Ley N\u00b0 1.777, la cual transform\u00f3 sustancialmente la organizaci\u00f3n pol\u00edtica-administrativa de la Ciudad de Buenos Aires en Comunas.<\/p>\n<p>De esta forma, los Centros de Gesti\u00f3n y Participaci\u00f3n fueron reemplazados por 15 CGP Comunales, que estaban organizados seg\u00fan los l\u00edmites territoriales de la Ley de Comunas.<\/p>\n<p>A partir del 10 de diciembre de 2011, comenzaron a funcionar las Comunas, luego de que se eligieran a los siete miembros que integran las Juntas Comunales.<\/p>\n<p>En el barrio de Caballito fueron 6 los directores que estuvieron al frente del CGP y del CGPC:<\/p>\n<p><strong>Enrique \u201cQuique\u201d Batalla<\/strong> (1996-1997); <strong>Juan Jos\u00e9 Pi de la Serra<\/strong> (1997-2000). Ambos nombrados por Fernando De La Rua.<\/p>\n<p><strong>Fernando Mu\u00f1oz<\/strong> (2000-2003); <strong>Guillermo Agresta<\/strong> (2004-2006) Ambos nombrados por An\u00edbal Ibarra.<\/p>\n<p><strong>Pablo Gordon Daluz<\/strong> (2006-2007) Nombrado por Jorge Telerman.<\/p>\n<p><strong>Marcelo Iambrich<\/strong> (2007-2011) Nombrado por Mauricio Macri.<\/p>\n<p>As\u00ed, a s\u00f3lo dos d\u00edas de cumplir 15 a\u00f1os, \u00a0el viejo CGP 6, inaugurado en 1996, dej\u00f3 de existir para dar paso a la tan anhelada Comuna 6 Caballito.<\/p>\n<div id=\"attachment_4799\" style=\"width: 293px\" class=\"wp-caption alignleft\"><img loading=\"lazy\" decoding=\"async\" aria-describedby=\"caption-attachment-4799\" class=\"size-full wp-image-4799\" src=\"http:\/\/caballitotequiero.com.ar\/portal\/wp-content\/uploads\/2011\/12\/0-cgp-1-batalla.jpg\" alt=\"\" width=\"283\" height=\"348\" srcset=\"http:\/\/caballitotequiero.com.ar\/portal\/wp-content\/uploads\/2011\/12\/0-cgp-1-batalla.jpg 283w, http:\/\/caballitotequiero.com.ar\/portal\/wp-content\/uploads\/2011\/12\/0-cgp-1-batalla-243x300.jpg 243w\" sizes=\"auto, (max-width: 283px) 100vw, 283px\" \/><p id=\"caption-attachment-4799\" class=\"wp-caption-text\">Enrique &quot;Quique&quot; Batalla (UCR)<\/p><\/div>\n<div id=\"attachment_4800\" style=\"width: 293px\" class=\"wp-caption alignleft\"><img loading=\"lazy\" decoding=\"async\" aria-describedby=\"caption-attachment-4800\" class=\"size-full wp-image-4800\" src=\"http:\/\/caballitotequiero.com.ar\/portal\/wp-content\/uploads\/2011\/12\/0-cgp-2-pi-de-la-serra.jpg\" alt=\"\" width=\"283\" height=\"350\" srcset=\"http:\/\/caballitotequiero.com.ar\/portal\/wp-content\/uploads\/2011\/12\/0-cgp-2-pi-de-la-serra.jpg 283w, http:\/\/caballitotequiero.com.ar\/portal\/wp-content\/uploads\/2011\/12\/0-cgp-2-pi-de-la-serra-242x300.jpg 242w\" sizes=\"auto, (max-width: 283px) 100vw, 283px\" \/><p id=\"caption-attachment-4800\" class=\"wp-caption-text\">Juan Jos\u00e9 Pi de la Serra (UCR)<\/p><\/div>\n<div id=\"attachment_4801\" style=\"width: 293px\" class=\"wp-caption alignleft\"><img loading=\"lazy\" decoding=\"async\" aria-describedby=\"caption-attachment-4801\" class=\"size-full wp-image-4801\" src=\"http:\/\/caballitotequiero.com.ar\/portal\/wp-content\/uploads\/2011\/12\/0-cgp-3-mu\u00f1oz.jpg\" alt=\"\" width=\"283\" height=\"418\" srcset=\"http:\/\/caballitotequiero.com.ar\/portal\/wp-content\/uploads\/2011\/12\/0-cgp-3-mu\u00f1oz.jpg 283w, http:\/\/caballitotequiero.com.ar\/portal\/wp-content\/uploads\/2011\/12\/0-cgp-3-mu\u00f1oz-203x300.jpg 203w\" sizes=\"auto, (max-width: 283px) 100vw, 283px\" \/><p id=\"caption-attachment-4801\" class=\"wp-caption-text\">Fernando Mu\u00f1oz (PJ)<\/p><\/div>\n<div id=\"attachment_4802\" style=\"width: 293px\" class=\"wp-caption alignleft\"><img loading=\"lazy\" decoding=\"async\" aria-describedby=\"caption-attachment-4802\" class=\"size-full wp-image-4802\" src=\"http:\/\/caballitotequiero.com.ar\/portal\/wp-content\/uploads\/2011\/12\/0-cgp-4-agresta.jpg\" alt=\"\" width=\"283\" height=\"429\" srcset=\"http:\/\/caballitotequiero.com.ar\/portal\/wp-content\/uploads\/2011\/12\/0-cgp-4-agresta.jpg 283w, http:\/\/caballitotequiero.com.ar\/portal\/wp-content\/uploads\/2011\/12\/0-cgp-4-agresta-197x300.jpg 197w\" sizes=\"auto, (max-width: 283px) 100vw, 283px\" \/><p id=\"caption-attachment-4802\" class=\"wp-caption-text\">Guillermo Agresta (PI)<\/p><\/div>\n<div id=\"attachment_4803\" style=\"width: 293px\" class=\"wp-caption alignleft\"><img loading=\"lazy\" decoding=\"async\" aria-describedby=\"caption-attachment-4803\" class=\"size-full wp-image-4803\" src=\"http:\/\/caballitotequiero.com.ar\/portal\/wp-content\/uploads\/2011\/12\/0-cgp-5-gordon.jpg\" alt=\"\" width=\"283\" height=\"366\" srcset=\"http:\/\/caballitotequiero.com.ar\/portal\/wp-content\/uploads\/2011\/12\/0-cgp-5-gordon.jpg 283w, http:\/\/caballitotequiero.com.ar\/portal\/wp-content\/uploads\/2011\/12\/0-cgp-5-gordon-231x300.jpg 231w\" sizes=\"auto, (max-width: 283px) 100vw, 283px\" \/><p id=\"caption-attachment-4803\" class=\"wp-caption-text\">Pablo Gordon Daluz (Socialista)<\/p><\/div>\n<div id=\"attachment_4804\" style=\"width: 293px\" class=\"wp-caption alignleft\"><img loading=\"lazy\" decoding=\"async\" aria-describedby=\"caption-attachment-4804\" class=\"size-full wp-image-4804\" src=\"http:\/\/caballitotequiero.com.ar\/portal\/wp-content\/uploads\/2011\/12\/0-cgp-6-iambrich.jpg\" alt=\"\" width=\"283\" height=\"345\" srcset=\"http:\/\/caballitotequiero.com.ar\/portal\/wp-content\/uploads\/2011\/12\/0-cgp-6-iambrich.jpg 283w, http:\/\/caballitotequiero.com.ar\/portal\/wp-content\/uploads\/2011\/12\/0-cgp-6-iambrich-246x300.jpg 246w\" sizes=\"auto, (max-width: 283px) 100vw, 283px\" \/><p id=\"caption-attachment-4804\" class=\"wp-caption-text\">Marcelo Iambrich (PRO)<\/p><\/div>\n","protected":false},"excerpt":{"rendered":"<p>El 16 de diciembre del 96 se inaugur\u00f3 el primer Centro de Gesti\u00f3n y Participaci\u00f3n que tuvo la ciudad de Buenos Aires, fue el CGP 6\u00a0 en la avenida D\u00edaz V\u00e9lez al 4000, en el barrio de Caballito, as\u00ed, de a poco, se fueron inaugurando un total de 16. Poner en funcionamiento cada CGP cost\u00f3 [&hellip;]<\/p>\n","protected":false},"author":1,"featured_media":4805,"comment_status":"open","ping_status":"open","sticky":false,"template":"","format":"standard","meta":{"footnotes":""},"categories":[5],"tags":[],"class_list":["post-4798","post","type-post","status-publish","format-standard","has-post-thumbnail","hentry","category-noticias"],"_links":{"self":[{"href":"http:\/\/caballitotequiero.com.ar\/portal\/wp-json\/wp\/v2\/posts\/4798","targetHints":{"allow":["GET"]}}],"collection":[{"href":"http:\/\/caballitotequiero.com.ar\/portal\/wp-json\/wp\/v2\/posts"}],"about":[{"href":"http:\/\/caballitotequiero.com.ar\/portal\/wp-json\/wp\/v2\/types\/post"}],"author":[{"embeddable":true,"href":"http:\/\/caballitotequiero.com.ar\/portal\/wp-json\/wp\/v2\/users\/1"}],"replies":[{"embeddable":true,"href":"http:\/\/caballitotequiero.com.ar\/portal\/wp-json\/wp\/v2\/comments?post=4798"}],"version-history":[{"count":2,"href":"http:\/\/caballitotequiero.com.ar\/portal\/wp-json\/wp\/v2\/posts\/4798\/revisions"}],"predecessor-version":[{"id":4807,"href":"http:\/\/caballitotequiero.com.ar\/portal\/wp-json\/wp\/v2\/posts\/4798\/revisions\/4807"}],"wp:featuredmedia":[{"embeddable":true,"href":"http:\/\/caballitotequiero.com.ar\/portal\/wp-json\/wp\/v2\/media\/4805"}],"wp:attachment":[{"href":"http:\/\/caballitotequiero.com.ar\/portal\/wp-json\/wp\/v2\/media?parent=4798"}],"wp:term":[{"taxonomy":"category","embeddable":true,"href":"http:\/\/caballitotequiero.com.ar\/portal\/wp-json\/wp\/v2\/categories?post=4798"},{"taxonomy":"post_tag","embeddable":true,"href":"http:\/\/caballitotequiero.com.ar\/portal\/wp-json\/wp\/v2\/tags?post=4798"}],"curies":[{"name":"wp","href":"https:\/\/api.w.org\/{rel}","templated":true}]}}