{"id":4816,"date":"2011-12-16T10:44:47","date_gmt":"2011-12-16T13:44:47","guid":{"rendered":"http:\/\/caballitotequiero.com.ar\/portal\/?p=4816"},"modified":"2011-12-16T10:44:47","modified_gmt":"2011-12-16T13:44:47","slug":"buenos-aires-canta-la-navidad-en-caballito","status":"publish","type":"post","link":"http:\/\/caballitotequiero.com.ar\/portal\/2011\/12\/16\/buenos-aires-canta-la-navidad-en-caballito\/","title":{"rendered":"\u00abBUENOS AIRES CANTA LA NAVIDAD\u00bb EN CABALLITO"},"content":{"rendered":"<p>La Direcci\u00f3n General de Cultos invita a disfrutar la Navidad con una serie de conciertos a realizarse en distintas parroquias de la Ciudad de Buenos Aires.<\/p>\n<p>Los conciertos estar\u00e1n a cargo de los coros Regina Coeli, Ensamble Ivrea, Coral Siglo XXI, Buenos Aires C\u00e1mara, D\u00fao Fauaz-Gonz\u00e1lez, St. Gregory&#8217;s, Coro Banco Ciudad, Coral Quinta Arm\u00f3nica, Coral Todos los Santos, Coral St. Brendan\u2019s, Santa Mar\u00eda de los \u00c1ngeles, Trio Giannini-Chacon Oribe- Mas, Ensamble Aedea, Orphenica Lyra y el Coro de la Catedral Metropolitana.<\/p>\n<p>La entrada es libre y gratuita.<\/p>\n<p>En Caballito el concierto ser\u00e1:<\/p>\n<p>Domingo 18 de diciembre, 17. 30 hs<\/p>\n<p>Parroquia Santa Julia &#8211; Juan Bautista Alberdi y V\u00edctor Mart\u00ednez<\/p>\n<p>Coro: Octeto Vocal \u201cAd Hoc\u201d &#8211; Direcci\u00f3n: Sergio Feferovich<\/p>\n<p><img loading=\"lazy\" decoding=\"async\" class=\"alignleft size-full wp-image-4818\" src=\"http:\/\/caballitotequiero.com.ar\/portal\/wp-content\/uploads\/2011\/12\/buenos-aires-navidad.jpg\" alt=\"\" width=\"440\" height=\"314\" srcset=\"http:\/\/caballitotequiero.com.ar\/portal\/wp-content\/uploads\/2011\/12\/buenos-aires-navidad.jpg 440w, http:\/\/caballitotequiero.com.ar\/portal\/wp-content\/uploads\/2011\/12\/buenos-aires-navidad-300x214.jpg 300w\" sizes=\"auto, (max-width: 440px) 100vw, 440px\" \/><\/p>\n","protected":false},"excerpt":{"rendered":"<p>La Direcci\u00f3n General de Cultos invita a disfrutar la Navidad con una serie de conciertos a realizarse en distintas parroquias de la Ciudad de Buenos Aires. Los conciertos estar\u00e1n a cargo de los coros Regina Coeli, Ensamble Ivrea, Coral Siglo XXI, Buenos Aires C\u00e1mara, D\u00fao Fauaz-Gonz\u00e1lez, St. Gregory&#8217;s, Coro Banco Ciudad, Coral Quinta Arm\u00f3nica, Coral [&hellip;]<\/p>\n","protected":false},"author":1,"featured_media":4817,"comment_status":"open","ping_status":"open","sticky":false,"template":"","format":"standard","meta":{"footnotes":""},"categories":[5],"tags":[],"class_list":["post-4816","post","type-post","status-publish","format-standard","has-post-thumbnail","hentry","category-noticias"],"_links":{"self":[{"href":"http:\/\/caballitotequiero.com.ar\/portal\/wp-json\/wp\/v2\/posts\/4816","targetHints":{"allow":["GET"]}}],"collection":[{"href":"http:\/\/caballitotequiero.com.ar\/portal\/wp-json\/wp\/v2\/posts"}],"about":[{"href":"http:\/\/caballitotequiero.com.ar\/portal\/wp-json\/wp\/v2\/types\/post"}],"author":[{"embeddable":true,"href":"http:\/\/caballitotequiero.com.ar\/portal\/wp-json\/wp\/v2\/users\/1"}],"replies":[{"embeddable":true,"href":"http:\/\/caballitotequiero.com.ar\/portal\/wp-json\/wp\/v2\/comments?post=4816"}],"version-history":[{"count":2,"href":"http:\/\/caballitotequiero.com.ar\/portal\/wp-json\/wp\/v2\/posts\/4816\/revisions"}],"predecessor-version":[{"id":4820,"href":"http:\/\/caballitotequiero.com.ar\/portal\/wp-json\/wp\/v2\/posts\/4816\/revisions\/4820"}],"wp:featuredmedia":[{"embeddable":true,"href":"http:\/\/caballitotequiero.com.ar\/portal\/wp-json\/wp\/v2\/media\/4817"}],"wp:attachment":[{"href":"http:\/\/caballitotequiero.com.ar\/portal\/wp-json\/wp\/v2\/media?parent=4816"}],"wp:term":[{"taxonomy":"category","embeddable":true,"href":"http:\/\/caballitotequiero.com.ar\/portal\/wp-json\/wp\/v2\/categories?post=4816"},{"taxonomy":"post_tag","embeddable":true,"href":"http:\/\/caballitotequiero.com.ar\/portal\/wp-json\/wp\/v2\/tags?post=4816"}],"curies":[{"name":"wp","href":"https:\/\/api.w.org\/{rel}","templated":true}]}}