{"id":4822,"date":"2011-12-16T16:27:08","date_gmt":"2011-12-16T19:27:08","guid":{"rendered":"http:\/\/caballitotequiero.com.ar\/portal\/?p=4822"},"modified":"2011-12-16T16:27:08","modified_gmt":"2011-12-16T19:27:08","slug":"fiesta-de-graduacion-en-el-colegio-huergo","status":"publish","type":"post","link":"http:\/\/caballitotequiero.com.ar\/portal\/2011\/12\/16\/fiesta-de-graduacion-en-el-colegio-huergo\/","title":{"rendered":"FIESTA DE GRADUACI\u00d3N EN EL COLEGIO HUERGO"},"content":{"rendered":"<p>La Escuela de Ense\u00f1anza T\u00e9cnica N\u00ba 9, Ing. Luis A. Huergo, naci\u00f3 y perdura con profundas ra\u00edces en el barrio de El Caballito. El pasado 24 de noviembre cumpli\u00f3 su octog\u00e9simo aniversario. Fue creada replicando el modelo del Otto Krasuse para la \u201czona oeste\u201d de la ciudad de Buenos Aires, y se aloj\u00f3 en una vieja casa quinta de fines del siglo XIX en la calle Georgestown 67, hoy Jos\u00e9 Juan Biedma.<\/p>\n<p>Para tan importante cumplea\u00f1os, las autoridades de la misma hab\u00edan organizado una celebraci\u00f3n acorde, con un lucido programa hist\u00f3rico y art\u00edstico. La fecha escogida fue el 4 de noviembre, aniversario de la muerte de su patrono. Lamentablemente ese d\u00eda la Escuela se visti\u00f3 de luto ante la repentina desaparici\u00f3n f\u00edsica e uno de sus colaboradores D. Mario Besozzi. Hubo muchas dificultades para reconvocar a todos los invitados y participantes en otra fecha, por lo que el se\u00f1or Rector, Profesor Rodolfo Mattei, resolvi\u00f3 que se hicieran sendas y sobrias ceremonias en cada uno de los tres turnos, el d\u00eda 24, fecha del aniversario.<\/p>\n<p>La posibilidad de recuperar el brillo perdido, se encontr\u00f3 en los actos de Graduaci\u00f3n de los d\u00edas 1\u00ba y 2 de diciembre. Esta es una ceremonia que el Centro de Egresados organiza sin interrupci\u00f3n desde el a\u00f1o 1963 y donde se entrega a cada uno de los nuevos t\u00e9cnicos una medalla y diploma recordatorio, que reciben con la consiguiente alegr\u00eda compartida con compa\u00f1eros, familiares, amigos y por supuesto, sus docentes. Desde hace unos 15 a\u00f1os tambi\u00e9n se ha sumado la Cooperadora Pr\u00e9stamo de Honor, la que les entrega un recuerdo alusivo. En esta ocasi\u00f3n tambi\u00e9n los docentes aprovecharon la oportunidad para agasajar a colegas que se acogen a la jubilaci\u00f3n, resultando as\u00ed reuniones muy c\u00e1lidas donde interviene toda la comunidad educativa de la Escuela.<\/p>\n<p>El acto se acostumbra a desdoblarlo en dos tandas de casi 100 egresados cada una, respetando la integridad de cada especialidad. Ello es para que la participaci\u00f3n de los familiares y amigos sea mayor. En ambos d\u00edas se incluy\u00f3 el cambio de abanderados entre los que egresan y los alumnos del 5\u00ba a\u00f1o elegidos para reemplazarlos. El Centro de Egresados, la Cooperadora y sendos alumnos elegidos por los j\u00f3venes, hicieron escuchar sus palabras alusivas, celebrando el acto y recordando los 80 a\u00f1os de la Escuela y a su patrono. Por su parte el se\u00f1or Rector, adem\u00e1s y a manera de balance anual de la tarea scolar, destac\u00f3 los logros de los alumnos en los diversos cert\u00e1menes cient\u00edficos, humanistas y deportivos donde participaron llevando la representaci\u00f3n de la Escuela.<\/p>\n<p><strong><span style=\"text-decoration: underline;\">Los referidos logros fueron:<\/span><\/strong><\/p>\n<p><strong>Concurso INNOVAR 2011<\/strong>, organizado por el Ministerio de Ciencia y Tecnolog\u00eda de la Naci\u00f3n: 1\u00ba premio en la categor\u00eda Escuelas T\u00e9cnicas por el proyecto \u201cSembrando peces\u201d<\/p>\n<p><strong>Concurso<\/strong> de la <strong>Feria de Ciencia y Tecnolog\u00eda de la Ciudad de Buenos Aires: <\/strong>1\u00ba premio con igual proyecto.<\/p>\n<p><strong>Concurso<\/strong> de la <strong>Feria de Ciencia y Tecnolog\u00eda de la Naci\u00f3n <\/strong>(Tecn\u00f3polis): \u201cTrabajo Destacado\u201d por igual proyecto anterior. (Solo seis propuestas alcanzaron esta distinci\u00f3n sobre 310 presentadas),<\/p>\n<p><strong>Concurso INTEL<\/strong> en la misma feria y por el mismo proyecto, se obtuvo el derecho a participar en la ISEF (Internacional Sience and Engineering Fair) de Pittsburgh, Pennsylvania, USA, a realizarse del 13 al 18 de mayo de 2012, donde los organizadores esperan reunir 1500 alumnos con sus respectivos proyectos, provenientes de 65 pa\u00edses.<\/p>\n<p><em>El proyecto <strong>\u201cSembrando peces\u201d<\/strong> es una instalaci\u00f3n autom\u00e1tica para la cr\u00eda <\/em><em>de peces monitoreada de manera autom\u00e1tica y a distancia, con el solo uso\u00a0\u00a0\u00a0\u00a0 de un tel\u00e9fono celular inteligente. Cabe destacar que esta tecnolog\u00eda abre paso a nuevas aplicaciones en el futuro cercano. El mismo ha sido llevado a cabo por los alumnos Martin Volpe y Sebasti\u00e1n Alonso, de 6\u00ba a\u00f1o de la Especialidad El\u00e9ctrica con Orientaci\u00f3n Electr\u00f3nica, bajo la gu\u00eda del docente Edgardo V\u00e1zquez.<\/em><\/p>\n<p>En las <strong>Olimp\u00edada Nacional de Construcciones 20011 <\/strong>organizadas por el INET en Mar del Plata, obtuvieron los siguientes lauros:<\/p>\n<ul>\n<li>Materiales de uso en la construcci\u00f3n :<\/li>\n<li> 2\u00ba      puesto Joaqu\u00edn Zapata<\/li>\n<li>3\u00ba puesto Agust\u00edn Alvarez Kaynar<\/li>\n<\/ul>\n<ul>\n<li>Proyecto de vivienda unifamiliar:<\/li>\n<li>3\u00ba puesto Nicholas Snihur<\/li>\n<li>Menci\u00f3n Gaspar Varela<\/li>\n<\/ul>\n<ul>\n<li>C\u00e1lculo de estructura<\/li>\n<li>Menci\u00f3n Federico Gr\u00fcnwaldt<\/li>\n<li><\/li>\n<li>Construcciones de Hormig\u00f3n Armado<\/li>\n<li>1\u00ba puesto Ramiro Cecchetini<\/li>\n<li>Reglas de Arte en Arquitectura<\/li>\n<li> 3\u00ba puesto Luis Rivera &#8211;\u00a0Luciano Virgillito<\/li>\n<li>Menci\u00f3n Mat\u00edas Perrone<\/li>\n<\/ul>\n<ul>\n<li>Integradora Grupal<\/li>\n<li>2\u00ba puesto Selene Acosta<\/li>\n<li>Francisco Matsuyama<\/li>\n<li>Luis Pantano<\/li>\n<li>Octavio Gonz\u00e1lez Natalicchio<\/li>\n<li>Federico Pappalardo<\/li>\n<\/ul>\n<p><strong>Olimp\u00edada Metropolitana<\/strong> organizada por la UBA<\/p>\n<ul>\n<li>En F\u00edsica\u00a0\u00a0\u00a0\u00a0\u00a0\u00a0      2\u00ba premio Nathaniel Puente<\/li>\n<li>En Qu\u00edmica\u00a0\u00a0\u00a0      Participaci\u00f3n en el Programa Elemento Vital<\/li>\n<\/ul>\n<p><strong>Marat\u00f3n Nacional de Lectura<\/strong> organizada por la Fundaci\u00f3n Leer<\/p>\n<ul>\n<li>Participaci\u00f3n de alumnos de 1\u00ba y 4\u00ba a\u00f1o<\/li>\n<\/ul>\n<p>Participaci\u00f3n en <strong>Modelos de la Naciones Unidas<\/strong><\/p>\n<ul>\n<li>IX Modelo Institucional: Primera Distinci\u00f3n<\/li>\n<li>VII Modelo Ciudad de Buenos Aires: Primera      Menci\u00f3n<\/li>\n<li>XI Modelo Regional: Mejor delegaci\u00f3n del      Consejo de Seguridad.<\/li>\n<\/ul>\n<p><em>Un Modelo de Naciones Unidas, es una simulaci\u00f3n del Sistema de la Organiza- ci\u00f3n de las Naciones Unidas en el que participan estudiantes de nivel Medio y Universitario. En ellos, los alumnos representan a los diplom\u00e1ticos de los diferentes pa\u00edses miembros debiendo capacitarse en temas inherentes a su cultura, pol\u00edtica interior y exterior, econom\u00eda y sociedad para debatir y resolver temas de tratamiento real en los \u00f3rganos y comit\u00e9s de la ONU. Por todo ello un Modelo es un evento educativo y cultural de primer nivel que adem\u00e1s de favorecer el crecimiento y la capacitaci\u00f3n acad\u00e9mica de los estudiantes facilita el desarrollo de habilidades, como la oratoria, ret\u00f3rica y negociaci\u00f3n, que son \u00fatiles para la vida personal y profesional de quienes hayan participado.<\/em><\/p>\n<p><strong>Participaci\u00f3n en cert\u00e1menes de Educaci\u00f3n F\u00edsica<\/strong><\/p>\n<ul>\n<li>B\u00e1squet:\u00a0\u00a0      Campe\u00f3n Metropolitano del Equipo A Juvenil<\/li>\n<li>Atletismo: Tercer puesto del Equipo B Juvenil<\/li>\n<li>F\u00fatbol:\u00a0\u00a0\u00a0\u00a0\u00a0\u00a0      Subcampe\u00f3n regional Categor\u00eda Menores<\/li>\n<\/ul>\n<p>3\u00ba Puesto regional en Categor\u00eda Cadetes<\/p>\n<p>3\u00ba Puesto regional en Categor\u00eda Juveniles<\/p>\n<ul>\n<li>Voleibol:\u00a0\u00a0\u00a0      3\u00ba Puesto regional Categor\u00eda Juveniles<\/li>\n<\/ul>\n<p>Agradecemos la colaboraci\u00f3n de Jos\u00e9 Guglielmo<\/p>\n<div id=\"attachment_4823\" style=\"width: 520px\" class=\"wp-caption alignleft\"><img loading=\"lazy\" decoding=\"async\" aria-describedby=\"caption-attachment-4823\" class=\"size-full wp-image-4823\" src=\"http:\/\/caballitotequiero.com.ar\/portal\/wp-content\/uploads\/2011\/12\/0-Huergo-1.jpg\" alt=\"\" width=\"510\" height=\"353\" srcset=\"http:\/\/caballitotequiero.com.ar\/portal\/wp-content\/uploads\/2011\/12\/0-Huergo-1.jpg 510w, http:\/\/caballitotequiero.com.ar\/portal\/wp-content\/uploads\/2011\/12\/0-Huergo-1-300x207.jpg 300w\" sizes=\"auto, (max-width: 510px) 100vw, 510px\" \/><p id=\"caption-attachment-4823\" class=\"wp-caption-text\">Entrada principal de la escuela por Mart\u00edn de Gainza 1050<\/p><\/div>\n<div id=\"attachment_4824\" style=\"width: 520px\" class=\"wp-caption alignleft\"><img loading=\"lazy\" decoding=\"async\" aria-describedby=\"caption-attachment-4824\" class=\"size-full wp-image-4824\" src=\"http:\/\/caballitotequiero.com.ar\/portal\/wp-content\/uploads\/2011\/12\/0-Huergo-2.jpg\" alt=\"\" width=\"510\" height=\"337\" srcset=\"http:\/\/caballitotequiero.com.ar\/portal\/wp-content\/uploads\/2011\/12\/0-Huergo-2.jpg 510w, http:\/\/caballitotequiero.com.ar\/portal\/wp-content\/uploads\/2011\/12\/0-Huergo-2-300x198.jpg 300w\" sizes=\"auto, (max-width: 510px) 100vw, 510px\" \/><p id=\"caption-attachment-4824\" class=\"wp-caption-text\">Comienzo de la ceremonia de graduaci\u00f3n en el patio cubierto.<\/p><\/div>\n<div id=\"attachment_4825\" style=\"width: 520px\" class=\"wp-caption alignleft\"><img loading=\"lazy\" decoding=\"async\" aria-describedby=\"caption-attachment-4825\" class=\"size-full wp-image-4825\" src=\"http:\/\/caballitotequiero.com.ar\/portal\/wp-content\/uploads\/2011\/12\/0-Huergo-3.jpg\" alt=\"\" width=\"510\" height=\"326\" srcset=\"http:\/\/caballitotequiero.com.ar\/portal\/wp-content\/uploads\/2011\/12\/0-Huergo-3.jpg 510w, http:\/\/caballitotequiero.com.ar\/portal\/wp-content\/uploads\/2011\/12\/0-Huergo-3-300x191.jpg 300w\" sizes=\"auto, (max-width: 510px) 100vw, 510px\" \/><p id=\"caption-attachment-4825\" class=\"wp-caption-text\">Abanderados salientes. Detr\u00e1s los entrantes para el 2012, antes de proceder al cambio<\/p><\/div>\n<div id=\"attachment_4826\" style=\"width: 520px\" class=\"wp-caption alignleft\"><img loading=\"lazy\" decoding=\"async\" aria-describedby=\"caption-attachment-4826\" class=\"size-full wp-image-4826\" src=\"http:\/\/caballitotequiero.com.ar\/portal\/wp-content\/uploads\/2011\/12\/0-Huergo-4.jpg\" alt=\"\" width=\"510\" height=\"340\" srcset=\"http:\/\/caballitotequiero.com.ar\/portal\/wp-content\/uploads\/2011\/12\/0-Huergo-4.jpg 510w, http:\/\/caballitotequiero.com.ar\/portal\/wp-content\/uploads\/2011\/12\/0-Huergo-4-300x200.jpg 300w\" sizes=\"auto, (max-width: 510px) 100vw, 510px\" \/><p id=\"caption-attachment-4826\" class=\"wp-caption-text\">Premiaci\u00f3n en Tecn\u00f3polis. Los j\u00f3venes de traje son los realizadores del proyecto laureado \u201cSembrando peces\u201d. Entre ambos el docente tutor Prof. Edgardo V\u00e1zquez. A la izquierda, de blusa rojiza y flanqueada por dos colaboradoras, la vicerrectora Lic. Mar\u00eda Elena Trunbich<\/p><\/div>\n","protected":false},"excerpt":{"rendered":"<p>La Escuela de Ense\u00f1anza T\u00e9cnica N\u00ba 9, Ing. Luis A. Huergo, naci\u00f3 y perdura con profundas ra\u00edces en el barrio de El Caballito. El pasado 24 de noviembre cumpli\u00f3 su octog\u00e9simo aniversario. Fue creada replicando el modelo del Otto Krasuse para la \u201czona oeste\u201d de la ciudad de Buenos Aires, y se aloj\u00f3 en una [&hellip;]<\/p>\n","protected":false},"author":1,"featured_media":4827,"comment_status":"open","ping_status":"open","sticky":false,"template":"","format":"standard","meta":{"footnotes":""},"categories":[5],"tags":[],"class_list":["post-4822","post","type-post","status-publish","format-standard","has-post-thumbnail","hentry","category-noticias"],"_links":{"self":[{"href":"http:\/\/caballitotequiero.com.ar\/portal\/wp-json\/wp\/v2\/posts\/4822","targetHints":{"allow":["GET"]}}],"collection":[{"href":"http:\/\/caballitotequiero.com.ar\/portal\/wp-json\/wp\/v2\/posts"}],"about":[{"href":"http:\/\/caballitotequiero.com.ar\/portal\/wp-json\/wp\/v2\/types\/post"}],"author":[{"embeddable":true,"href":"http:\/\/caballitotequiero.com.ar\/portal\/wp-json\/wp\/v2\/users\/1"}],"replies":[{"embeddable":true,"href":"http:\/\/caballitotequiero.com.ar\/portal\/wp-json\/wp\/v2\/comments?post=4822"}],"version-history":[{"count":2,"href":"http:\/\/caballitotequiero.com.ar\/portal\/wp-json\/wp\/v2\/posts\/4822\/revisions"}],"predecessor-version":[{"id":4829,"href":"http:\/\/caballitotequiero.com.ar\/portal\/wp-json\/wp\/v2\/posts\/4822\/revisions\/4829"}],"wp:featuredmedia":[{"embeddable":true,"href":"http:\/\/caballitotequiero.com.ar\/portal\/wp-json\/wp\/v2\/media\/4827"}],"wp:attachment":[{"href":"http:\/\/caballitotequiero.com.ar\/portal\/wp-json\/wp\/v2\/media?parent=4822"}],"wp:term":[{"taxonomy":"category","embeddable":true,"href":"http:\/\/caballitotequiero.com.ar\/portal\/wp-json\/wp\/v2\/categories?post=4822"},{"taxonomy":"post_tag","embeddable":true,"href":"http:\/\/caballitotequiero.com.ar\/portal\/wp-json\/wp\/v2\/tags?post=4822"}],"curies":[{"name":"wp","href":"https:\/\/api.w.org\/{rel}","templated":true}]}}