{"id":4831,"date":"2011-12-17T22:14:54","date_gmt":"2011-12-18T01:14:54","guid":{"rendered":"http:\/\/caballitotequiero.com.ar\/portal\/?p=4831"},"modified":"2011-12-17T22:14:54","modified_gmt":"2011-12-18T01:14:54","slug":"fin-de-curso-en-el-colegio-damaso-centeno","status":"publish","type":"post","link":"http:\/\/caballitotequiero.com.ar\/portal\/2011\/12\/17\/fin-de-curso-en-el-colegio-damaso-centeno\/","title":{"rendered":"FIN DE CURSO EN EL COLEGIO D\u00c1MASO CENTENO"},"content":{"rendered":"<p>El viernes 16 de diciembre tuvo lugar el acto de fin de curso de los alumnos del nivel medio del Instituto Social Militar Dr. D\u00e1maso Centeno.<\/p>\n<p>El acto cont\u00f3 con la presencia de autoridades militares, del colegio y de diferentes instituciones invitadas.<\/p>\n<p>Gran cantidad de padres y familiares de los alumnos, colmaron el patio del D\u00e1maso Centeno.<\/p>\n<p>El capell\u00e1n del colegio, padre Ra\u00fal Perrupato, bendijo a los presentes y a los premios.<\/p>\n<p>Luego, la profesora In\u00e9s Barriocanal se dirigi\u00f3 a los egresados, cerrando su alocuci\u00f3n con el poema \u201cSi\u201d de Rudyard Kipling.<\/p>\n<p>Durante el acto, como ya es tradici\u00f3n, se entregaron premios a los alumnos destacados en diferentes disciplinas y actividades, a los mejores promedios, mejores compa\u00f1eros y a aquellos que transitaron las aulas desde Jard\u00edn de Infantes hasta 5\u00ba a\u00f1o.<\/p>\n<p>El Regente de Estudios, H\u00e9ctor Hamilton, tuvo a su cargo un emotivo y sentido discurso de despedida a los egresados.<\/p>\n<p>En el cierre del evento, alumnos del nivel medio, ofrecieron diversos n\u00fameros art\u00edsticos en homenaje a sus compa\u00f1eros.<\/p>\n<p>Como en otros a\u00f1os, el cierre de ciclo y entrega de diplomas, fue de una gran emotividad, en especial para aquellos que cumplieron una etapa y se alejan de las aulas.<\/p>\n<div id=\"attachment_4834\" style=\"width: 520px\" class=\"wp-caption alignleft\"><img loading=\"lazy\" decoding=\"async\" aria-describedby=\"caption-attachment-4834\" class=\"size-full wp-image-4834\" src=\"http:\/\/caballitotequiero.com.ar\/portal\/wp-content\/uploads\/2011\/12\/0-damaso-3.jpg\" alt=\"\" width=\"510\" height=\"383\" srcset=\"http:\/\/caballitotequiero.com.ar\/portal\/wp-content\/uploads\/2011\/12\/0-damaso-3.jpg 510w, http:\/\/caballitotequiero.com.ar\/portal\/wp-content\/uploads\/2011\/12\/0-damaso-3-300x225.jpg 300w, http:\/\/caballitotequiero.com.ar\/portal\/wp-content\/uploads\/2011\/12\/0-damaso-3-80x60.jpg 80w\" sizes=\"auto, (max-width: 510px) 100vw, 510px\" \/><p id=\"caption-attachment-4834\" class=\"wp-caption-text\">El Padre Ra\u00fal Perrupato, capell\u00e1n del colegio, bendijo a los alumnos y sus familias.<\/p><\/div>\n<p><img loading=\"lazy\" decoding=\"async\" class=\"alignleft size-full wp-image-4832\" src=\"http:\/\/caballitotequiero.com.ar\/portal\/wp-content\/uploads\/2011\/12\/0-damaso-1.jpg\" alt=\"\" width=\"510\" height=\"383\" srcset=\"http:\/\/caballitotequiero.com.ar\/portal\/wp-content\/uploads\/2011\/12\/0-damaso-1.jpg 510w, http:\/\/caballitotequiero.com.ar\/portal\/wp-content\/uploads\/2011\/12\/0-damaso-1-300x225.jpg 300w, http:\/\/caballitotequiero.com.ar\/portal\/wp-content\/uploads\/2011\/12\/0-damaso-1-80x60.jpg 80w\" sizes=\"auto, (max-width: 510px) 100vw, 510px\" \/><img loading=\"lazy\" decoding=\"async\" class=\"alignleft size-full wp-image-4833\" src=\"http:\/\/caballitotequiero.com.ar\/portal\/wp-content\/uploads\/2011\/12\/0-damaso-2.jpg\" alt=\"\" width=\"510\" height=\"383\" srcset=\"http:\/\/caballitotequiero.com.ar\/portal\/wp-content\/uploads\/2011\/12\/0-damaso-2.jpg 510w, http:\/\/caballitotequiero.com.ar\/portal\/wp-content\/uploads\/2011\/12\/0-damaso-2-300x225.jpg 300w, http:\/\/caballitotequiero.com.ar\/portal\/wp-content\/uploads\/2011\/12\/0-damaso-2-80x60.jpg 80w\" sizes=\"auto, (max-width: 510px) 100vw, 510px\" \/><\/p>\n<div id=\"attachment_4835\" style=\"width: 520px\" class=\"wp-caption alignleft\"><img loading=\"lazy\" decoding=\"async\" aria-describedby=\"caption-attachment-4835\" class=\"size-full wp-image-4835\" src=\"http:\/\/caballitotequiero.com.ar\/portal\/wp-content\/uploads\/2011\/12\/0-damaso-4.jpg\" alt=\"\" width=\"510\" height=\"383\" srcset=\"http:\/\/caballitotequiero.com.ar\/portal\/wp-content\/uploads\/2011\/12\/0-damaso-4.jpg 510w, http:\/\/caballitotequiero.com.ar\/portal\/wp-content\/uploads\/2011\/12\/0-damaso-4-300x225.jpg 300w, http:\/\/caballitotequiero.com.ar\/portal\/wp-content\/uploads\/2011\/12\/0-damaso-4-80x60.jpg 80w\" sizes=\"auto, (max-width: 510px) 100vw, 510px\" \/><p id=\"caption-attachment-4835\" class=\"wp-caption-text\">Profesora In\u00e9s Barriocanal<\/p><\/div>\n<div id=\"attachment_4836\" style=\"width: 520px\" class=\"wp-caption alignleft\"><img loading=\"lazy\" decoding=\"async\" aria-describedby=\"caption-attachment-4836\" class=\"size-full wp-image-4836\" src=\"http:\/\/caballitotequiero.com.ar\/portal\/wp-content\/uploads\/2011\/12\/0-damaso-5.jpg\" alt=\"\" width=\"510\" height=\"753\" srcset=\"http:\/\/caballitotequiero.com.ar\/portal\/wp-content\/uploads\/2011\/12\/0-damaso-5.jpg 510w, http:\/\/caballitotequiero.com.ar\/portal\/wp-content\/uploads\/2011\/12\/0-damaso-5-203x300.jpg 203w\" sizes=\"auto, (max-width: 510px) 100vw, 510px\" \/><p id=\"caption-attachment-4836\" class=\"wp-caption-text\">Alumnos de 5\u00ba a\u00f1o fueron distinguidos por sus calificaciones<\/p><\/div>\n<p><img loading=\"lazy\" decoding=\"async\" class=\"alignleft size-full wp-image-4837\" src=\"http:\/\/caballitotequiero.com.ar\/portal\/wp-content\/uploads\/2011\/12\/0-damaso-6.jpg\" alt=\"\" width=\"510\" height=\"342\" srcset=\"http:\/\/caballitotequiero.com.ar\/portal\/wp-content\/uploads\/2011\/12\/0-damaso-6.jpg 510w, http:\/\/caballitotequiero.com.ar\/portal\/wp-content\/uploads\/2011\/12\/0-damaso-6-300x201.jpg 300w\" sizes=\"auto, (max-width: 510px) 100vw, 510px\" \/><\/p>\n<div id=\"attachment_4838\" style=\"width: 520px\" class=\"wp-caption alignleft\"><img loading=\"lazy\" decoding=\"async\" aria-describedby=\"caption-attachment-4838\" class=\"size-full wp-image-4838\" src=\"http:\/\/caballitotequiero.com.ar\/portal\/wp-content\/uploads\/2011\/12\/0-damaso-7.jpg\" alt=\"\" width=\"510\" height=\"1017\" srcset=\"http:\/\/caballitotequiero.com.ar\/portal\/wp-content\/uploads\/2011\/12\/0-damaso-7.jpg 510w, http:\/\/caballitotequiero.com.ar\/portal\/wp-content\/uploads\/2011\/12\/0-damaso-7-150x300.jpg 150w\" sizes=\"auto, (max-width: 510px) 100vw, 510px\" \/><p id=\"caption-attachment-4838\" class=\"wp-caption-text\">Recibiendo el diploma de egresados<\/p><\/div>\n<div id=\"attachment_4839\" style=\"width: 520px\" class=\"wp-caption alignleft\"><img loading=\"lazy\" decoding=\"async\" aria-describedby=\"caption-attachment-4839\" class=\"size-full wp-image-4839\" src=\"http:\/\/caballitotequiero.com.ar\/portal\/wp-content\/uploads\/2011\/12\/0-damaso-8.jpg\" alt=\"\" width=\"510\" height=\"383\" srcset=\"http:\/\/caballitotequiero.com.ar\/portal\/wp-content\/uploads\/2011\/12\/0-damaso-8.jpg 510w, http:\/\/caballitotequiero.com.ar\/portal\/wp-content\/uploads\/2011\/12\/0-damaso-8-300x225.jpg 300w, http:\/\/caballitotequiero.com.ar\/portal\/wp-content\/uploads\/2011\/12\/0-damaso-8-80x60.jpg 80w\" sizes=\"auto, (max-width: 510px) 100vw, 510px\" \/><p id=\"caption-attachment-4839\" class=\"wp-caption-text\">El regente de Estudios, H\u00e9ctor Hamilton, despidi\u00f3 a los alumnos de 5\u00ba a\u00f1o con emotivas palabras.<\/p><\/div>\n<div id=\"attachment_4840\" style=\"width: 520px\" class=\"wp-caption alignleft\"><img loading=\"lazy\" decoding=\"async\" aria-describedby=\"caption-attachment-4840\" class=\"size-full wp-image-4840\" src=\"http:\/\/caballitotequiero.com.ar\/portal\/wp-content\/uploads\/2011\/12\/0-damaso-9.jpg\" alt=\"\" width=\"510\" height=\"155\" srcset=\"http:\/\/caballitotequiero.com.ar\/portal\/wp-content\/uploads\/2011\/12\/0-damaso-9.jpg 510w, http:\/\/caballitotequiero.com.ar\/portal\/wp-content\/uploads\/2011\/12\/0-damaso-9-300x91.jpg 300w\" sizes=\"auto, (max-width: 510px) 100vw, 510px\" \/><p id=\"caption-attachment-4840\" class=\"wp-caption-text\">El acto concluy\u00f3 con dos n\u00fameros art\u00edsticos dedicados a los egresados.<\/p><\/div>\n<p><br id=\"__mce\" \/><\/p>\n","protected":false},"excerpt":{"rendered":"<p>El viernes 16 de diciembre tuvo lugar el acto de fin de curso de los alumnos del nivel medio del Instituto Social Militar Dr. D\u00e1maso Centeno. El acto cont\u00f3 con la presencia de autoridades militares, del colegio y de diferentes instituciones invitadas. Gran cantidad de padres y familiares de los alumnos, colmaron el patio del [&hellip;]<\/p>\n","protected":false},"author":1,"featured_media":4841,"comment_status":"open","ping_status":"open","sticky":false,"template":"","format":"standard","meta":{"footnotes":""},"categories":[5],"tags":[],"class_list":["post-4831","post","type-post","status-publish","format-standard","has-post-thumbnail","hentry","category-noticias"],"_links":{"self":[{"href":"http:\/\/caballitotequiero.com.ar\/portal\/wp-json\/wp\/v2\/posts\/4831","targetHints":{"allow":["GET"]}}],"collection":[{"href":"http:\/\/caballitotequiero.com.ar\/portal\/wp-json\/wp\/v2\/posts"}],"about":[{"href":"http:\/\/caballitotequiero.com.ar\/portal\/wp-json\/wp\/v2\/types\/post"}],"author":[{"embeddable":true,"href":"http:\/\/caballitotequiero.com.ar\/portal\/wp-json\/wp\/v2\/users\/1"}],"replies":[{"embeddable":true,"href":"http:\/\/caballitotequiero.com.ar\/portal\/wp-json\/wp\/v2\/comments?post=4831"}],"version-history":[{"count":2,"href":"http:\/\/caballitotequiero.com.ar\/portal\/wp-json\/wp\/v2\/posts\/4831\/revisions"}],"predecessor-version":[{"id":4843,"href":"http:\/\/caballitotequiero.com.ar\/portal\/wp-json\/wp\/v2\/posts\/4831\/revisions\/4843"}],"wp:featuredmedia":[{"embeddable":true,"href":"http:\/\/caballitotequiero.com.ar\/portal\/wp-json\/wp\/v2\/media\/4841"}],"wp:attachment":[{"href":"http:\/\/caballitotequiero.com.ar\/portal\/wp-json\/wp\/v2\/media?parent=4831"}],"wp:term":[{"taxonomy":"category","embeddable":true,"href":"http:\/\/caballitotequiero.com.ar\/portal\/wp-json\/wp\/v2\/categories?post=4831"},{"taxonomy":"post_tag","embeddable":true,"href":"http:\/\/caballitotequiero.com.ar\/portal\/wp-json\/wp\/v2\/tags?post=4831"}],"curies":[{"name":"wp","href":"https:\/\/api.w.org\/{rel}","templated":true}]}}