{"id":4855,"date":"2011-12-19T00:34:49","date_gmt":"2011-12-19T03:34:49","guid":{"rendered":"http:\/\/caballitotequiero.com.ar\/portal\/?p=4855"},"modified":"2011-12-31T17:26:00","modified_gmt":"2011-12-31T20:26:00","slug":"elijamos-al-personaje-del-ano-de-caballito","status":"publish","type":"post","link":"http:\/\/caballitotequiero.com.ar\/portal\/2011\/12\/19\/elijamos-al-personaje-del-ano-de-caballito\/","title":{"rendered":"ELIJAMOS AL \u201cPERSONAJE DEL A\u00d1O DE CABALLITO\u201d"},"content":{"rendered":"<p><img loading=\"lazy\" decoding=\"async\" class=\"alignleft size-full wp-image-4857\" src=\"http:\/\/caballitotequiero.com.ar\/portal\/wp-content\/uploads\/2011\/12\/personaje1.jpg\" alt=\"\" width=\"198\" height=\"140\" \/>\u201cCaballito Te Quiero.com.ar\u201d \u00a0y \u201cHorizonte, La Revista de Caballito\u201d, \u00a0invitan a todos los vecinos lectores de esta p\u00e1gina, a enviar un comentario a esta nota, proponiendo el <strong>Personaje del A\u00f1o de Caballito<\/strong>.<\/p>\n<p>Se pueden proponer a personas de Caballito que, por su trabajo, en beneficio del barrio, sus vecinos y\/o de instituciones con pertenencia barrial, merezcan ser conocidos y reconocidos a trav\u00e9s de \u00e9sta p\u00e1gina y el peri\u00f3dico Horizonte.<\/p>\n<p>En el comentario deber\u00e1 figurar nombre y apellido del personaje propuesto y una s\u00edntesis de la actividad por la cual considere que debe ser distinguido.<\/p>\n<p>Las propuestas cierran el s\u00e1bado 31 de diciembre a las 18 horas.<\/p>\n<p>Aquellas personas propuestas formaran parte de la pr\u00f3xima encuesta de esta p\u00e1gina, y el 15 de febrero, D\u00eda de Caballito, se entregar\u00e1 el reconocimiento al \u201cPersonaje del A\u00f1o de Caballito\u201d en el acto p\u00fablico que se realizar\u00e1 en el Parque Rivadavia.<\/p>\n","protected":false},"excerpt":{"rendered":"<p>\u201cCaballito Te Quiero.com.ar\u201d \u00a0y \u201cHorizonte, La Revista de Caballito\u201d, \u00a0invitan a todos los vecinos lectores de esta p\u00e1gina, a enviar un comentario a esta nota, proponiendo el Personaje del A\u00f1o de Caballito. Se pueden proponer a personas de Caballito que, por su trabajo, en beneficio del barrio, sus vecinos y\/o de instituciones con pertenencia barrial, [&hellip;]<\/p>\n","protected":false},"author":1,"featured_media":4856,"comment_status":"open","ping_status":"open","sticky":false,"template":"","format":"standard","meta":{"footnotes":""},"categories":[5],"tags":[],"class_list":["post-4855","post","type-post","status-publish","format-standard","has-post-thumbnail","hentry","category-noticias"],"_links":{"self":[{"href":"http:\/\/caballitotequiero.com.ar\/portal\/wp-json\/wp\/v2\/posts\/4855","targetHints":{"allow":["GET"]}}],"collection":[{"href":"http:\/\/caballitotequiero.com.ar\/portal\/wp-json\/wp\/v2\/posts"}],"about":[{"href":"http:\/\/caballitotequiero.com.ar\/portal\/wp-json\/wp\/v2\/types\/post"}],"author":[{"embeddable":true,"href":"http:\/\/caballitotequiero.com.ar\/portal\/wp-json\/wp\/v2\/users\/1"}],"replies":[{"embeddable":true,"href":"http:\/\/caballitotequiero.com.ar\/portal\/wp-json\/wp\/v2\/comments?post=4855"}],"version-history":[{"count":4,"href":"http:\/\/caballitotequiero.com.ar\/portal\/wp-json\/wp\/v2\/posts\/4855\/revisions"}],"predecessor-version":[{"id":5080,"href":"http:\/\/caballitotequiero.com.ar\/portal\/wp-json\/wp\/v2\/posts\/4855\/revisions\/5080"}],"wp:featuredmedia":[{"embeddable":true,"href":"http:\/\/caballitotequiero.com.ar\/portal\/wp-json\/wp\/v2\/media\/4856"}],"wp:attachment":[{"href":"http:\/\/caballitotequiero.com.ar\/portal\/wp-json\/wp\/v2\/media?parent=4855"}],"wp:term":[{"taxonomy":"category","embeddable":true,"href":"http:\/\/caballitotequiero.com.ar\/portal\/wp-json\/wp\/v2\/categories?post=4855"},{"taxonomy":"post_tag","embeddable":true,"href":"http:\/\/caballitotequiero.com.ar\/portal\/wp-json\/wp\/v2\/tags?post=4855"}],"curies":[{"name":"wp","href":"https:\/\/api.w.org\/{rel}","templated":true}]}}