{"id":5340,"date":"2012-01-28T10:10:39","date_gmt":"2012-01-28T13:10:39","guid":{"rendered":"http:\/\/caballitotequiero.com.ar\/portal\/?p=5340"},"modified":"2012-01-28T10:13:34","modified_gmt":"2012-01-28T13:13:34","slug":"la-red-de-cultura-trabaja-en-el-dia-de-caballito","status":"publish","type":"post","link":"http:\/\/caballitotequiero.com.ar\/portal\/2012\/01\/28\/la-red-de-cultura-trabaja-en-el-dia-de-caballito\/","title":{"rendered":"LA RED DE CULTURA TRABAJA EN \u00abEL D\u00cdA DE CABALLITO\u00bb"},"content":{"rendered":"<p>El 15 de febrero se celebrar\u00e1 el<strong> D\u00eda de Caballito<\/strong>, por tal motivo la <strong>Red de Cultura<\/strong> est\u00e1 organizando una serie de eventos y actividades que se prolongar\u00e1n desde el lunes 13 hasta el s\u00e1bado 18 de febrero, para conmemorar los <strong>191 a\u00f1os del barrio<\/strong>.<\/p>\n<p>Hasta el momento la programaci\u00f3n incluye:<\/p>\n<p>&#8211;\u00a0\u00a0\u00a0\u00a0\u00a0\u00a0 Exposici\u00f3n de Artistas Pl\u00e1sticos en la Asociaci\u00f3n General Alvear<\/p>\n<p>&#8211;\u00a0\u00a0\u00a0\u00a0\u00a0\u00a0 Actividad did\u00e1ctica para ni\u00f1os en el Museo Luis Perlotti<\/p>\n<p>&#8211;\u00a0\u00a0\u00a0\u00a0\u00a0\u00a0 Charla Audiovisual sobre el origen y la historia de Caballito en el Museo Perlotti.<\/p>\n<p>&#8211;\u00a0\u00a0\u00a0\u00a0\u00a0\u00a0 Muestra de Boxeo en Almagro Boxing Club.<\/p>\n<p>&#8211;\u00a0\u00a0\u00a0\u00a0\u00a0\u00a0 Simult\u00e1neas de ajedrez en el Club Ferro Carril Oeste<\/p>\n<p>&#8211;\u00a0\u00a0\u00a0\u00a0\u00a0\u00a0 Scrabble en el Centro Cultural Lola Mora.<\/p>\n<p>&#8211;\u00a0\u00a0\u00a0\u00a0\u00a0\u00a0 Exposici\u00f2n del Club FCO en el Museo Luis Perlotti<\/p>\n<p>&#8211;\u00a0\u00a0\u00a0\u00a0\u00a0\u00a0 Muestra de Autom\u00f3viles de Colecci\u00f3n en Emilio Mitre al 500.<\/p>\n<p>&#8211;\u00a0\u00a0\u00a0\u00a0\u00a0\u00a0 Tango en el Mercado del Progreso<\/p>\n<p>&#8211;\u00a0\u00a0\u00a0\u00a0\u00a0\u00a0 Observaci\u00f3n con telescopio en la Asociaci\u00f3n Amigos de la Astronom\u00eda<\/p>\n<p>Tambi\u00e9n est\u00e1n previstos espect\u00e1culos al aire libre en los parques y plazas de Caballito:<\/p>\n<p><strong> <\/strong><\/p>\n<p><strong>15 de febrero en el Parque Rivadavia<\/strong><\/p>\n<p>. Banda Polic\u00eda Metropolitana<\/p>\n<p>. Grupo San Sebasti\u00e1n<\/p>\n<p>. Sexteto T\u00edpico. Tango<\/p>\n<p>. Los Iracundos<\/p>\n<p>Locuci\u00f3n y animaci\u00f3n: Marina Bussio y H\u00e9ctor N\u00fa\u00f1ez Castro (Revista Horizonte)<\/p>\n<p>Invitado: Fernando Mancini (C5N)<\/p>\n<p><strong>17 de febrero en Plaza Irlanda<\/strong><\/p>\n<p>. Magos Solidarios<\/p>\n<p>. Jorge Arias (cantante y animador)<\/p>\n<p>. Clase abierta de Percusi\u00f3n del Centro Cultural Alberto Olmedo.<\/p>\n<p><strong>18 de febrero en el Anfiteatro del Parque Centenario<\/strong><\/p>\n<p>. \u00a0Sexteto Unitango<\/p>\n<p>. \u00a0\u201cCuerdas al azar\u201d Ensamble<\/p>\n<p><em>.\u00a0 Animaci\u00f3n Fernando Mancini<\/em><\/p>\n<p><em>. Traslado en micro hasta el Tranv\u00eda hist\u00f3rico.<\/em><\/p>\n<p><em>Cierre con espect\u00e1culo de Fuegos Artificiales.<\/em><\/p>\n<p><em> <\/em><\/p>\n<p><em>En breve publicaremos todas las actividades con sus d\u00edas y horarios.<\/em><\/p>\n<p><em>Mientras tanto la Red de Cultura de Caballito, tal cual lo ha hecho en a\u00f1os anteriores, contin\u00faa trabajando para ajustar detalles y lograr que, \u00a0una vez m\u00e1s, los caballitenses disfrutemos de las fiestas del cumplea\u00f1os de nuestro barrio.<\/em><\/p>\n<p><em> <\/em><\/p>\n<p><em><strong>Las instituciones que conforman la organizaci\u00f3n de este evento son:<\/strong><\/em><\/p>\n<p>Comuna 6 GCABA \u2013 Almagro Boxing Club \u2013 Asociaci\u00f3n Amigos del Tranv\u00eda y Biblioteca Popular Federico Lacroze \u2013 Asociaci\u00f3n Civil Caballito Puede \u2013 Asociaci\u00f3n de Fomento General Alvear \u2013 Asociaci\u00f3n Vecinos del Parque Centenario \u2013 Centro Cultural Alberto Olmedo GCABA (Programa Cultural en Barrios) \u2013 Centro Cultural Lola Mora GCABA (Programa Cultural en Barrios) \u2013 Club Ferro Carril Oeste \u2013 Junta de Estudios Hist\u00f3ricos del Caballito \u2013 Museo de Esculturas Luis Perlotti GCABA \u2013 Peri\u00f3dico ABC \u2013 Revista Horizonte <strong> <\/strong><\/p>\n<p><strong>PARTICIPAN<\/strong>: \u00c1gora 21 \u2013 Asociaci\u00f3n Amigos de la Astronom\u00eda \u2013 Asociaci\u00f3n de Amigos y Jubilados de Plaza Irlanda \u2013 Banda de la Polic\u00eda Metropolitana \u2013 Direcci\u00f3n General de M\u00fasica GCABA \u2013 Grupo San Sebasti\u00e1n \u2013 Los Iracundos \u2013 Mercado del progreso \u2013 Red de Magos Solidarios \u2013 Ensamble Cuerdas al Azar \u2013 Roberto Siri, su Sexteto T\u00edpico \u2013 Sexteto Unitango \u2013 Sr. Aldo Fuentes, sonido \u2013 Sr. Fernando Mancini &#8211; Sr. Jorge Arias &#8211; Sra. Norma B\u00e1rbaro<\/p>\n<div id=\"attachment_5342\" style=\"width: 520px\" class=\"wp-caption alignleft\"><img loading=\"lazy\" decoding=\"async\" aria-describedby=\"caption-attachment-5342\" class=\"size-full wp-image-5342\" src=\"http:\/\/caballitotequiero.com.ar\/portal\/wp-content\/uploads\/2012\/01\/0-000-0-red-11.jpg\" alt=\"\" width=\"510\" height=\"383\" srcset=\"http:\/\/caballitotequiero.com.ar\/portal\/wp-content\/uploads\/2012\/01\/0-000-0-red-11.jpg 510w, http:\/\/caballitotequiero.com.ar\/portal\/wp-content\/uploads\/2012\/01\/0-000-0-red-11-300x225.jpg 300w, http:\/\/caballitotequiero.com.ar\/portal\/wp-content\/uploads\/2012\/01\/0-000-0-red-11-80x60.jpg 80w\" sizes=\"auto, (max-width: 510px) 100vw, 510px\" \/><p id=\"caption-attachment-5342\" class=\"wp-caption-text\">Miembros de la Red de Cultura en plana organizaci\u00f3n de las actividades: Arnaldo Goenaga, Susana Esp\u00f3sito y Susana Torchia<\/p><\/div>\n<div id=\"attachment_5343\" style=\"width: 520px\" class=\"wp-caption alignleft\"><img loading=\"lazy\" decoding=\"async\" aria-describedby=\"caption-attachment-5343\" class=\"size-full wp-image-5343\" src=\"http:\/\/caballitotequiero.com.ar\/portal\/wp-content\/uploads\/2012\/01\/0-000-0-red-2.jpg\" alt=\"\" width=\"510\" height=\"383\" srcset=\"http:\/\/caballitotequiero.com.ar\/portal\/wp-content\/uploads\/2012\/01\/0-000-0-red-2.jpg 510w, http:\/\/caballitotequiero.com.ar\/portal\/wp-content\/uploads\/2012\/01\/0-000-0-red-2-300x225.jpg 300w, http:\/\/caballitotequiero.com.ar\/portal\/wp-content\/uploads\/2012\/01\/0-000-0-red-2-80x60.jpg 80w\" sizes=\"auto, (max-width: 510px) 100vw, 510px\" \/><p id=\"caption-attachment-5343\" class=\"wp-caption-text\">Roberto Nardi (FCO), junto a Charlie y Gimena (Museo Perlotti)<\/p><\/div>\n<div id=\"attachment_5344\" style=\"width: 520px\" class=\"wp-caption alignleft\"><img loading=\"lazy\" decoding=\"async\" aria-describedby=\"caption-attachment-5344\" class=\"size-full wp-image-5344\" src=\"http:\/\/caballitotequiero.com.ar\/portal\/wp-content\/uploads\/2012\/01\/0-000-0-red-3.jpg\" alt=\"\" width=\"510\" height=\"383\" srcset=\"http:\/\/caballitotequiero.com.ar\/portal\/wp-content\/uploads\/2012\/01\/0-000-0-red-3.jpg 510w, http:\/\/caballitotequiero.com.ar\/portal\/wp-content\/uploads\/2012\/01\/0-000-0-red-3-300x225.jpg 300w, http:\/\/caballitotequiero.com.ar\/portal\/wp-content\/uploads\/2012\/01\/0-000-0-red-3-80x60.jpg 80w\" sizes=\"auto, (max-width: 510px) 100vw, 510px\" \/><p id=\"caption-attachment-5344\" class=\"wp-caption-text\">Marcelo Hotasegui (Caballito Puede) y Marisa Mor\u00e1n (As. Vecinos del Parque Centenario)<\/p><\/div>\n<div id=\"attachment_5345\" style=\"width: 520px\" class=\"wp-caption alignleft\"><img loading=\"lazy\" decoding=\"async\" aria-describedby=\"caption-attachment-5345\" class=\"size-full wp-image-5345\" src=\"http:\/\/caballitotequiero.com.ar\/portal\/wp-content\/uploads\/2012\/01\/0-000-0-red-4.jpg\" alt=\"\" width=\"510\" height=\"338\" srcset=\"http:\/\/caballitotequiero.com.ar\/portal\/wp-content\/uploads\/2012\/01\/0-000-0-red-4.jpg 510w, http:\/\/caballitotequiero.com.ar\/portal\/wp-content\/uploads\/2012\/01\/0-000-0-red-4-300x198.jpg 300w\" sizes=\"auto, (max-width: 510px) 100vw, 510px\" \/><p id=\"caption-attachment-5345\" class=\"wp-caption-text\">Graciela Gatorna (Centro Cultural Olmedo), Aquilino Gonz\u00e1lez Podest\u00e1 (As. Amigos del Tranv\u00eda) y Roberto Nardi (FCO)<\/p><\/div>\n<div id=\"attachment_5346\" style=\"width: 520px\" class=\"wp-caption alignleft\"><img loading=\"lazy\" decoding=\"async\" aria-describedby=\"caption-attachment-5346\" class=\"size-full wp-image-5346\" title=\"Parte de los integrantes de la Red de Cultura y la satisfacci\u00f3n de las tareas realizadas: Charly (Museo Luis Perlotti), Ana Paulino (As. Vecinos Pque. Centenario), Marina Bussio (Revista Horizonte), Marisa Mor\u00e1n (As. Vecinos Pque. Centenario), Susana Torchia (Area Sociocultural Comuna 6), Arnaldo Goenaga (As. Vecinal Gral. Alvear), Beatriz Oller (As. Vecinos Parque Centenario), Roberto Nardi (FCO), Marcelo Hotasegui (Caballito Puede), Susana Esp\u00f3sito (Junta Comunal Caballito), Liliana Fuente (Caballito Puede), Norma B\u00e1rbaro, Juan Baz\u00e1n (Mercado del Progreso). Abajo: Gimena Dapiano (Museo Luis Perlotti), Graciela Gatorna (Centro Cultural Olmedo), Aquilino Gonz\u00e1lez Podest\u00e1 (As. Amigos del Tranv\u00eda)\" src=\"http:\/\/caballitotequiero.com.ar\/portal\/wp-content\/uploads\/2012\/01\/0-000-0-red-5.jpg\" alt=\"\" width=\"510\" height=\"342\" srcset=\"http:\/\/caballitotequiero.com.ar\/portal\/wp-content\/uploads\/2012\/01\/0-000-0-red-5.jpg 510w, http:\/\/caballitotequiero.com.ar\/portal\/wp-content\/uploads\/2012\/01\/0-000-0-red-5-300x201.jpg 300w\" sizes=\"auto, (max-width: 510px) 100vw, 510px\" \/><p id=\"caption-attachment-5346\" class=\"wp-caption-text\">Parte de los integrantes de la Red de Cultura y la satisfacci\u00f3n de las tareas realizadas: Charly (Museo Luis Perlotti), Ana Paulino (As. Vecinos Pque. Centenario), Marina Bussio (Revista Horizonte), Marisa Mor\u00e1n (As. Vecinos Pque. Centenario), Susana Torchia (Area Sociocultural Comuna 6), Arnaldo Goenaga (As. Vecinal Gral. Alvear), Beatriz Oller (As. Vecinos Parque Centenario), Roberto Nardi (FCO), Marcelo Hotasegui (Caballito Puede), Susana Esp\u00f3sito (Junta Comunal Caballito), Liliana Fuente (Caballito Puede), Norma B\u00e1rbaro, Juan Baz\u00e1n (Mercado del Progreso). Abajo: Gimena Dapiano (Museo Luis Perlotti), Graciela Gatorna (Centro Cultural Olmedo), Aquilino Gonz\u00e1lez Podest\u00e1 (As. Amigos del Tranv\u00eda)<\/p><\/div>\n<p><em> <\/em><\/p>\n","protected":false},"excerpt":{"rendered":"<p>El 15 de febrero se celebrar\u00e1 el D\u00eda de Caballito, por tal motivo la Red de Cultura est\u00e1 organizando una serie de eventos y actividades que se prolongar\u00e1n desde el lunes 13 hasta el s\u00e1bado 18 de febrero, para conmemorar los 191 a\u00f1os del barrio. Hasta el momento la programaci\u00f3n incluye: &#8211;\u00a0\u00a0\u00a0\u00a0\u00a0\u00a0 Exposici\u00f3n de Artistas [&hellip;]<\/p>\n","protected":false},"author":1,"featured_media":5347,"comment_status":"open","ping_status":"open","sticky":false,"template":"","format":"standard","meta":{"footnotes":""},"categories":[5],"tags":[],"class_list":["post-5340","post","type-post","status-publish","format-standard","has-post-thumbnail","hentry","category-noticias"],"_links":{"self":[{"href":"http:\/\/caballitotequiero.com.ar\/portal\/wp-json\/wp\/v2\/posts\/5340","targetHints":{"allow":["GET"]}}],"collection":[{"href":"http:\/\/caballitotequiero.com.ar\/portal\/wp-json\/wp\/v2\/posts"}],"about":[{"href":"http:\/\/caballitotequiero.com.ar\/portal\/wp-json\/wp\/v2\/types\/post"}],"author":[{"embeddable":true,"href":"http:\/\/caballitotequiero.com.ar\/portal\/wp-json\/wp\/v2\/users\/1"}],"replies":[{"embeddable":true,"href":"http:\/\/caballitotequiero.com.ar\/portal\/wp-json\/wp\/v2\/comments?post=5340"}],"version-history":[{"count":3,"href":"http:\/\/caballitotequiero.com.ar\/portal\/wp-json\/wp\/v2\/posts\/5340\/revisions"}],"predecessor-version":[{"id":5349,"href":"http:\/\/caballitotequiero.com.ar\/portal\/wp-json\/wp\/v2\/posts\/5340\/revisions\/5349"}],"wp:featuredmedia":[{"embeddable":true,"href":"http:\/\/caballitotequiero.com.ar\/portal\/wp-json\/wp\/v2\/media\/5347"}],"wp:attachment":[{"href":"http:\/\/caballitotequiero.com.ar\/portal\/wp-json\/wp\/v2\/media?parent=5340"}],"wp:term":[{"taxonomy":"category","embeddable":true,"href":"http:\/\/caballitotequiero.com.ar\/portal\/wp-json\/wp\/v2\/categories?post=5340"},{"taxonomy":"post_tag","embeddable":true,"href":"http:\/\/caballitotequiero.com.ar\/portal\/wp-json\/wp\/v2\/tags?post=5340"}],"curies":[{"name":"wp","href":"https:\/\/api.w.org\/{rel}","templated":true}]}}