{"id":909,"date":"2011-03-06T17:27:24","date_gmt":"2011-03-06T20:27:24","guid":{"rendered":"http:\/\/caballitotequiero.com.ar\/portal\/?p=909"},"modified":"2011-03-06T17:27:24","modified_gmt":"2011-03-06T20:27:24","slug":"6-de-marzo-dia-del-escultor","status":"publish","type":"post","link":"http:\/\/caballitotequiero.com.ar\/portal\/2011\/03\/06\/6-de-marzo-dia-del-escultor\/","title":{"rendered":"6 de MARZO: D\u00cdA DEL ESCULTOR"},"content":{"rendered":"<p>Festejando el D\u00eda Internacional del Escultor el Museo Luis Perlotti conjuntamente con la Asociaci\u00f3n Argentina de Artistas Escultores (AA de AE), convocaron a artistas para participar de una exposici\u00f3n en el Museo.<br \/>\nInauguraci\u00f3n: viernes 11 de marzo a las 19 hs.<br \/>\nHasta el 3 de abril.<\/p>\n<p><img loading=\"lazy\" decoding=\"async\" class=\"alignleft size-full wp-image-910\" title=\"Dia del Escultor\" src=\"http:\/\/caballitotequiero.com.ar\/portal\/wp-content\/uploads\/2011\/03\/Dia-del-Escultor.jpg\" alt=\"\" width=\"510\" height=\"415\" srcset=\"http:\/\/caballitotequiero.com.ar\/portal\/wp-content\/uploads\/2011\/03\/Dia-del-Escultor.jpg 510w, http:\/\/caballitotequiero.com.ar\/portal\/wp-content\/uploads\/2011\/03\/Dia-del-Escultor-300x244.jpg 300w\" sizes=\"auto, (max-width: 510px) 100vw, 510px\" \/><\/p>\n<p>El Museo de Esculturas Luis Perlotti tiene como objetivo difundir el inter\u00e9s por la escultura y la obra de Perlotti, caracterizada por su tem\u00e1tica americanista.<\/p>\n<p>El edificio que ocupa el Museo fue la casa &#8211; taller del artista argentino, donde realiz\u00f3 casi la totalidad de  su obra. Su colecci\u00f3n particular cuenta con los originales de sus principales proyectos. Las exposiciones temporarias que se realizan dan cabida tanto a escultores consagrados como a noveles.<\/p>\n<p>El Museo est\u00e1 ubicado en el barrio de Caballito, centro de la Ciudad de Buenos Aires, donde mantiene una especial injerencia.<\/p>\n<p><span style=\"font-family: Arial, Helvetica, sans-serif;\"><strong>Direcci\u00f3n:<\/strong> <\/span><span style=\"font-family: Arial, Helvetica, sans-serif;\"><br \/>\nPujol 644<br \/>\n<\/span><br \/>\n<span style=\"font-family: Arial, Helvetica, sans-serif;\"><strong>Horario:<\/strong><br \/>\nMartes a viernes 10 a 17 hs.<br \/>\nS\u00e1bados, domingos y feriados de 11.00 a 19.00 hs.<br \/>\nEntrada general: $1<br \/>\nMi\u00e9rcoles y viernes gratis<\/p>\n<p><strong>Tel\u00e9fonos:<br \/>\n<\/strong><\/span><span style=\"font-family: Arial, Helvetica, sans-serif;\">4433-3396<br \/>\n<strong> <\/strong><\/span><\/p>\n<p><span style=\"font-family: Arial, Helvetica, sans-serif;\"><strong><strong>Biblioteca: <\/strong><em><strong><br \/>\n<\/strong><\/em>Martes a viernes de 9.30 a 16 hs. <em><br \/>\n<\/em><span style=\"font-family: Arial, Helvetica, sans-serif;\">E-mail:<\/span><a href=\"mailto:museoperlotti_biblioteca@buenosaires.gob.ar\">museoperlotti_biblioteca@buenosaires.gob.ar<em><strong><br \/>\n<\/strong><\/em><\/a><em><strong><\/strong><\/em><em><strong><br \/>\n<\/strong><\/em><strong>Anexo Casa-taller Ferraro-Battisti<\/strong><em><br \/>\n<\/em>Nicasio Oro\u00f1o 556.<br \/>\nTel\u00e9fono: 4432.5459<\/strong><\/span><\/p>\n","protected":false},"excerpt":{"rendered":"<p>Festejando el D\u00eda Internacional del Escultor el Museo Luis Perlotti conjuntamente con la Asociaci\u00f3n Argentina de Artistas Escultores (AA de AE), convocaron a artistas para participar de una exposici\u00f3n en el Museo. Inauguraci\u00f3n: viernes 11 de marzo a las 19 hs. Hasta el 3 de abril. El Museo de Esculturas Luis Perlotti tiene como objetivo [&hellip;]<\/p>\n","protected":false},"author":1,"featured_media":911,"comment_status":"open","ping_status":"open","sticky":false,"template":"","format":"standard","meta":{"footnotes":""},"categories":[5],"tags":[],"class_list":["post-909","post","type-post","status-publish","format-standard","has-post-thumbnail","hentry","category-noticias"],"_links":{"self":[{"href":"http:\/\/caballitotequiero.com.ar\/portal\/wp-json\/wp\/v2\/posts\/909","targetHints":{"allow":["GET"]}}],"collection":[{"href":"http:\/\/caballitotequiero.com.ar\/portal\/wp-json\/wp\/v2\/posts"}],"about":[{"href":"http:\/\/caballitotequiero.com.ar\/portal\/wp-json\/wp\/v2\/types\/post"}],"author":[{"embeddable":true,"href":"http:\/\/caballitotequiero.com.ar\/portal\/wp-json\/wp\/v2\/users\/1"}],"replies":[{"embeddable":true,"href":"http:\/\/caballitotequiero.com.ar\/portal\/wp-json\/wp\/v2\/comments?post=909"}],"version-history":[{"count":2,"href":"http:\/\/caballitotequiero.com.ar\/portal\/wp-json\/wp\/v2\/posts\/909\/revisions"}],"predecessor-version":[{"id":913,"href":"http:\/\/caballitotequiero.com.ar\/portal\/wp-json\/wp\/v2\/posts\/909\/revisions\/913"}],"wp:featuredmedia":[{"embeddable":true,"href":"http:\/\/caballitotequiero.com.ar\/portal\/wp-json\/wp\/v2\/media\/911"}],"wp:attachment":[{"href":"http:\/\/caballitotequiero.com.ar\/portal\/wp-json\/wp\/v2\/media?parent=909"}],"wp:term":[{"taxonomy":"category","embeddable":true,"href":"http:\/\/caballitotequiero.com.ar\/portal\/wp-json\/wp\/v2\/categories?post=909"},{"taxonomy":"post_tag","embeddable":true,"href":"http:\/\/caballitotequiero.com.ar\/portal\/wp-json\/wp\/v2\/tags?post=909"}],"curies":[{"name":"wp","href":"https:\/\/api.w.org\/{rel}","templated":true}]}}