{"id":914,"date":"2011-03-06T17:52:04","date_gmt":"2011-03-06T20:52:04","guid":{"rendered":"http:\/\/caballitotequiero.com.ar\/portal\/?p=914"},"modified":"2011-03-06T17:56:28","modified_gmt":"2011-03-06T20:56:28","slug":"la-fiebre-amarilla-y-el-tren-funebre","status":"publish","type":"post","link":"http:\/\/caballitotequiero.com.ar\/portal\/2011\/03\/06\/la-fiebre-amarilla-y-el-tren-funebre\/","title":{"rendered":"\u00abLA FIEBRE AMARILLA Y EL TREN F\u00daNEBRE\u00bb"},"content":{"rendered":"<p><strong>La Asociaci\u00f3n Amigos del Tranv\u00eda informa:<\/strong><\/p>\n<p>Una vez m\u00e1s tendremos el honor de comenzar el Ciclo de Conferencias de AAT&amp;BPFL con la historiadora Susana H. Boragno. Ella nos deleitar\u00e1 el pr\u00f3ximo 11 de marzo, con otra de sus apasionantes investigaciones hist\u00f3ricas del transporte porte\u00f1o: el ramal que tendiera el F.C.O. a la zona de la Chacarita en tiempos de la epidemia de Fiebre Amarilla que azot\u00f3 a Buenos Aires en 1871. Un curioso e interesante jal\u00f3n en la historia del ferrocarril en nuestra ciudad.<br \/>\nEl ciclo continuar\u00e1 despues cada primer viernes de mes hasta diciembre&#8230; proximamente difundiremos el programa 2011 completo!<br \/>\nEntrada Libre y gratuita! Los Esperamos!<\/p>\n<p><img loading=\"lazy\" decoding=\"async\" class=\"aligncenter size-full wp-image-918\" title=\"Charla Tranvia\" src=\"http:\/\/caballitotequiero.com.ar\/portal\/wp-content\/uploads\/2011\/03\/Charla-Tranvia1.jpg\" alt=\"\" width=\"510\" height=\"679\" srcset=\"http:\/\/caballitotequiero.com.ar\/portal\/wp-content\/uploads\/2011\/03\/Charla-Tranvia1.jpg 510w, http:\/\/caballitotequiero.com.ar\/portal\/wp-content\/uploads\/2011\/03\/Charla-Tranvia1-225x300.jpg 225w\" sizes=\"auto, (max-width: 510px) 100vw, 510px\" \/><\/p>\n","protected":false},"excerpt":{"rendered":"<p>La Asociaci\u00f3n Amigos del Tranv\u00eda informa: Una vez m\u00e1s tendremos el honor de comenzar el Ciclo de Conferencias de AAT&amp;BPFL con la historiadora Susana H. Boragno. Ella nos deleitar\u00e1 el pr\u00f3ximo 11 de marzo, con otra de sus apasionantes investigaciones hist\u00f3ricas del transporte porte\u00f1o: el ramal que tendiera el F.C.O. a la zona de la [&hellip;]<\/p>\n","protected":false},"author":1,"featured_media":921,"comment_status":"open","ping_status":"open","sticky":false,"template":"","format":"standard","meta":{"footnotes":""},"categories":[5],"tags":[],"class_list":["post-914","post","type-post","status-publish","format-standard","has-post-thumbnail","hentry","category-noticias"],"_links":{"self":[{"href":"http:\/\/caballitotequiero.com.ar\/portal\/wp-json\/wp\/v2\/posts\/914","targetHints":{"allow":["GET"]}}],"collection":[{"href":"http:\/\/caballitotequiero.com.ar\/portal\/wp-json\/wp\/v2\/posts"}],"about":[{"href":"http:\/\/caballitotequiero.com.ar\/portal\/wp-json\/wp\/v2\/types\/post"}],"author":[{"embeddable":true,"href":"http:\/\/caballitotequiero.com.ar\/portal\/wp-json\/wp\/v2\/users\/1"}],"replies":[{"embeddable":true,"href":"http:\/\/caballitotequiero.com.ar\/portal\/wp-json\/wp\/v2\/comments?post=914"}],"version-history":[{"count":4,"href":"http:\/\/caballitotequiero.com.ar\/portal\/wp-json\/wp\/v2\/posts\/914\/revisions"}],"predecessor-version":[{"id":920,"href":"http:\/\/caballitotequiero.com.ar\/portal\/wp-json\/wp\/v2\/posts\/914\/revisions\/920"}],"wp:featuredmedia":[{"embeddable":true,"href":"http:\/\/caballitotequiero.com.ar\/portal\/wp-json\/wp\/v2\/media\/921"}],"wp:attachment":[{"href":"http:\/\/caballitotequiero.com.ar\/portal\/wp-json\/wp\/v2\/media?parent=914"}],"wp:term":[{"taxonomy":"category","embeddable":true,"href":"http:\/\/caballitotequiero.com.ar\/portal\/wp-json\/wp\/v2\/categories?post=914"},{"taxonomy":"post_tag","embeddable":true,"href":"http:\/\/caballitotequiero.com.ar\/portal\/wp-json\/wp\/v2\/tags?post=914"}],"curies":[{"name":"wp","href":"https:\/\/api.w.org\/{rel}","templated":true}]}}